{"id":5087,"date":"2025-09-30T00:20:00","date_gmt":"2025-09-29T22:20:00","guid":{"rendered":"https:\/\/euapp01.newsmemory.com\/lamarseillaise\/news\/?p=5087"},"modified":"2025-10-03T13:08:47","modified_gmt":"2025-10-03T11:08:47","slug":"quand-handicap-culture-et-sport-ne-font-quun","status":"publish","type":"post","link":"https:\/\/euapp01.newsmemory.com\/lamarseillaise\/news\/2025\/09\/30\/quand-handicap-culture-et-sport-ne-font-quun\/","title":{"rendered":"Quand handicap, culture et sport ne font qu\u2019un"},"content":{"rendered":"<div class=\"paragraph\">\n<p><i>\u00ab On est officiellement le premier raid sportif et culturel pour personnes en situation de handicap de France<\/i>\u00a0\u00bb, se r\u00e9jouit Freddy Berthelot, directeur adjoint du p\u00f4le Provence de l\u2019association APF France Handicap et chef de service de la r\u00e9sidence pour personnes en situation de handicap Le\u00a0Terro Flourido \u00e0 Avignon, \u00e0 propos du Raid Handi-Pont organis\u00e9 par la structure. Un \u00e9v\u00e9nement qui se tiendra ces vendredi\u00a03 et samedi 4\u00a0octobre \u00e0 Avignon.<\/p>\n<p>Port\u00e9 par la structure ainsi que par la r\u00e9sidence avignonnaise Le\u00a0Terro Flourido, dont elle assure la gestion, le raid rassemble 13\u00a0\u00e9quipes mixtes compos\u00e9es de 6\u00a0participants, dont 2 en situation de handicap. Et pour l\u2019une des \u00e9preuves, le mythique pont Saint-B\u00e9n\u00e9zet est m\u00eame mobilis\u00e9 pendant deux heures. \u00ab\u00a0<i>On veut montrer que l\u2019on peut tout de m\u00eame tout faire malgr\u00e9 le handicap. On dit tout le temps chez nous que ce ne sont pas des personnes en situation de handicap mais plut\u00f4t des situations handicapantes. On peut relever tous les d\u00e9fis et cette premi\u00e8re \u00e9dition en appelle d\u2019autres<\/i>\u00a0\u00bb, souligne le responsable. \u00ab\u00a0<i>C\u2019est un projet o\u00f9 rien n\u2019a d\u00fb \u00eatre forc\u00e9, tellement il y a une forte implication de tout le monde. On tente de mettre en place des choses pour l\u2019inclusion mais cela prend du temps. Mais quand on partage le travail, cela va plus vite<\/i>\u00a0\u00bb, ajoute Zin\u00e8be Haddaoui, adjointe (PS) \u00e0 la mairie d\u2019Avignon, d\u00e9l\u00e9gu\u00e9e \u00e0 la ville sportive.<\/p>\n<p>Un \u00e9v\u00e9nement pleinement inspir\u00e9 du raid Handi-Forts de Besan\u00e7on, auquel les r\u00e9sidents et la direction du Terro Flourido ont d\u00e9j\u00e0 particip\u00e9 \u00e0 plusieurs reprises pour s\u2019en inspirer. \u00ab\u00a0<i>Comme on est \u00e0 Avignon, on souhaitait rajouter le c\u00f4t\u00e9 culturel. On est des sportifs cultiv\u00e9s ici<\/i><i>\u00a0<\/i>\u00bb, sourit Freddy Berthelot. \u00ab\u00a0<i>Et il y aura une \u00e9quipe de Besan\u00e7on, donc on va y aller \u00e0 fond et ne pas les laisser gagner chez nous<\/i>\u00a0\u00bb, ajoute Fr\u00e9d\u00e9rique Corcoral, adjointe aux quartiers Ouest \u00e0 la mairie d\u2019Avignon.<\/p>\n<\/p><\/div>\n<div class=\"intext\"> Deux temps\n              <\/div>\n<div class=\"paragraph\">\n<p>La journ\u00e9e du vendredi sera d\u00e9di\u00e9e notamment \u00e0 la sensibilisation, autour d\u2019un village d\u2019animation qui se tiendra de 14 \u00e0 18\u00a0heures au centre de loisirs de la Barthelasse, o\u00f9 un temps de rencontre avec les acteurs du Raid Handi-Pont d\u2019Avignon est \u00e9galement pr\u00e9vu.<\/p>\n<p>Le gros de l\u2019\u00e9v\u00e9nement se tiendra sur toute la journ\u00e9e du samedi avec un grand d\u00e9part \u00e0 8\u00a0heures du c\u00f4t\u00e9 de la Plaine des Sports. Les \u00e9quipes s\u2019\u00e9lanceront sur un raid de plus de 19\u00a0kilom\u00e8tres, dont 15 parcourus \u00e0 pied ou \u00e0 bord d\u2019un fauteuil adapt\u00e9, tir\u00e9 ou pouss\u00e9 par les personnes valides de chaque \u00e9quipe. Il y aura aussi un passage par le tramway de la Cit\u00e9 des Papes, dans lequel un briefing sera fait avant l\u2019\u00e9preuve culturelle qui se tiendra, elle, dans l\u2019op\u00e9ra du Grand Avignon, sous forme de quiz. Une collaboration a \u00e9galement \u00e9t\u00e9 faite avec l\u2019\u00e9cole des Nouvelles Images d\u2019Avignon\u00a0: une vid\u00e9o de pr\u00e9sentation, totalement anim\u00e9e par des \u00e9tudiants de l\u2019\u00e9tablissement, est \u00e0 retrouver sur la cha\u00eene YouTube de la r\u00e9sidence Terro Flourido.<\/p>\n<\/p><\/div>\n<div class=\"paragraph\">\n<p><i>Pour les personnes valides souhaitant aider des \u00e9quipes, contact<\/i><i>\u00a0<\/i><i>: mildrede.cossec@apf.asso.fr<\/i><\/p>\n<\/p><\/div>\n","protected":false},"excerpt":{"rendered":"&laquo; On est officiellement le premier raid sportif et culturel pour personnes en situation de handicap de France&nbsp;&raquo;, se r&eacute;jouit Freddy Berthelot, directeur adjoint du p&ocirc;le Provence de l&rsquo;association APF France Handicap &#8230;","protected":false},"author":1,"featured_media":5088,"comment_status":"open","ping_status":"open","sticky":false,"template":"","format":"standard","meta":{"footnotes":""},"categories":[7],"tags":[2443,35,1066,1085,975,171],"news-destination":[],"news-source":[475],"is_homepage":[],"ta_other":[],"class_list":["post-5087","post","type-post","status-publish","format-standard","has-post-thumbnail","hentry","category-sports","tag-centre-de-loisirs","tag-culture","tag-handicap","tag-sensibilisation","tag-sportifs","tag-vaucluse","news-source-website"],"_links":{"self":[{"href":"https:\/\/euapp01.newsmemory.com\/lamarseillaise\/news\/wp-json\/wp\/v2\/posts\/5087","targetHints":{"allow":["GET"]}}],"collection":[{"href":"https:\/\/euapp01.newsmemory.com\/lamarseillaise\/news\/wp-json\/wp\/v2\/posts"}],"about":[{"href":"https:\/\/euapp01.newsmemory.com\/lamarseillaise\/news\/wp-json\/wp\/v2\/types\/post"}],"author":[{"embeddable":true,"href":"https:\/\/euapp01.newsmemory.com\/lamarseillaise\/news\/wp-json\/wp\/v2\/users\/1"}],"replies":[{"embeddable":true,"href":"https:\/\/euapp01.newsmemory.com\/lamarseillaise\/news\/wp-json\/wp\/v2\/comments?post=5087"}],"version-history":[{"count":1,"href":"https:\/\/euapp01.newsmemory.com\/lamarseillaise\/news\/wp-json\/wp\/v2\/posts\/5087\/revisions"}],"predecessor-version":[{"id":5089,"href":"https:\/\/euapp01.newsmemory.com\/lamarseillaise\/news\/wp-json\/wp\/v2\/posts\/5087\/revisions\/5089"}],"wp:featuredmedia":[{"embeddable":true,"href":"https:\/\/euapp01.newsmemory.com\/lamarseillaise\/news\/wp-json\/wp\/v2\/media\/5088"}],"wp:attachment":[{"href":"https:\/\/euapp01.newsmemory.com\/lamarseillaise\/news\/wp-json\/wp\/v2\/media?parent=5087"}],"wp:term":[{"taxonomy":"category","embeddable":true,"href":"https:\/\/euapp01.newsmemory.com\/lamarseillaise\/news\/wp-json\/wp\/v2\/categories?post=5087"},{"taxonomy":"post_tag","embeddable":true,"href":"https:\/\/euapp01.newsmemory.com\/lamarseillaise\/news\/wp-json\/wp\/v2\/tags?post=5087"},{"taxonomy":"news-destination","embeddable":true,"href":"https:\/\/euapp01.newsmemory.com\/lamarseillaise\/news\/wp-json\/wp\/v2\/news-destination?post=5087"},{"taxonomy":"news-source","embeddable":true,"href":"https:\/\/euapp01.newsmemory.com\/lamarseillaise\/news\/wp-json\/wp\/v2\/news-source?post=5087"},{"taxonomy":"is_homepage","embeddable":true,"href":"https:\/\/euapp01.newsmemory.com\/lamarseillaise\/news\/wp-json\/wp\/v2\/is_homepage?post=5087"},{"taxonomy":"ta_other","embeddable":true,"href":"https:\/\/euapp01.newsmemory.com\/lamarseillaise\/news\/wp-json\/wp\/v2\/ta_other?post=5087"}],"curies":[{"name":"wp","href":"https:\/\/api.w.org\/{rel}","templated":true}]}}