{"id":41068,"date":"2026-09-01T17:00:00","date_gmt":"2026-09-01T15:00:00","guid":{"rendered":"https:\/\/euapp01.newsmemory.com\/lamarseillaise\/news\/?p=41068"},"modified":"2026-09-01T17:26:18","modified_gmt":"2026-09-01T15:26:18","slug":"linquietude-monte-chez-perrier","status":"publish","type":"post","link":"https:\/\/euapp01.newsmemory.com\/lamarseillaise\/news\/2026\/09\/01\/linquietude-monte-chez-perrier\/","title":{"rendered":"Dans le Gard, l\u2019inqui\u00e9tude monte chez Perrier"},"content":{"rendered":"<div class=\"paragraph\">\n<p>La confiance est-elle rompue entre les salari\u00e9s de Perrier et la direction de Nestl\u00e9 Waters ? Alors que le scandale des filtres utilis\u00e9s sur le site de Verg\u00e8ze puis la fermeture de la verrerie voisine n\u2019avaient entra\u00een\u00e9 aucune action sur le site Perrier de Verg\u00e8ze, le partenariat sign\u00e9 avec le fonds d\u2019investissement am\u00e9ricain Platinum Equity inqui\u00e8te les salari\u00e9s, qui se sont mis en gr\u00e8ve une heure mercredi 26 ao\u00fbt puis dimanche 30 ao\u00fbt pour les \u00e9quipes du week-end.<\/p>\n<p>Pour rappel, la direction de Nestl\u00e9 a annonc\u00e9 durant l\u2019\u00e9t\u00e9 s\u2019associer avec Platinum Equity pour le rachat de 50% de sa filiale Waters dont la marque Perrier mais aussi Vittel, H\u00e9par, Contrex et San Pellegrino. L\u2019op\u00e9ration porte sur une trentaine de marques en tout. Pour cela, une coentreprise, d\u00e9nomm\u00e9e Peranel, bas\u00e9e au Luxembourg, sera cr\u00e9\u00e9e au premier semestre 2027. Celle-ci est d\u00e9j\u00e0 valoris\u00e9e \u00e0 4,9 milliards d\u2019euros&#8230;<\/p>\n<p>Ce partenariat a \u00e9t\u00e9 pr\u00e9sent\u00e9 aux salari\u00e9s comme le moyen de \u00ab <i>favoriser, au moyen de nouvelles capacit\u00e9s d\u2019investissement et de nouvelles organisations, la croissance et la rentabilit\u00e9 des marques de Nestl\u00e9 dont Perrier, et qu\u2019il s\u2019agirait uniquement d\u2019une simple modification de l\u2019actionnariat sans aucun impact pr\u00e9visible sur les salari\u00e9s des sites fran\u00e7ais<\/i> \u00bb, \u00e9crit l\u2019intersyndicale CGT &#8211; CFE-CGC de Verg\u00e8ze. Mais l\u2019inqui\u00e9tude est finalement mont\u00e9e \u00e0 la suite du Comit\u00e9 social et \u00e9conomique (CSE) du 24 ao\u00fbt dernier.<\/p>\n<p>A l\u2019issue de cette rencontre, les syndicats ont soulign\u00e9 trois points qui ont pouss\u00e9 les salari\u00e9s \u00e0 la gr\u00e8ve. D\u2019abord, ils constate \u00ab <i>que l\u2019objectif d\u2019un fonds d\u2019investissement, de surcro\u00eet \u00e9tranger, est toujours de procurer prioritairement \u00e0 ses actionnaires des dividendes \u00e0 court et moyen termes, quels que soient les moyens utilis\u00e9s pour y parvenir<\/i> \u00bb. Elle regrette ensuite le timing de ce choix strat\u00e9gique : \u00ab <i>Nestl\u00e9, en choisissant &#8211; et pour d\u2019obscures raisons au moment o\u00f9 la r\u00e9putation du groupe est mise \u00e0 mal &#8211; de vendre une partie du capital dans ses activit\u00e9s eau \u00e0 Platinum Equity, abandonne une strat\u00e9gie industrielle autonome, qui a jusqu\u2019\u00e0 ce jour fait la force de Perrier et permis le maintien d\u2019emplois indispensables sur le bassin de Verg\u00e8ze<\/i> \u00bb. Elle regrette enfin le \u00ab <i>manque de transparence<\/i> \u00bb de la direction et la \u00ab <i>dissimulation aux salari\u00e9s de Verg\u00e8ze des modalit\u00e9s, n\u00e9cessairement d\u00e9j\u00e0 n\u00e9goci\u00e9es avec le nouvel actionnaire, concernant l\u2019avenir du site<\/i> \u00bb et s\u2019inqui\u00e8te que \u00ab<i> le pacte d\u2019actionnaires ne soit pas d\u00e9voil\u00e9 et que l\u2019impact social n\u00e9goci\u00e9 sur les organisations et les effectifs ne soit pas r\u00e9v\u00e9l\u00e9<\/i> \u00bb. L\u2019intersyndicale \u00ab<i> exige<\/i> \u00bb enfin de savoir comment l\u2019entreprise sera d\u00e9sormais dirig\u00e9e et s\u2019oppose \u00e0 toute \u00ab <i>remise en cause des acquis sociaux<\/i> \u00bb.<\/p>\n<\/p><\/div>\n<div class=\"intext\"> Les politiques silencieux\n              <\/div>\n<div class=\"paragraph\">\n<p>Si la situation \u00e0 Perrier puis \u00e0 la verrerie avait pouss\u00e9 tous les partis politiques \u00e0 se mobiliser, la vente de 50% de Nestl\u00e9 Waters \u00e0 un fonds d\u2019investissement am\u00e9ricain n\u2019a pas \u00e9mu le monde politique. Seul le PCF appelle \u00e0 \u00ab <i>sauver les emplois industriels<\/i> \u00bb. \u00ab <i>L\u2019arriv\u00e9e d\u2019un fonds de pension am\u00e9ricain cache une autre r\u00e9alit\u00e9. Les temps du capitalisme pr\u00e9dateur sont bien l\u00e0 et les grands groupes mondiaux se livrent une bataille f\u00e9roce pour l\u2019accumulation financi\u00e8re sans fin et sans entrave. La d\u00e9fense des salari\u00e9s.es d\u2019\u00c9minence, de Perrier et de leurs sites est indispensable. Ces luttes doivent \u00e9galement porter l\u2019urgence de la mise en \u0153uvre de dispositifs nationaux et internationaux pour stopper et modifier ce syst\u00e8me capitaliste qui nous m\u00e8ne droit dans le mur<\/i> \u00bb, \u00e9crit Alain Nunez, le secr\u00e9taire de la section Camargue Vidourle.<\/p>\n<p>\u00ab <i>Inqui\u00e8te<\/i> \u00bb de la situation, la secr\u00e9taire g\u00e9n\u00e9rale d\u00e9partementale de la CGT, Marie Dufresne, appelle \u00e0 la vigilance et doit rencontrer prochainement les salari\u00e9s. \u00ab <i>Cette gr\u00e8ve c\u2019est aussi pour montrer \u00e0 la direction que s\u2019ils doivent mener une bataille, ils seront l\u00e0 <\/i>\u00bb, conclut-elle.<\/p>\n<\/p><\/div>\n<div class=\"paragraph\">\n<p>\u00ab Nestl\u00e9 abandonne une strat\u00e9gie industrielle autonome \u00bb<\/p>\n<\/p><\/div>\n","protected":false},"excerpt":{"rendered":"La confiance est-elle rompue entre les salari&eacute;s de Perrier et la direction de Nestl&eacute; Waters ? Alors que le scandale des filtres utilis&eacute;s sur le site de Verg&egrave;ze puis la fermeture de la verrerie voisine n&rsquo;avaient &#8230;","protected":false},"author":1,"featured_media":41069,"comment_status":"open","ping_status":"open","sticky":false,"template":"","format":"standard","meta":{"footnotes":""},"categories":[918,3923,3926,331],"tags":[247,1878,1496,113,238,108,305,306,194,3916,308],"news-destination":[3944],"news-source":[475],"is_homepage":[],"ta_other":[],"class_list":["post-41068","post","type-post","status-publish","format-standard","has-post-thumbnail","hentry","category-accueil","category-accueil-first","category-accueil-merge","category-social","tag-247","tag-capitalisme","tag-cfe-cgc","tag-cgt","tag-gard","tag-investissement","tag-nestle-waters","tag-perrier","tag-social","tag-usa","tag-vergeze","news-destination-homepage","news-source-website"],"_links":{"self":[{"href":"https:\/\/euapp01.newsmemory.com\/lamarseillaise\/news\/wp-json\/wp\/v2\/posts\/41068","targetHints":{"allow":["GET"]}}],"collection":[{"href":"https:\/\/euapp01.newsmemory.com\/lamarseillaise\/news\/wp-json\/wp\/v2\/posts"}],"about":[{"href":"https:\/\/euapp01.newsmemory.com\/lamarseillaise\/news\/wp-json\/wp\/v2\/types\/post"}],"author":[{"embeddable":true,"href":"https:\/\/euapp01.newsmemory.com\/lamarseillaise\/news\/wp-json\/wp\/v2\/users\/1"}],"replies":[{"embeddable":true,"href":"https:\/\/euapp01.newsmemory.com\/lamarseillaise\/news\/wp-json\/wp\/v2\/comments?post=41068"}],"version-history":[{"count":2,"href":"https:\/\/euapp01.newsmemory.com\/lamarseillaise\/news\/wp-json\/wp\/v2\/posts\/41068\/revisions"}],"predecessor-version":[{"id":41071,"href":"https:\/\/euapp01.newsmemory.com\/lamarseillaise\/news\/wp-json\/wp\/v2\/posts\/41068\/revisions\/41071"}],"wp:featuredmedia":[{"embeddable":true,"href":"https:\/\/euapp01.newsmemory.com\/lamarseillaise\/news\/wp-json\/wp\/v2\/media\/41069"}],"wp:attachment":[{"href":"https:\/\/euapp01.newsmemory.com\/lamarseillaise\/news\/wp-json\/wp\/v2\/media?parent=41068"}],"wp:term":[{"taxonomy":"category","embeddable":true,"href":"https:\/\/euapp01.newsmemory.com\/lamarseillaise\/news\/wp-json\/wp\/v2\/categories?post=41068"},{"taxonomy":"post_tag","embeddable":true,"href":"https:\/\/euapp01.newsmemory.com\/lamarseillaise\/news\/wp-json\/wp\/v2\/tags?post=41068"},{"taxonomy":"news-destination","embeddable":true,"href":"https:\/\/euapp01.newsmemory.com\/lamarseillaise\/news\/wp-json\/wp\/v2\/news-destination?post=41068"},{"taxonomy":"news-source","embeddable":true,"href":"https:\/\/euapp01.newsmemory.com\/lamarseillaise\/news\/wp-json\/wp\/v2\/news-source?post=41068"},{"taxonomy":"is_homepage","embeddable":true,"href":"https:\/\/euapp01.newsmemory.com\/lamarseillaise\/news\/wp-json\/wp\/v2\/is_homepage?post=41068"},{"taxonomy":"ta_other","embeddable":true,"href":"https:\/\/euapp01.newsmemory.com\/lamarseillaise\/news\/wp-json\/wp\/v2\/ta_other?post=41068"}],"curies":[{"name":"wp","href":"https:\/\/api.w.org\/{rel}","templated":true}]}}