{"id":41064,"date":"2026-09-01T12:56:00","date_gmt":"2026-09-01T10:56:00","guid":{"rendered":"https:\/\/euapp01.newsmemory.com\/lamarseillaise\/news\/?p=41064"},"modified":"2026-09-01T13:23:06","modified_gmt":"2026-09-01T11:23:06","slug":"pezenas-un-coup-de-pouce-pour-le-budget-rentree","status":"publish","type":"post","link":"https:\/\/euapp01.newsmemory.com\/lamarseillaise\/news\/2026\/09\/01\/pezenas-un-coup-de-pouce-pour-le-budget-rentree\/","title":{"rendered":"P\u00e9zenas : un coup de pouce pour le budget rentr\u00e9e"},"content":{"rendered":"<div class=\"paragraph\">\n<p>Comme chaque ann\u00e9e \u00e0 l\u2019approche de la rentr\u00e9e, le Secours populaire de l\u2019H\u00e9rault (SPF 34) organise et participe \u00e0 des collectes solidaires de fournitures. Diff\u00e9rentes initiatives se d\u00e9roulent dans le d\u00e9partement, comme \u00e0 P\u00e9zenas, en partenariat avec le centre social Ambroise-Croizat.<\/p>\n<p><i>\u00ab<\/i><i>\u00a0<\/i><i>On r\u00e9ceptionne dans nos locaux des dons de fournitures neuves ou en tr\u00e8s bon \u00e9tat<\/i><i>\u00a0<\/i><i>\u00bb, <\/i>indique Sophie Lebouc, charg\u00e9e de l\u2019accueil et des animations du centre social. <i>\u00ab<\/i><i>\u00a0<\/i><i>Nous mettons un point d\u2019honneur \u00e0 ce que chacun puisse d\u00e9marrer l\u2019ann\u00e9e dans de bonnes conditions. Or la rentr\u00e9e a un vrai co\u00fbt pour certaines familles<\/i><i>\u00a0<\/i><i>\u00bb<\/i>, poursuit-elle. <i>\u00ab<\/i><i>\u00a0<\/i><i>Les familles qu\u2019on accueille ont des revenus de plus en plus faibles<\/i><i>\u00a0<\/i><i>\u00bb, <\/i>confirme<i> <\/i>Martine Girault, secr\u00e9taire du comit\u00e9 du Secours populaire de P\u00e9zenas, qui r\u00e9cup\u00e8re et distribue les fournitures collect\u00e9es par le centre social. <i>\u00ab<\/i>\u00a0<i>Elles disposent d\u2019environ 2<\/i><i>\u00a0<\/i><i>euros ou moins par jour et par personne pour vivre. Donc un cahier \u00e0 1,5 euro ou 2 euros, c\u2019est beaucoup<\/i><i>\u00a0<\/i><i>\u00bb<\/i>, insiste-t-elle.<\/p>\n<\/p><\/div>\n<div class=\"intext\"> \u00c9galement une aide \u00e0 la pratique sportive et culturelle\n              <\/div>\n<div class=\"paragraph\">\n<p>L\u2019allocation rentr\u00e9e scolaire (ARS), vers\u00e9e \u00e0 certaines familles sous conditions de ressources pour un montant allant de 426,87 \u00e0 466,02\u00a0euros en fonction de l\u2019\u00e2ge de l\u2019enfant, constitue bien s\u00fbr une aide pr\u00e9cieuse, <i>\u00ab<\/i><i>\u00a0<\/i><i>mais elle fond tr\u00e8s vite et n\u2019est pas toujours suffisante. Car les familles doivent respecter ces fameuses listes qui d\u00e9taillent les fournitures pour chaque mati\u00e8re. Il y a aussi le fait qu\u2019on veut faire plaisir \u00e0 son enfant, qu\u2019il a grandi, qu\u2019il faut lui acheter des chaussures neuves, des v\u00eatements&#8230;<\/i><i>\u00a0<\/i><i>\u00bb<\/i><\/p>\n<p>Cette ann\u00e9e, \u00e0 P\u00e9zenas, l\u2019aide en mati\u00e8re de fournitures scolaires est cibl\u00e9e sur les coll\u00e9giens, qui sont environ 70. Une premi\u00e8re distribution a eu lieu le 26\u00a0ao\u00fbt <i>\u00ab<\/i><i>\u00a0<\/i><i>car les familles sont soucieuses que leurs enfants fassent leur rentr\u00e9e avec du mat\u00e9riel<\/i><i>\u00a0<\/i><i>\u00bb<\/i>, mais la collecte se prolonge jusqu\u2019au 3\u00a0septembre et les familles b\u00e9n\u00e9ficiaires pourront ensuite ajuster en fonction de leurs besoins.<\/p>\n<p>Depuis plusieurs ann\u00e9es, la F\u00e9d\u00e9ration du Secours populaire de l\u2019H\u00e9rault propose \u00e9galement, \u00e0 la rentr\u00e9e, une aide \u00e0 la pratique sportive et culturelle, <i>\u00ab<\/i><i>\u00a0<\/i><i>tr\u00e8s appr\u00e9ci\u00e9e par les familles<\/i><i>\u00a0<\/i><i>\u00a0<\/i><i>\u00bb<\/i><i>. <\/i><i>\u00ab<\/i><i>\u00a0<\/i><i>Ces enfants doivent pouvoir avoir des activit\u00e9s comme les autres. Or la pratique sportive et culturelle reste ch\u00e8re. On contribue donc au paiement d\u2019une partie de l\u2019activit\u00e9 choisie. Sur P\u00e9zenas, cela concerne 35<\/i><i>\u00a0<\/i><i>enfants. On a un budget de plus de 2<\/i><i>\u00a0<\/i><i>000<\/i><i>\u00a0<\/i><i>euros pour aider ces familles.<\/i><i>\u00a0<\/i><i>\u00bb <\/i>De son c\u00f4t\u00e9, le centre social Ambroise-Croizat organise \u00e9galement cette ann\u00e9e, en partenariat avec le Lieu Ressources de P\u00e9zenas, une op\u00e9ration de lutte contre la fracture num\u00e9rique en collectant des ordinateurs portables inutilis\u00e9s. Les \u00e9quipements r\u00e9cup\u00e9r\u00e9s seront reconditionn\u00e9s par le Lieu Ressources avant d\u2019\u00eatre redistribu\u00e9s \u00e0 des personnes qui en ont besoin.<\/p>\n<\/p><\/div>\n","protected":false},"excerpt":{"rendered":"Comme chaque ann&eacute;e &agrave; l&rsquo;approche de la rentr&eacute;e, le Secours populaire de l&rsquo;H&eacute;rault (SPF 34) organise et participe &agrave; des collectes solidaires de fournitures. Diff&eacute;rentes initiatives se &#8230;","protected":false},"author":1,"featured_media":41065,"comment_status":"open","ping_status":"open","sticky":false,"template":"","format":"standard","meta":{"footnotes":""},"categories":[918,3926,3925,20],"tags":[754,3488,239,1718,271,716,712,260,1238],"news-destination":[3944],"news-source":[475],"is_homepage":[],"ta_other":[],"class_list":["post-41064","post","type-post","status-publish","format-standard","has-post-thumbnail","hentry","category-accueil","category-accueil-merge","category-accueil-third","category-societe","tag-familles","tag-fournitures","tag-herault","tag-pezenas","tag-precarite","tag-rentree","tag-rentree-scolaire","tag-solidarite","tag-spf-34","news-destination-homepage","news-source-website"],"_links":{"self":[{"href":"https:\/\/euapp01.newsmemory.com\/lamarseillaise\/news\/wp-json\/wp\/v2\/posts\/41064","targetHints":{"allow":["GET"]}}],"collection":[{"href":"https:\/\/euapp01.newsmemory.com\/lamarseillaise\/news\/wp-json\/wp\/v2\/posts"}],"about":[{"href":"https:\/\/euapp01.newsmemory.com\/lamarseillaise\/news\/wp-json\/wp\/v2\/types\/post"}],"author":[{"embeddable":true,"href":"https:\/\/euapp01.newsmemory.com\/lamarseillaise\/news\/wp-json\/wp\/v2\/users\/1"}],"replies":[{"embeddable":true,"href":"https:\/\/euapp01.newsmemory.com\/lamarseillaise\/news\/wp-json\/wp\/v2\/comments?post=41064"}],"version-history":[{"count":1,"href":"https:\/\/euapp01.newsmemory.com\/lamarseillaise\/news\/wp-json\/wp\/v2\/posts\/41064\/revisions"}],"predecessor-version":[{"id":41066,"href":"https:\/\/euapp01.newsmemory.com\/lamarseillaise\/news\/wp-json\/wp\/v2\/posts\/41064\/revisions\/41066"}],"wp:featuredmedia":[{"embeddable":true,"href":"https:\/\/euapp01.newsmemory.com\/lamarseillaise\/news\/wp-json\/wp\/v2\/media\/41065"}],"wp:attachment":[{"href":"https:\/\/euapp01.newsmemory.com\/lamarseillaise\/news\/wp-json\/wp\/v2\/media?parent=41064"}],"wp:term":[{"taxonomy":"category","embeddable":true,"href":"https:\/\/euapp01.newsmemory.com\/lamarseillaise\/news\/wp-json\/wp\/v2\/categories?post=41064"},{"taxonomy":"post_tag","embeddable":true,"href":"https:\/\/euapp01.newsmemory.com\/lamarseillaise\/news\/wp-json\/wp\/v2\/tags?post=41064"},{"taxonomy":"news-destination","embeddable":true,"href":"https:\/\/euapp01.newsmemory.com\/lamarseillaise\/news\/wp-json\/wp\/v2\/news-destination?post=41064"},{"taxonomy":"news-source","embeddable":true,"href":"https:\/\/euapp01.newsmemory.com\/lamarseillaise\/news\/wp-json\/wp\/v2\/news-source?post=41064"},{"taxonomy":"is_homepage","embeddable":true,"href":"https:\/\/euapp01.newsmemory.com\/lamarseillaise\/news\/wp-json\/wp\/v2\/is_homepage?post=41064"},{"taxonomy":"ta_other","embeddable":true,"href":"https:\/\/euapp01.newsmemory.com\/lamarseillaise\/news\/wp-json\/wp\/v2\/ta_other?post=41064"}],"curies":[{"name":"wp","href":"https:\/\/api.w.org\/{rel}","templated":true}]}}