{"id":41061,"date":"2026-09-01T12:57:00","date_gmt":"2026-09-01T10:57:00","guid":{"rendered":"https:\/\/euapp01.newsmemory.com\/lamarseillaise\/news\/?p=41061"},"modified":"2026-09-01T13:23:06","modified_gmt":"2026-09-01T11:23:06","slug":"a-nimes-la-reforme-de-la-pjj-inquiete","status":"publish","type":"post","link":"https:\/\/euapp01.newsmemory.com\/lamarseillaise\/news\/2026\/09\/01\/a-nimes-la-reforme-de-la-pjj-inquiete\/","title":{"rendered":"\u00c0 N\u00eemes, la r\u00e9forme de la PJJ inqui\u00e8te"},"content":{"rendered":"<div class=\"paragraph\">\n<p>Fin juin, devant le tribunal judiciaire de N\u00eemes, une quinzaine d\u2019agents de la Protection judiciaire de la jeunesse (PJJ) avaient sorti les banderoles pour d\u00e9noncer des \u00e9quipes \u00e0 bout, des postes supprim\u00e9s et des mesures qui s\u2019empilent. Deux mois plus tard, alors que ces difficult\u00e9s ne sont pas r\u00e9sorb\u00e9es, une nouvelle r\u00e9forme doit entrer en vigueur le 1<sup>er<\/sup>\u00a0septembre. \u00c0 N\u00eemes, l\u2019unit\u00e9 \u00e9ducative d\u2019h\u00e9bergement collectif (UEHC) et le centre \u00e9ducatif ferm\u00e9 (CEF) doivent devenir des unit\u00e9s judiciaires \u00e0 priorit\u00e9 \u00e9ducative (UJPE), dans le cadre d\u2019une r\u00e9organisation nationale de l\u2019h\u00e9bergement public de la PJJ.<\/p>\n<p>Sur le papier, le changement vise \u00e0 regrouper sous une m\u00eame appellation les anciens CEF et UEHC. Mais dans le Gard-Loz\u00e8re, la r\u00e9forme s\u2019accompagne d\u2019une restructuration qui nourrit la col\u00e8re de la CGT-PJJ. Dans son dossier technique, le syndicat affirme que le nouveau cahier des charges pr\u00e9voit cinq \u00e9quivalents temps plein en moins pour le CEF, contre deux postes suppl\u00e9mentaires pour l\u2019ancienne UEHC, un psychologue et un infirmier. Une r\u00e9forme que la CGT estime d\u2019abord dict\u00e9e par des contraintes budg\u00e9taires, \u00ab\u00a0<i>pour \u00e9viter toute cr\u00e9ation de poste de directeur et maintenir l\u2019op\u00e9ration \u00e0 co\u00fbt constant<\/i>\u00a0\u00bb.<\/p>\n<\/p><\/div>\n<div class=\"intext\"> \u00ab\u00a0Une priorit\u00e9 \u00e9ducative qui n\u2019en a que le nom\u00a0\u00bb\n              <\/div>\n<div class=\"paragraph\">\n<p>Le projet pr\u00e9voit notamment de rattacher l\u2019ancien CEF \u00e0 l\u2019UEMO des Ar\u00e8nes, une unit\u00e9 de milieu ouvert, sous une m\u00eame direction. Une association que la CGT juge incoh\u00e9rente\u00a0: l\u2019h\u00e9bergement impose une forte disponibilit\u00e9 le soir et le week-end, quand le milieu ouvert fonctionne surtout en journ\u00e9e. \u00ab\u00a0<i>Ce montage associerait deux logiques organisationnelles et \u00e9ducatives profond\u00e9ment diff\u00e9rentes<\/i>\u00a0\u00bb, d\u00e9taille le syndicat, qui pr\u00e9vient qu\u2019\u00ab\u00a0<i>une telle organisation placerait in\u00e9vitablement la direction dans une tension permanente et produirait un projet de service difficilement lisible<\/i><i>\u00a0<\/i>\u00bb.<\/p>\n<p>La m\u00e9thode est elle aussi contest\u00e9e. La CGT rappelle que, d\u00e8s le 10\u00a0mars, la publication de la nouvelle \u00ab\u00a0nomenclature des services\u00a0\u00bb avait d\u00e9j\u00e0 act\u00e9, selon elle, la future cartographie, avant m\u00eame la consultation formelle des repr\u00e9sentants du personnel. Son contre-projet n\u2019a ensuite pas \u00e9t\u00e9 retenu, m\u00eame pas entendu. L\u2019incompr\u00e9hension est d\u2019autant plus forte que le CEF de N\u00eemes doit, selon elle, fermer deux ans pour travaux d\u00e8s le 1<sup>er<\/sup>\u00a0septembre. \u00ab\u00a0<i>Pourquoi une telle pr\u00e9cipitation<\/i><i>\u00a0<\/i><i>?<\/i>\u00a0\u00bb, interroge le syndicat.<\/p>\n<p>Ces inqui\u00e9tudes ne surgissent pas de nulle part. Le 29\u00a0juin, lors de la mobilisation n\u00eemoise, Josselin Valdenaire, secr\u00e9taire g\u00e9n\u00e9ral de la CGT-PJJ Gard-Loz\u00e8re, dressait d\u00e9j\u00e0 le tableau d\u2019un service sous pression. Selon lui, environ 130\u00a0agents suivent plus de 750\u00a0jeunes dans le Gard et la Loz\u00e8re, tandis que 105\u00a0mesures judiciaires restaient alors en attente de prise en charge. \u00ab\u00a0<i>Un \u00e9ducateur accompagne 25<\/i><i>\u00a0<\/i><i>mineurs en continu. Je vous laisse faire le calcul<\/i>\u00a0\u00bb, alertait-il.<\/p>\n<p>Pour le syndicaliste, le manque de moyens compromet directement la pr\u00e9vention de la r\u00e9cidive. \u00ab\u00a0<i>Dans 85% des cas, un mineur primo-d\u00e9linquant bien pris en charge ne retourne plus jamais devant la justice<\/i>\u00a0\u00bb, insistait-il. D\u2019o\u00f9 sa d\u00e9fiance envers une r\u00e9forme qui revendique une \u00ab\u00a0<i>priorit\u00e9 \u00e9ducative<\/i>\u00a0\u00bb alors que les \u00e9quipes r\u00e9clament d\u2019abord du temps, des bras et de la stabilit\u00e9. \u00ab\u00a0<i>Une priorit\u00e9 \u00e9ducative qui n\u2019en a que le nom<\/i>\u00a0\u00bb, r\u00e9sumait-il fin juin.<\/p>\n<\/p><\/div>\n","protected":false},"excerpt":{"rendered":"Fin juin, devant le tribunal judiciaire de N&icirc;mes, une quinzaine d&rsquo;agents de la Protection judiciaire de la jeunesse (PJJ) avaient sorti les banderoles pour d&eacute;noncer des &eacute;quipes &agrave; bout, des postes supprim&eacute;s et &#8230;","protected":false},"author":1,"featured_media":41062,"comment_status":"open","ping_status":"open","sticky":false,"template":"","format":"standard","meta":{"footnotes":""},"categories":[918,3923,3926,331],"tags":[195,1753,238,200,253,241,251,1743],"news-destination":[3944],"news-source":[475],"is_homepage":[],"ta_other":[],"class_list":["post-41061","post","type-post","status-publish","format-standard","has-post-thumbnail","hentry","category-accueil","category-accueil-first","category-accueil-merge","category-social","tag-conditions-de-travail","tag-educateurs","tag-gard","tag-justice","tag-mineurs","tag-nimes","tag-pjj","tag-tribunal-judiciaire","news-destination-homepage","news-source-website"],"_links":{"self":[{"href":"https:\/\/euapp01.newsmemory.com\/lamarseillaise\/news\/wp-json\/wp\/v2\/posts\/41061","targetHints":{"allow":["GET"]}}],"collection":[{"href":"https:\/\/euapp01.newsmemory.com\/lamarseillaise\/news\/wp-json\/wp\/v2\/posts"}],"about":[{"href":"https:\/\/euapp01.newsmemory.com\/lamarseillaise\/news\/wp-json\/wp\/v2\/types\/post"}],"author":[{"embeddable":true,"href":"https:\/\/euapp01.newsmemory.com\/lamarseillaise\/news\/wp-json\/wp\/v2\/users\/1"}],"replies":[{"embeddable":true,"href":"https:\/\/euapp01.newsmemory.com\/lamarseillaise\/news\/wp-json\/wp\/v2\/comments?post=41061"}],"version-history":[{"count":1,"href":"https:\/\/euapp01.newsmemory.com\/lamarseillaise\/news\/wp-json\/wp\/v2\/posts\/41061\/revisions"}],"predecessor-version":[{"id":41063,"href":"https:\/\/euapp01.newsmemory.com\/lamarseillaise\/news\/wp-json\/wp\/v2\/posts\/41061\/revisions\/41063"}],"wp:featuredmedia":[{"embeddable":true,"href":"https:\/\/euapp01.newsmemory.com\/lamarseillaise\/news\/wp-json\/wp\/v2\/media\/41062"}],"wp:attachment":[{"href":"https:\/\/euapp01.newsmemory.com\/lamarseillaise\/news\/wp-json\/wp\/v2\/media?parent=41061"}],"wp:term":[{"taxonomy":"category","embeddable":true,"href":"https:\/\/euapp01.newsmemory.com\/lamarseillaise\/news\/wp-json\/wp\/v2\/categories?post=41061"},{"taxonomy":"post_tag","embeddable":true,"href":"https:\/\/euapp01.newsmemory.com\/lamarseillaise\/news\/wp-json\/wp\/v2\/tags?post=41061"},{"taxonomy":"news-destination","embeddable":true,"href":"https:\/\/euapp01.newsmemory.com\/lamarseillaise\/news\/wp-json\/wp\/v2\/news-destination?post=41061"},{"taxonomy":"news-source","embeddable":true,"href":"https:\/\/euapp01.newsmemory.com\/lamarseillaise\/news\/wp-json\/wp\/v2\/news-source?post=41061"},{"taxonomy":"is_homepage","embeddable":true,"href":"https:\/\/euapp01.newsmemory.com\/lamarseillaise\/news\/wp-json\/wp\/v2\/is_homepage?post=41061"},{"taxonomy":"ta_other","embeddable":true,"href":"https:\/\/euapp01.newsmemory.com\/lamarseillaise\/news\/wp-json\/wp\/v2\/ta_other?post=41061"}],"curies":[{"name":"wp","href":"https:\/\/api.w.org\/{rel}","templated":true}]}}