{"id":41058,"date":"2026-09-01T13:13:00","date_gmt":"2026-09-01T11:13:00","guid":{"rendered":"https:\/\/euapp01.newsmemory.com\/lamarseillaise\/news\/?p=41058"},"modified":"2026-09-01T13:36:03","modified_gmt":"2026-09-01T11:36:03","slug":"un-nouveau-chapitre-souvre-pour-la-librairie-le-grain-des-mots","status":"publish","type":"post","link":"https:\/\/euapp01.newsmemory.com\/lamarseillaise\/news\/2026\/09\/01\/un-nouveau-chapitre-souvre-pour-la-librairie-le-grain-des-mots\/","title":{"rendered":"Un nouveau chapitre s\u2019ouvre pour la librairie le Grain des mots \u00e0 Montpellier"},"content":{"rendered":"<div class=\"paragraph\">\n<p>Certes, un vent mauvais souffle sur le monde de la librairie ces derniers temps\u00a0: depuis avril, Gibert puis Furet du Nord et Decitre ont \u00e9t\u00e9 plac\u00e9s en redressement judiciaire\u00a0; plus pr\u00e8s de nous, \u00e0 Montpellier et Al\u00e8s, la librairie Sauramps a \u00e9t\u00e9 liquid\u00e9e d\u00e9but juillet\u00a0; sans compter de nombreux libraires ind\u00e9pendants qui tentent de diversifier leurs activit\u00e9s pour tenir. N\u00e9anmoins, certains veulent y croire, s\u2019accrochent \u00e0 leur histoire et cr\u00e9ent un peu d\u2019optimisme dans ce marasme.<\/p>\n<p>C\u2019est le cas des fr\u00e8res Demante, Tristan et Romain, cog\u00e9rants du Grain des Mots, \u00e0 Montpellier. Cr\u00e9\u00e9e en 2003 par leur m\u00e8re, Aline Huille, la librairie, historiquement implant\u00e9e sur le Jeu de Paume, est devenue, au fil du temps, une r\u00e9f\u00e9rence incontournable des amoureux des livres. Mardi 1<sup>er<\/sup>\u00a0septembre, une nouvelle page de son histoire s\u2019ouvrira en bas du boulevard Gambetta*, pr\u00e8s de la place Saint-Denis, dans ce qui fut le cin\u00e9ma Rex puis le Diagonal, avant d\u2019\u00eatre laiss\u00e9s \u00e0 l\u2019abandon.<\/p>\n<p>Confront\u00e9s en ao\u00fbt 2022 \u00e0 un s\u00e9rieux d\u00e9g\u00e2t des eaux qui les a contraints \u00e0 quitter leurs locaux historiques du Jeu de Paume, les fr\u00e8res Demante s\u2019\u00e9taient install\u00e9s, de fa\u00e7on provisoire, \u00e0 quelques pas de l\u00e0, dans un local appartenant \u00e0 la Ville. Une transition qui s\u2019est \u00e9ternis\u00e9e (4 ans) dans des conditions tout sauf id\u00e9ales.<\/p>\n<p>Un lieu repens\u00e9 <br \/>par un architecte<\/p>\n<p>C\u2019est donc avec soulagement que le Grain des mots emm\u00e9nage, enfin, dans un nouvel \u00e9crin refait \u00e0 neuf*, dont la librairie s\u2019est rendue propri\u00e9taire<i>. \u00ab<\/i><i>\u00a0<\/i><i>Il restera quelques finitions, mais on se tient \u00e0 la date du 1<\/i><i><sup>er<\/sup><\/i><i>\u00a0<\/i><i>septembre pour la r\u00e9ouverture. C\u2019\u00e9tait une friche industrielle quand on a r\u00e9cup\u00e9r\u00e9 les cl\u00e9s il y a 3<\/i><i>\u00a0<\/i><i>mois, il y avait \u00e9norm\u00e9ment de travaux. C\u2019est d\u00e9j\u00e0 un exploit d\u2019avoir fait tout \u00e7a dans ces d\u00e9lais<\/i><i>\u00a0<\/i><i>\u00bb<\/i>, estime Tristan Demante. De 200m\u00b2, la surface de la librairie passe \u00e0 260m\u00b2. Surtout, les fr\u00e8res Demante ont fait appel \u00e0 un architecte, qui a pens\u00e9 les lieux pour qu\u2019ils soient le plus fonctionnels et agr\u00e9ables possible.<i> \u00ab<\/i><i>\u00a0<\/i><i>Sur le Jeu de Paume, on avait une petite rampe en fer qu\u2019on sortait pour les personnes \u00e0 mobilit\u00e9 r\u00e9duite, l\u00e0 on a construit une rampe en dur.<\/i><i>\u00a0<\/i><i>Les tables sont \u00e0 bonne hauteur, il y a entre 90<\/i><i>\u00a0<\/i><i>cm et 1,2<\/i><i>\u00a0<\/i><i>m entre chacune pour que ce soit confortable de circuler. Il y a \u00e9galement un r\u00e9seau de LED incorpor\u00e9 dans les biblioth\u00e8ques, dont l\u2019\u00e9clairage permettra une mise en avant du fonds. Car on se pr\u00e9vaut d\u2019\u00eatre une librairie de fonds depuis toujours<\/i><i>\u00a0<\/i><i>\u00bb,<\/i> insiste Tristan Demante.<i> \u00ab<\/i><i>\u00a0<\/i><i>On pourra pr\u00e9senter davantage de livres sur des tables ou des tablettes, ce ne sera pas que du rayonnage. Cela permettra de mettre en valeur, outre les nouveaut\u00e9s, des coups de c\u0153ur et des choses un peu moins r\u00e9centes qu\u2019on a envie de continuer \u00e0 porter.<\/i><i>\u00a0<\/i><i>\u00bb<\/i><\/p>\n<p><i>\u00ab<\/i><i>\u00a0<\/i><i>C\u2019est un pari audacieux, on en est bien conscients<\/i><i>\u00a0<\/i><i>\u00bb, <\/i>confie le libraire<i>. \u00ab<\/i><i>\u00a0<\/i><i>On le sait, le monde du livre va mal, que ce soit les librairies, l\u2019\u00e9dition, la distribution&#8230; mais on est confiants. On a une super \u00e9quipe, une client\u00e8le fid\u00e8le &#8211; ce qui \u00e9conomiquement comme moralement est inestimable &#8211; et un super lieu. On a eu un coup de c\u0153ur incroyable pour ce local, pour l\u2019emplacement aussi, qui offre une autre dynamique que celle du Jeu de Paume<\/i><i>\u00a0<\/i><i>: le Jeu de Paume c\u2019est passant, le quartier Saint-Denis \u2013 Gambetta, c\u2019est vivant.<\/i><i>\u00a0<\/i><i>\u00bb<\/i><\/p>\n<p>Le Grain des Mots sera donc dans les starting-blocks pour la rentr\u00e9e litt\u00e9raire de septembre, moment crucial pour toute librairie. L\u2019inauguration officielle, quant \u00e0 elle, aura lieu un peu plus tard, mi-octobre, pour f\u00eater ce beau pari sur l\u2019avenir.<\/p>\n<\/p><\/div>\n","protected":false},"excerpt":{"rendered":"Certes, un vent mauvais souffle sur le monde de la librairie ces derniers temps&nbsp;: depuis avril, Gibert puis Furet du Nord et Decitre ont &eacute;t&eacute; plac&eacute;s en redressement judiciaire&nbsp;; plus pr&egrave;s de nous, &agrave; &#8230;","protected":false},"author":1,"featured_media":41059,"comment_status":"open","ping_status":"open","sticky":false,"template":"","format":"standard","meta":{"footnotes":""},"categories":[918,3926,3925,32],"tags":[150,239,5332,1645,5333,1244,240],"news-destination":[3944],"news-source":[475],"is_homepage":[],"ta_other":[],"class_list":["post-41058","post","type-post","status-publish","format-standard","has-post-thumbnail","hentry","category-accueil","category-accueil-merge","category-accueil-third","category-culture","tag-demenagement","tag-herault","tag-le-grain-des-mots","tag-librairie","tag-librairie-independante","tag-livres","tag-montpellier","news-destination-homepage","news-source-website"],"_links":{"self":[{"href":"https:\/\/euapp01.newsmemory.com\/lamarseillaise\/news\/wp-json\/wp\/v2\/posts\/41058","targetHints":{"allow":["GET"]}}],"collection":[{"href":"https:\/\/euapp01.newsmemory.com\/lamarseillaise\/news\/wp-json\/wp\/v2\/posts"}],"about":[{"href":"https:\/\/euapp01.newsmemory.com\/lamarseillaise\/news\/wp-json\/wp\/v2\/types\/post"}],"author":[{"embeddable":true,"href":"https:\/\/euapp01.newsmemory.com\/lamarseillaise\/news\/wp-json\/wp\/v2\/users\/1"}],"replies":[{"embeddable":true,"href":"https:\/\/euapp01.newsmemory.com\/lamarseillaise\/news\/wp-json\/wp\/v2\/comments?post=41058"}],"version-history":[{"count":2,"href":"https:\/\/euapp01.newsmemory.com\/lamarseillaise\/news\/wp-json\/wp\/v2\/posts\/41058\/revisions"}],"predecessor-version":[{"id":41067,"href":"https:\/\/euapp01.newsmemory.com\/lamarseillaise\/news\/wp-json\/wp\/v2\/posts\/41058\/revisions\/41067"}],"wp:featuredmedia":[{"embeddable":true,"href":"https:\/\/euapp01.newsmemory.com\/lamarseillaise\/news\/wp-json\/wp\/v2\/media\/41059"}],"wp:attachment":[{"href":"https:\/\/euapp01.newsmemory.com\/lamarseillaise\/news\/wp-json\/wp\/v2\/media?parent=41058"}],"wp:term":[{"taxonomy":"category","embeddable":true,"href":"https:\/\/euapp01.newsmemory.com\/lamarseillaise\/news\/wp-json\/wp\/v2\/categories?post=41058"},{"taxonomy":"post_tag","embeddable":true,"href":"https:\/\/euapp01.newsmemory.com\/lamarseillaise\/news\/wp-json\/wp\/v2\/tags?post=41058"},{"taxonomy":"news-destination","embeddable":true,"href":"https:\/\/euapp01.newsmemory.com\/lamarseillaise\/news\/wp-json\/wp\/v2\/news-destination?post=41058"},{"taxonomy":"news-source","embeddable":true,"href":"https:\/\/euapp01.newsmemory.com\/lamarseillaise\/news\/wp-json\/wp\/v2\/news-source?post=41058"},{"taxonomy":"is_homepage","embeddable":true,"href":"https:\/\/euapp01.newsmemory.com\/lamarseillaise\/news\/wp-json\/wp\/v2\/is_homepage?post=41058"},{"taxonomy":"ta_other","embeddable":true,"href":"https:\/\/euapp01.newsmemory.com\/lamarseillaise\/news\/wp-json\/wp\/v2\/ta_other?post=41058"}],"curies":[{"name":"wp","href":"https:\/\/api.w.org\/{rel}","templated":true}]}}