{"id":41055,"date":"2026-09-01T11:34:00","date_gmt":"2026-09-01T09:34:00","guid":{"rendered":"https:\/\/euapp01.newsmemory.com\/lamarseillaise\/news\/?p=41055"},"modified":"2026-09-01T12:04:25","modified_gmt":"2026-09-01T10:04:25","slug":"rentree-des-classes-a-martigues-gaby-charroux-et-son-equipe-a-notre-dame-des-marins","status":"publish","type":"post","link":"https:\/\/euapp01.newsmemory.com\/lamarseillaise\/news\/2026\/09\/01\/rentree-des-classes-a-martigues-gaby-charroux-et-son-equipe-a-notre-dame-des-marins\/","title":{"rendered":"[Rentr\u00e9e des classes] A Martigues, Gaby Charroux et son \u00e9quipe \u00e0 Notre-Dame-des-Marins"},"content":{"rendered":"<div class=\"paragraph\">\n<p>Cette \u00e9cole situ\u00e9e en plein coeur du quartier prioritaire Notre-Dame-des-Marins, dont toutes les classes ont \u00e9t\u00e9 maintenues, a \u00e9t\u00e9 \u00e9quip\u00e9e de brasseurs d\u2019air au restaurant scolaire durant l\u2019\u00e9t\u00e9, d\u2019un \u00e9clairage \u00e0 leds ainsi que de nouveaux sanitaires accessibles durant l\u2019\u00e9t\u00e9, repr\u00e9sentant un investissement de 30.000 euros. \u00ab Notre ambition est que petits et grands puissent s\u2019\u00e9manciper. Nous travaillons dans l\u2019ombre pour maintenir le service public, avec l\u2019\u00e9cole au coeur du quartier \u00ab insiste Gaby Charroux. Les maternelles repr\u00e9sentent 1606 \u00e9l\u00e8ves r\u00e9partis dans 73 classes sur la commune, soit pr\u00e8s de la moiti\u00e9 des effectifs et classes \u00e9l\u00e9mentaires.<\/p>\n<\/p><\/div>\n","protected":false},"excerpt":{"rendered":"Cette &eacute;cole situ&eacute;e en plein coeur du quartier prioritaire Notre-Dame-des-Marins, dont toutes les classes ont &eacute;t&eacute; maintenues, a &eacute;t&eacute; &eacute;quip&eacute;e de brasseurs d&rsquo;air au restaurant scolaire durant &#8230;","protected":false},"author":1,"featured_media":41056,"comment_status":"open","ping_status":"open","sticky":false,"template":"","format":"standard","meta":{"footnotes":""},"categories":[918,3926,3925],"tags":[],"news-destination":[3944],"news-source":[475],"is_homepage":[],"ta_other":[],"class_list":["post-41055","post","type-post","status-publish","format-standard","has-post-thumbnail","hentry","category-accueil","category-accueil-merge","category-accueil-third","news-destination-homepage","news-source-website"],"_links":{"self":[{"href":"https:\/\/euapp01.newsmemory.com\/lamarseillaise\/news\/wp-json\/wp\/v2\/posts\/41055","targetHints":{"allow":["GET"]}}],"collection":[{"href":"https:\/\/euapp01.newsmemory.com\/lamarseillaise\/news\/wp-json\/wp\/v2\/posts"}],"about":[{"href":"https:\/\/euapp01.newsmemory.com\/lamarseillaise\/news\/wp-json\/wp\/v2\/types\/post"}],"author":[{"embeddable":true,"href":"https:\/\/euapp01.newsmemory.com\/lamarseillaise\/news\/wp-json\/wp\/v2\/users\/1"}],"replies":[{"embeddable":true,"href":"https:\/\/euapp01.newsmemory.com\/lamarseillaise\/news\/wp-json\/wp\/v2\/comments?post=41055"}],"version-history":[{"count":1,"href":"https:\/\/euapp01.newsmemory.com\/lamarseillaise\/news\/wp-json\/wp\/v2\/posts\/41055\/revisions"}],"predecessor-version":[{"id":41057,"href":"https:\/\/euapp01.newsmemory.com\/lamarseillaise\/news\/wp-json\/wp\/v2\/posts\/41055\/revisions\/41057"}],"wp:featuredmedia":[{"embeddable":true,"href":"https:\/\/euapp01.newsmemory.com\/lamarseillaise\/news\/wp-json\/wp\/v2\/media\/41056"}],"wp:attachment":[{"href":"https:\/\/euapp01.newsmemory.com\/lamarseillaise\/news\/wp-json\/wp\/v2\/media?parent=41055"}],"wp:term":[{"taxonomy":"category","embeddable":true,"href":"https:\/\/euapp01.newsmemory.com\/lamarseillaise\/news\/wp-json\/wp\/v2\/categories?post=41055"},{"taxonomy":"post_tag","embeddable":true,"href":"https:\/\/euapp01.newsmemory.com\/lamarseillaise\/news\/wp-json\/wp\/v2\/tags?post=41055"},{"taxonomy":"news-destination","embeddable":true,"href":"https:\/\/euapp01.newsmemory.com\/lamarseillaise\/news\/wp-json\/wp\/v2\/news-destination?post=41055"},{"taxonomy":"news-source","embeddable":true,"href":"https:\/\/euapp01.newsmemory.com\/lamarseillaise\/news\/wp-json\/wp\/v2\/news-source?post=41055"},{"taxonomy":"is_homepage","embeddable":true,"href":"https:\/\/euapp01.newsmemory.com\/lamarseillaise\/news\/wp-json\/wp\/v2\/is_homepage?post=41055"},{"taxonomy":"ta_other","embeddable":true,"href":"https:\/\/euapp01.newsmemory.com\/lamarseillaise\/news\/wp-json\/wp\/v2\/ta_other?post=41055"}],"curies":[{"name":"wp","href":"https:\/\/api.w.org\/{rel}","templated":true}]}}