{"id":41051,"date":"2026-09-01T11:22:00","date_gmt":"2026-09-01T09:22:00","guid":{"rendered":"https:\/\/euapp01.newsmemory.com\/lamarseillaise\/news\/?p=41051"},"modified":"2026-09-01T11:22:00","modified_gmt":"2026-09-01T09:22:00","slug":"presidentielle-yannick-ohanessian-porte-parole-dolivier-faure","status":"publish","type":"post","link":"https:\/\/euapp01.newsmemory.com\/lamarseillaise\/news\/2026\/09\/01\/presidentielle-yannick-ohanessian-porte-parole-dolivier-faure\/","title":{"rendered":"[Pr\u00e9sidentielle] Yannick Ohanessian porte-parole d\u2019Olivier Faure"},"content":{"rendered":"<div class=\"paragraph\">\n<p>\u00abJ\u2019ai toujours \u00e9t\u00e9 fid\u00e8le \u00e0 ce qu\u2019il portait dans le parti, explique-t-il. \u00c9tant d\u00e9j\u00e0 porte-parole du Parti socialiste pour porter la ligne majoritaire d\u2019union de la gauche, il \u00e9tait naturel pour lui que je fasse partie des portes-parole de la primaire pour les six semaines \u00e0 venir.\u00bb En particulier, l\u2019adjoint marseillais viendra porter les sujets de protection, \u00ab\u00e0 la fois sur les enjeux de s\u00e9curit\u00e9 civile, mais aussi sur les aspects de la sant\u00e9, de l\u2019alimentation, de l\u2019habitabilit\u00e9&#8230;\u00bb S\u2019il \u00e9tait partisan d\u2019un co\u00fbt de participation plus bas que les 15 euros demand\u00e9s, \u00abnous sommes les seuls \u00e0 porter l\u2019id\u00e9e d\u2019une primaire\u00bb, souligne-t-il alors que Place publique et la Gauche r\u00e9publicaine et sociale (GRS) s\u2019y joignent. Si Olivier Faure l\u2019emporte, \u00abil y a de fortes chances\u00bb que Yannick Ohanessian joue un r\u00f4le dans sa campagne, glisse-t-il.<\/p>\n<\/p><\/div>\n","protected":false},"excerpt":{"rendered":"&laquo;J&rsquo;ai toujours &eacute;t&eacute; fid&egrave;le &agrave; ce qu&rsquo;il portait dans le parti, explique-t-il. &Eacute;tant d&eacute;j&agrave; porte-parole du Parti socialiste pour porter la ligne majoritaire d&rsquo;union de la gauche, il &#8230;","protected":false},"author":1,"featured_media":41052,"comment_status":"open","ping_status":"open","sticky":false,"template":"","format":"standard","meta":{"footnotes":""},"categories":[918,3926,3925,330],"tags":[545,16,769,580,552,3748,1613,2415],"news-destination":[3944],"news-source":[475],"is_homepage":[],"ta_other":[],"class_list":["post-41051","post","type-post","status-publish","format-standard","has-post-thumbnail","hentry","category-accueil","category-accueil-merge","category-accueil-third","category-politique","tag-candidature","tag-marseille","tag-olivier-faure","tag-parti-socialiste","tag-place-publique","tag-republicaine","tag-securite-civile","tag-yannick-ohanessian","news-destination-homepage","news-source-website"],"_links":{"self":[{"href":"https:\/\/euapp01.newsmemory.com\/lamarseillaise\/news\/wp-json\/wp\/v2\/posts\/41051","targetHints":{"allow":["GET"]}}],"collection":[{"href":"https:\/\/euapp01.newsmemory.com\/lamarseillaise\/news\/wp-json\/wp\/v2\/posts"}],"about":[{"href":"https:\/\/euapp01.newsmemory.com\/lamarseillaise\/news\/wp-json\/wp\/v2\/types\/post"}],"author":[{"embeddable":true,"href":"https:\/\/euapp01.newsmemory.com\/lamarseillaise\/news\/wp-json\/wp\/v2\/users\/1"}],"replies":[{"embeddable":true,"href":"https:\/\/euapp01.newsmemory.com\/lamarseillaise\/news\/wp-json\/wp\/v2\/comments?post=41051"}],"version-history":[{"count":1,"href":"https:\/\/euapp01.newsmemory.com\/lamarseillaise\/news\/wp-json\/wp\/v2\/posts\/41051\/revisions"}],"predecessor-version":[{"id":41053,"href":"https:\/\/euapp01.newsmemory.com\/lamarseillaise\/news\/wp-json\/wp\/v2\/posts\/41051\/revisions\/41053"}],"wp:featuredmedia":[{"embeddable":true,"href":"https:\/\/euapp01.newsmemory.com\/lamarseillaise\/news\/wp-json\/wp\/v2\/media\/41052"}],"wp:attachment":[{"href":"https:\/\/euapp01.newsmemory.com\/lamarseillaise\/news\/wp-json\/wp\/v2\/media?parent=41051"}],"wp:term":[{"taxonomy":"category","embeddable":true,"href":"https:\/\/euapp01.newsmemory.com\/lamarseillaise\/news\/wp-json\/wp\/v2\/categories?post=41051"},{"taxonomy":"post_tag","embeddable":true,"href":"https:\/\/euapp01.newsmemory.com\/lamarseillaise\/news\/wp-json\/wp\/v2\/tags?post=41051"},{"taxonomy":"news-destination","embeddable":true,"href":"https:\/\/euapp01.newsmemory.com\/lamarseillaise\/news\/wp-json\/wp\/v2\/news-destination?post=41051"},{"taxonomy":"news-source","embeddable":true,"href":"https:\/\/euapp01.newsmemory.com\/lamarseillaise\/news\/wp-json\/wp\/v2\/news-source?post=41051"},{"taxonomy":"is_homepage","embeddable":true,"href":"https:\/\/euapp01.newsmemory.com\/lamarseillaise\/news\/wp-json\/wp\/v2\/is_homepage?post=41051"},{"taxonomy":"ta_other","embeddable":true,"href":"https:\/\/euapp01.newsmemory.com\/lamarseillaise\/news\/wp-json\/wp\/v2\/ta_other?post=41051"}],"curies":[{"name":"wp","href":"https:\/\/api.w.org\/{rel}","templated":true}]}}