{"id":41048,"date":"2026-09-01T11:00:00","date_gmt":"2026-09-01T09:00:00","guid":{"rendered":"https:\/\/euapp01.newsmemory.com\/lamarseillaise\/news\/?p=41048"},"modified":"2026-09-01T11:46:37","modified_gmt":"2026-09-01T09:46:37","slug":"rentree-scolaire-le-maire-de-port-de-bouc-laurent-belsola-dans-les-ecoles-romain-rolland-et-josette-reibaut","status":"publish","type":"post","link":"https:\/\/euapp01.newsmemory.com\/lamarseillaise\/news\/2026\/09\/01\/rentree-scolaire-le-maire-de-port-de-bouc-laurent-belsola-dans-les-ecoles-romain-rolland-et-josette-reibaut\/","title":{"rendered":"[Rentr\u00e9e scolaire] Le maire de Port-de-Bouc Laurent Belsola dans les \u00e9coles Romain Rolland et Josette Reibaut"},"content":{"rendered":"<div class=\"paragraph\">\n<p>Les effectifs sont stables, bien que les effets de la baisse de natalit\u00e9 se fassent ressentir, avec une fermeture de classe \u00e0 l\u2019\u00e9cole maternelle Marcel Pagnol et une ouverture \u00e0 l\u2019\u00e9cole \u00e9l\u00e9mentaire Victor Hugo.<\/p>\n<\/p><\/div>\n","protected":false},"excerpt":{"rendered":"Les effectifs sont stables, bien que les effets de la baisse de natalit&eacute; se fassent ressentir, avec une fermeture de classe &agrave; l&rsquo;&eacute;cole maternelle Marcel Pagnol et une ouverture &agrave; l&rsquo;&eacute;cole &#8230;","protected":false},"author":1,"featured_media":41049,"comment_status":"open","ping_status":"open","sticky":false,"template":"","format":"standard","meta":{"footnotes":""},"categories":[918,3926,3925],"tags":[411,409,412,57,105,2206,752,2741,4494,978,667,716],"news-destination":[3944],"news-source":[475],"is_homepage":[],"ta_other":[],"class_list":["post-41048","post","type-post","status-publish","format-standard","has-post-thumbnail","hentry","category-accueil","category-accueil-merge","category-accueil-third","tag-ecoles","tag-effectifs","tag-eleves","tag-enfants","tag-fermeture","tag-laurent-belsola","tag-maire","tag-maternelles","tag-natalite","tag-parents","tag-port-de-bouc","tag-rentree","news-destination-homepage","news-source-website"],"_links":{"self":[{"href":"https:\/\/euapp01.newsmemory.com\/lamarseillaise\/news\/wp-json\/wp\/v2\/posts\/41048","targetHints":{"allow":["GET"]}}],"collection":[{"href":"https:\/\/euapp01.newsmemory.com\/lamarseillaise\/news\/wp-json\/wp\/v2\/posts"}],"about":[{"href":"https:\/\/euapp01.newsmemory.com\/lamarseillaise\/news\/wp-json\/wp\/v2\/types\/post"}],"author":[{"embeddable":true,"href":"https:\/\/euapp01.newsmemory.com\/lamarseillaise\/news\/wp-json\/wp\/v2\/users\/1"}],"replies":[{"embeddable":true,"href":"https:\/\/euapp01.newsmemory.com\/lamarseillaise\/news\/wp-json\/wp\/v2\/comments?post=41048"}],"version-history":[{"count":1,"href":"https:\/\/euapp01.newsmemory.com\/lamarseillaise\/news\/wp-json\/wp\/v2\/posts\/41048\/revisions"}],"predecessor-version":[{"id":41050,"href":"https:\/\/euapp01.newsmemory.com\/lamarseillaise\/news\/wp-json\/wp\/v2\/posts\/41048\/revisions\/41050"}],"wp:featuredmedia":[{"embeddable":true,"href":"https:\/\/euapp01.newsmemory.com\/lamarseillaise\/news\/wp-json\/wp\/v2\/media\/41049"}],"wp:attachment":[{"href":"https:\/\/euapp01.newsmemory.com\/lamarseillaise\/news\/wp-json\/wp\/v2\/media?parent=41048"}],"wp:term":[{"taxonomy":"category","embeddable":true,"href":"https:\/\/euapp01.newsmemory.com\/lamarseillaise\/news\/wp-json\/wp\/v2\/categories?post=41048"},{"taxonomy":"post_tag","embeddable":true,"href":"https:\/\/euapp01.newsmemory.com\/lamarseillaise\/news\/wp-json\/wp\/v2\/tags?post=41048"},{"taxonomy":"news-destination","embeddable":true,"href":"https:\/\/euapp01.newsmemory.com\/lamarseillaise\/news\/wp-json\/wp\/v2\/news-destination?post=41048"},{"taxonomy":"news-source","embeddable":true,"href":"https:\/\/euapp01.newsmemory.com\/lamarseillaise\/news\/wp-json\/wp\/v2\/news-source?post=41048"},{"taxonomy":"is_homepage","embeddable":true,"href":"https:\/\/euapp01.newsmemory.com\/lamarseillaise\/news\/wp-json\/wp\/v2\/is_homepage?post=41048"},{"taxonomy":"ta_other","embeddable":true,"href":"https:\/\/euapp01.newsmemory.com\/lamarseillaise\/news\/wp-json\/wp\/v2\/ta_other?post=41048"}],"curies":[{"name":"wp","href":"https:\/\/api.w.org\/{rel}","templated":true}]}}