{"id":41038,"date":"2026-09-01T10:36:00","date_gmt":"2026-09-01T08:36:00","guid":{"rendered":"https:\/\/euapp01.newsmemory.com\/lamarseillaise\/news\/?p=41038"},"modified":"2026-09-01T11:21:48","modified_gmt":"2026-09-01T09:21:48","slug":"rentree-des-classes-renaud-muselier-vient-de-debuter-sa-tournee-des-lycees-aixois","status":"publish","type":"post","link":"https:\/\/euapp01.newsmemory.com\/lamarseillaise\/news\/2026\/09\/01\/rentree-des-classes-renaud-muselier-vient-de-debuter-sa-tournee-des-lycees-aixois\/","title":{"rendered":"[Rentr\u00e9e des classes] Renaud Muselier vient de d\u00e9buter sa tourn\u00e9e des lyc\u00e9es aixois"},"content":{"rendered":"<div class=\"paragraph\">\n<p>Pour rappel, s\u2019il est \u00e9lu dans un mois, il ne sera plus la t\u00eate de la R\u00e9gion. Au cours de sa tourn\u00e9e, Renaud Muselier a \u00e9galement distribu\u00e9 des tablettes num\u00e9riques aux lyc\u00e9ens.<\/p>\n<\/p><\/div>\n","protected":false},"excerpt":{"rendered":"Pour rappel, s&rsquo;il est &eacute;lu dans un mois, il ne sera plus la t&ecirc;te de la R&eacute;gion. Au cours de sa tourn&eacute;e, Renaud Muselier a &eacute;galement distribu&eacute; des tablettes num&eacute;riques aux lyc&eacute;ens.","protected":false},"author":1,"featured_media":41047,"comment_status":"open","ping_status":"open","sticky":false,"template":"","format":"standard","meta":{"footnotes":""},"categories":[918,3926,3925,20],"tags":[10,6347,713,1560,86,708,5195],"news-destination":[3944],"news-source":[475],"is_homepage":[],"ta_other":[],"class_list":["post-41038","post","type-post","status-publish","format-standard","has-post-thumbnail","hentry","category-accueil","category-accueil-merge","category-accueil-third","category-societe","tag-bouches-du-rhone","tag-cours","tag-lyceens","tag-lycees","tag-region","tag-renaud-muselier","tag-senatoriales","news-destination-homepage","news-source-website"],"_links":{"self":[{"href":"https:\/\/euapp01.newsmemory.com\/lamarseillaise\/news\/wp-json\/wp\/v2\/posts\/41038","targetHints":{"allow":["GET"]}}],"collection":[{"href":"https:\/\/euapp01.newsmemory.com\/lamarseillaise\/news\/wp-json\/wp\/v2\/posts"}],"about":[{"href":"https:\/\/euapp01.newsmemory.com\/lamarseillaise\/news\/wp-json\/wp\/v2\/types\/post"}],"author":[{"embeddable":true,"href":"https:\/\/euapp01.newsmemory.com\/lamarseillaise\/news\/wp-json\/wp\/v2\/users\/1"}],"replies":[{"embeddable":true,"href":"https:\/\/euapp01.newsmemory.com\/lamarseillaise\/news\/wp-json\/wp\/v2\/comments?post=41038"}],"version-history":[{"count":1,"href":"https:\/\/euapp01.newsmemory.com\/lamarseillaise\/news\/wp-json\/wp\/v2\/posts\/41038\/revisions"}],"predecessor-version":[{"id":41040,"href":"https:\/\/euapp01.newsmemory.com\/lamarseillaise\/news\/wp-json\/wp\/v2\/posts\/41038\/revisions\/41040"}],"wp:featuredmedia":[{"embeddable":true,"href":"https:\/\/euapp01.newsmemory.com\/lamarseillaise\/news\/wp-json\/wp\/v2\/media\/41047"}],"wp:attachment":[{"href":"https:\/\/euapp01.newsmemory.com\/lamarseillaise\/news\/wp-json\/wp\/v2\/media?parent=41038"}],"wp:term":[{"taxonomy":"category","embeddable":true,"href":"https:\/\/euapp01.newsmemory.com\/lamarseillaise\/news\/wp-json\/wp\/v2\/categories?post=41038"},{"taxonomy":"post_tag","embeddable":true,"href":"https:\/\/euapp01.newsmemory.com\/lamarseillaise\/news\/wp-json\/wp\/v2\/tags?post=41038"},{"taxonomy":"news-destination","embeddable":true,"href":"https:\/\/euapp01.newsmemory.com\/lamarseillaise\/news\/wp-json\/wp\/v2\/news-destination?post=41038"},{"taxonomy":"news-source","embeddable":true,"href":"https:\/\/euapp01.newsmemory.com\/lamarseillaise\/news\/wp-json\/wp\/v2\/news-source?post=41038"},{"taxonomy":"is_homepage","embeddable":true,"href":"https:\/\/euapp01.newsmemory.com\/lamarseillaise\/news\/wp-json\/wp\/v2\/is_homepage?post=41038"},{"taxonomy":"ta_other","embeddable":true,"href":"https:\/\/euapp01.newsmemory.com\/lamarseillaise\/news\/wp-json\/wp\/v2\/ta_other?post=41038"}],"curies":[{"name":"wp","href":"https:\/\/api.w.org\/{rel}","templated":true}]}}