{"id":41029,"date":"2026-09-01T08:34:00","date_gmt":"2026-09-01T06:34:00","guid":{"rendered":"https:\/\/euapp01.newsmemory.com\/lamarseillaise\/news\/?p=41029"},"modified":"2026-09-01T08:56:53","modified_gmt":"2026-09-01T06:56:53","slug":"petit-provencal-maltese-garcia-et-baraston-au-bout-du-suspense","status":"publish","type":"post","link":"https:\/\/euapp01.newsmemory.com\/lamarseillaise\/news\/2026\/09\/01\/petit-provencal-maltese-garcia-et-baraston-au-bout-du-suspense\/","title":{"rendered":"[Petit Proven\u00e7al] Maltese, Garcia et Baraston au bout du suspense"},"content":{"rendered":"<div class=\"paragraph\">\n<p>Soixante-quatre \u00e9quipes avaient pris le d\u00e9part de ce Petit Proven\u00e7al (il \u00e9tait limit\u00e9). Vendredi \u00e0 midi les inscriptions \u00e9taient closes. Dommage pour les autres mais les organisateurs n\u2019avaient pas le temps de jeu n\u00e9cessaire pour accueillir plus d\u2019\u00e9quipes.<\/p>\n<p>Pour en venir \u00e0 cette finale, elle a \u00e9t\u00e9 pleine de suspense et de renversement. Parfois, les boules ne s\u2019expliquent pas. Les retournements de situations sont courants et peuvent intervenir \u00e0 des moments inattendus. Une \u00e9quipe euphorique peut craquer d\u2019un coup et vice-versa. Le sc\u00e9nario v\u00e9cu samedi soir lors de la finale du Petit Proven\u00e7al rentre dans cette cat\u00e9gorie. Thomas Donadio et ses \u00e9quipiers ont longtemps men\u00e9 la danse jusqu\u2019\u00e0 flirter avec la victoire. Mais il a manqu\u00e9 une \u00e9tincelle, un dernier coup de reins, tout simplement un petit point pour inscrire leur nom au palmar\u00e8s. Il faut dire que Thomas Maltese et Ga\u00ebtan Garcia (Boule des Calanques) sont habitu\u00e9s aux joutes de la comp\u00e9tition. Souvent partenaires ils se connaissent par c\u0153ur. Ils ont trouv\u00e9 en la personne de Lucas Baraston (Boulomanes Ciotadens) leur parfait associ\u00e9.<\/p>\n<p>Les trois hommes ont su renverser la vapeur \u00e0 force de pers\u00e9v\u00e9rance et s\u2019imposer. Belle victoire remport\u00e9e pour Maltese, Garcia et Baraston acquise dans la douleur (13 \u00e0 12) ce qui est encore plus valorisant.<\/p>\n<\/p><\/div>\n","protected":false},"excerpt":{"rendered":"Soixante-quatre &eacute;quipes avaient pris le d&eacute;part de ce Petit Proven&ccedil;al (il &eacute;tait limit&eacute;). Vendredi &agrave; midi les inscriptions &eacute;taient closes. Dommage pour les autres mais les organisateurs n&rsquo;avaient &#8230;","protected":false},"author":1,"featured_media":41030,"comment_status":"open","ping_status":"open","sticky":false,"template":"","format":"standard","meta":{"footnotes":""},"categories":[7],"tags":[],"news-destination":[],"news-source":[475],"is_homepage":[],"ta_other":[],"class_list":["post-41029","post","type-post","status-publish","format-standard","has-post-thumbnail","hentry","category-sports","news-source-website"],"_links":{"self":[{"href":"https:\/\/euapp01.newsmemory.com\/lamarseillaise\/news\/wp-json\/wp\/v2\/posts\/41029","targetHints":{"allow":["GET"]}}],"collection":[{"href":"https:\/\/euapp01.newsmemory.com\/lamarseillaise\/news\/wp-json\/wp\/v2\/posts"}],"about":[{"href":"https:\/\/euapp01.newsmemory.com\/lamarseillaise\/news\/wp-json\/wp\/v2\/types\/post"}],"author":[{"embeddable":true,"href":"https:\/\/euapp01.newsmemory.com\/lamarseillaise\/news\/wp-json\/wp\/v2\/users\/1"}],"replies":[{"embeddable":true,"href":"https:\/\/euapp01.newsmemory.com\/lamarseillaise\/news\/wp-json\/wp\/v2\/comments?post=41029"}],"version-history":[{"count":1,"href":"https:\/\/euapp01.newsmemory.com\/lamarseillaise\/news\/wp-json\/wp\/v2\/posts\/41029\/revisions"}],"predecessor-version":[{"id":41031,"href":"https:\/\/euapp01.newsmemory.com\/lamarseillaise\/news\/wp-json\/wp\/v2\/posts\/41029\/revisions\/41031"}],"wp:featuredmedia":[{"embeddable":true,"href":"https:\/\/euapp01.newsmemory.com\/lamarseillaise\/news\/wp-json\/wp\/v2\/media\/41030"}],"wp:attachment":[{"href":"https:\/\/euapp01.newsmemory.com\/lamarseillaise\/news\/wp-json\/wp\/v2\/media?parent=41029"}],"wp:term":[{"taxonomy":"category","embeddable":true,"href":"https:\/\/euapp01.newsmemory.com\/lamarseillaise\/news\/wp-json\/wp\/v2\/categories?post=41029"},{"taxonomy":"post_tag","embeddable":true,"href":"https:\/\/euapp01.newsmemory.com\/lamarseillaise\/news\/wp-json\/wp\/v2\/tags?post=41029"},{"taxonomy":"news-destination","embeddable":true,"href":"https:\/\/euapp01.newsmemory.com\/lamarseillaise\/news\/wp-json\/wp\/v2\/news-destination?post=41029"},{"taxonomy":"news-source","embeddable":true,"href":"https:\/\/euapp01.newsmemory.com\/lamarseillaise\/news\/wp-json\/wp\/v2\/news-source?post=41029"},{"taxonomy":"is_homepage","embeddable":true,"href":"https:\/\/euapp01.newsmemory.com\/lamarseillaise\/news\/wp-json\/wp\/v2\/is_homepage?post=41029"},{"taxonomy":"ta_other","embeddable":true,"href":"https:\/\/euapp01.newsmemory.com\/lamarseillaise\/news\/wp-json\/wp\/v2\/ta_other?post=41029"}],"curies":[{"name":"wp","href":"https:\/\/api.w.org\/{rel}","templated":true}]}}