{"id":41015,"date":"2026-09-01T07:27:00","date_gmt":"2026-09-01T05:27:00","guid":{"rendered":"https:\/\/euapp01.newsmemory.com\/lamarseillaise\/news\/?p=41015"},"modified":"2026-09-01T07:56:10","modified_gmt":"2026-09-01T05:56:10","slug":"les-olympiens-ont-peut-etre-deja-atteint-leurs-limites","status":"publish","type":"post","link":"https:\/\/euapp01.newsmemory.com\/lamarseillaise\/news\/2026\/09\/01\/les-olympiens-ont-peut-etre-deja-atteint-leurs-limites\/","title":{"rendered":"Les Olympiens ont peut-\u00eatre d\u00e9j\u00e0 atteint leurs limites"},"content":{"rendered":"<div class=\"paragraph\">\n<p>C\u2019est un Bruno Genesio r\u00e9sign\u00e9 qui s\u2019est pr\u00e9sent\u00e9 face \u00e0 la presse, dans les entrailles d\u2019un stade Louis\u00a0II \u00e0 l\u2019image de son OM, en chantier.<\/p>\n<p>Avec une grosse diff\u00e9rence. Car la date de r\u00e9novation de l\u2019enceinte mon\u00e9gasque est connue. Alors que les travaux entrepris pour construire un groupe marseillais coh\u00e9rent et comp\u00e9titif sont \u00e0 l\u2019image de l\u2019arriv\u00e9e du nouveau m\u00e9tro de Marseille\u00a0: hypoth\u00e9tiques.<\/p>\n<p>Apr\u00e8s le feu d\u2019artifice d\u2019ouverture contre Strasbourg au V\u00e9lodrome, l\u2019OM devait montrer sa capacit\u00e9 \u00e0 encha\u00eener. En passant un test de niveau chez un adversaire a priori plus solide que les Alsaciens.<\/p>\n<p>\u00ab\u00a0<i>M\u00eame si le score est en notre d\u00e9faveur et que nous sommes tr\u00e8s d\u00e9\u00e7us, il faut savoir prendre un peu de hauteur et regarder ce qui s\u2019est pass\u00e9 dans le match<\/i><i>\u00a0<\/i>\u00bb. Bruno Genesio a cherch\u00e9 le positif, dans une soir\u00e9e o\u00f9 rien n\u2019a sembl\u00e9 tourner en faveur de ses hommes. Il voit m\u00eame \u00ab\u00a0<i>un match plut\u00f4t \u00e9quilibr\u00e9, quand on regarde bien au niveau statistique. La diff\u00e9rence, c\u2019est que Monaco a concr\u00e9tis\u00e9 ses temps forts, ce que nous n\u2019avons pas r\u00e9ussi \u00e0 faire<\/i><i>\u00a0<\/i>\u00bb.<\/p>\n<\/p><\/div>\n<div class=\"intext\"> Genesio assume\n              <\/div>\n<div class=\"paragraph\">\n<p>Lors de l\u2019ouverture, c\u2019est apr\u00e8s le repos que l\u2019OM a trouv\u00e9 les ouvertures, apr\u00e8s avoir tent\u00e9 de forcer le verrou alsacien. \u00c0 Louis\u00a0II dimanche, \u00ab\u00a0<i>o\u00f9 nous avons eu dix premi\u00e8res minutes encourageantes<\/i><i>\u00a0<\/i>\u00bb, estime l\u2019entra\u00eeneur phoc\u00e9en, rien n\u2019est all\u00e9 dans le sens des Marseillais.<\/p>\n<p>\u00c0 commencer par le but encaiss\u00e9 sur la premi\u00e8re occasion mon\u00e9gasque du match. \u00ab\u00a0<i>Il est un peu casquette<\/i><i>\u00a0<\/i><i>!<\/i><i>\u00a0<\/i>\u00bb peste Bruno Genesio. Or, au-del\u00e0 de semer le doute dans les esprits olympiens, la r\u00e9ussite de Paris Brunner a mis en lumi\u00e8re les limites actuelles du groupe marseillais.<\/p>\n<p>Avec un collectif qui a trop rapidement l\u00e2ch\u00e9 prise. Certains joueurs ont donn\u00e9 le sentiment de renoncer \u00e0 se battre, avant m\u00eame la fin de la premi\u00e8re p\u00e9riode. \u00c0 l\u2019image de Geoffrey Kondogbia, maintenu en d\u00e9fense centrale et qui a rat\u00e9 sa soir\u00e9e, ou Quinten Timber, fantomatique et remplac\u00e9 \u00e0 la pause par Keyliane Abdallah. \u00ab\u00a0<i>Peut-\u00eatre ne l\u2019ai-je pas plac\u00e9 dans les meilleures conditions<\/i><i>\u00a0<\/i><i>?<\/i><i>\u00a0<\/i>\u00bb s\u2019excuse Bruno Genesio, admettant surtout \u00ab\u00a0<i>qu\u2019il faut assumer ses choix, quand ils sont bons, mais aussi mauvais<\/i><i>\u00a0<\/i><i>!<\/i><i>\u00a0<\/i>\u00bb<\/p>\n<p>Le N\u00e9erlandais \u00e9tait peut-\u00eatre taraud\u00e9 par sa situation personnelle. Ne sachant pas s\u2019il va rester, il est possible qu\u2019il ait d\u00e9j\u00e0 eu la t\u00eate ailleurs.<\/p>\n<p>\u00c0 Monaco, il y a donc eu la d\u00e9faite. Mais aussi les sorties sur blessure de Geoffrey Kondogbia et Tochukwu Nnadi. Le premier souffre d\u2019une blessure musculaire et le second a \u00e9t\u00e9 touch\u00e9 au genou. La dur\u00e9e de leur absence n\u2019est pas encore connue, mais Bruno Genesio devra visiblement faire sans eux, au moins pour la r\u00e9ception du Paris FC, dimanche en cl\u00f4ture de la troisi\u00e8me journ\u00e9e.<\/p>\n<p>Avec la perspective d\u2019autres d\u00e9parts \u00e0 venir, et la probabilit\u00e9 qu\u2019il n\u2019y aura aucun renfort, il se montre fataliste. \u00ab\u00a0<i>Je devrais m\u2019adapter \u00e0 cet effectif et \u00eatre capable d\u2019en tirer le maximum.<\/i><i>\u00a0<\/i>\u00bb Avant de soupirer, \u00ab\u00a0<i>je suis bien content que cela se termine<\/i><i>\u00a0<\/i>\u00bb, au sujet d\u2019un march\u00e9 des transferts atypique pour l\u2019OM cette saison.<\/p>\n<\/p><\/div>\n","protected":false},"excerpt":{"rendered":"C&rsquo;est un Bruno Genesio r&eacute;sign&eacute; qui s&rsquo;est pr&eacute;sent&eacute; face &agrave; la presse, dans les entrailles d&rsquo;un stade Louis&nbsp;II &agrave; l&rsquo;image de son OM, en chantier.","protected":false},"author":1,"featured_media":41016,"comment_status":"open","ping_status":"open","sticky":false,"template":"","format":"standard","meta":{"footnotes":""},"categories":[3926,3924,7],"tags":[10,13,1153,16,1098,14],"news-destination":[3944],"news-source":[475],"is_homepage":[],"ta_other":[],"class_list":["post-41015","post","type-post","status-publish","format-standard","has-post-thumbnail","hentry","category-accueil-merge","category-accueil-second","category-sports","tag-bouches-du-rhone","tag-football","tag-ligue-1","tag-marseille","tag-monaco","tag-om","news-destination-homepage","news-source-website"],"_links":{"self":[{"href":"https:\/\/euapp01.newsmemory.com\/lamarseillaise\/news\/wp-json\/wp\/v2\/posts\/41015","targetHints":{"allow":["GET"]}}],"collection":[{"href":"https:\/\/euapp01.newsmemory.com\/lamarseillaise\/news\/wp-json\/wp\/v2\/posts"}],"about":[{"href":"https:\/\/euapp01.newsmemory.com\/lamarseillaise\/news\/wp-json\/wp\/v2\/types\/post"}],"author":[{"embeddable":true,"href":"https:\/\/euapp01.newsmemory.com\/lamarseillaise\/news\/wp-json\/wp\/v2\/users\/1"}],"replies":[{"embeddable":true,"href":"https:\/\/euapp01.newsmemory.com\/lamarseillaise\/news\/wp-json\/wp\/v2\/comments?post=41015"}],"version-history":[{"count":1,"href":"https:\/\/euapp01.newsmemory.com\/lamarseillaise\/news\/wp-json\/wp\/v2\/posts\/41015\/revisions"}],"predecessor-version":[{"id":41017,"href":"https:\/\/euapp01.newsmemory.com\/lamarseillaise\/news\/wp-json\/wp\/v2\/posts\/41015\/revisions\/41017"}],"wp:featuredmedia":[{"embeddable":true,"href":"https:\/\/euapp01.newsmemory.com\/lamarseillaise\/news\/wp-json\/wp\/v2\/media\/41016"}],"wp:attachment":[{"href":"https:\/\/euapp01.newsmemory.com\/lamarseillaise\/news\/wp-json\/wp\/v2\/media?parent=41015"}],"wp:term":[{"taxonomy":"category","embeddable":true,"href":"https:\/\/euapp01.newsmemory.com\/lamarseillaise\/news\/wp-json\/wp\/v2\/categories?post=41015"},{"taxonomy":"post_tag","embeddable":true,"href":"https:\/\/euapp01.newsmemory.com\/lamarseillaise\/news\/wp-json\/wp\/v2\/tags?post=41015"},{"taxonomy":"news-destination","embeddable":true,"href":"https:\/\/euapp01.newsmemory.com\/lamarseillaise\/news\/wp-json\/wp\/v2\/news-destination?post=41015"},{"taxonomy":"news-source","embeddable":true,"href":"https:\/\/euapp01.newsmemory.com\/lamarseillaise\/news\/wp-json\/wp\/v2\/news-source?post=41015"},{"taxonomy":"is_homepage","embeddable":true,"href":"https:\/\/euapp01.newsmemory.com\/lamarseillaise\/news\/wp-json\/wp\/v2\/is_homepage?post=41015"},{"taxonomy":"ta_other","embeddable":true,"href":"https:\/\/euapp01.newsmemory.com\/lamarseillaise\/news\/wp-json\/wp\/v2\/ta_other?post=41015"}],"curies":[{"name":"wp","href":"https:\/\/api.w.org\/{rel}","templated":true}]}}