{"id":41009,"date":"2026-09-01T07:54:00","date_gmt":"2026-09-01T05:54:00","guid":{"rendered":"https:\/\/euapp01.newsmemory.com\/lamarseillaise\/news\/?p=41009"},"modified":"2026-09-01T08:48:31","modified_gmt":"2026-09-01T06:48:31","slug":"a-la-fondation-maeght-leau-moteur-de-ellsworth-kelly","status":"publish","type":"post","link":"https:\/\/euapp01.newsmemory.com\/lamarseillaise\/news\/2026\/09\/01\/a-la-fondation-maeght-leau-moteur-de-ellsworth-kelly\/","title":{"rendered":"[Exposition] \u00c0 la Fondation Maeght, l\u2019eau moteur de Ellsworth Kelly"},"content":{"rendered":"<div class=\"paragraph\">\n<p>La Fondation Maeght demeure cet incroyable \u00e9crin qui, chaque ann\u00e9e, accueille, sur la Colline des Gardettes de Saint-Paul-de-Vence (peut-\u00eatre le village fran\u00e7ais le plus connu dans le monde), des expositions lumineuses. C\u2019est le cas cette ann\u00e9e avec celle consacr\u00e9e \u00e0 Ellsworth Kelly. \u00c9ric de\u00a0Chassey, sp\u00e9cialiste et ami du peintre am\u00e9ricain explique\u00a0:<i> <\/i>\u00ab\u00a0<i>Je me suis rendu compte, en le rencontrant r\u00e9guli\u00e8rement, qu\u2019il avait une fascination particuli\u00e8re pour l\u2019eau. Cela m\u2019a permis de comprendre par cet int\u00e9r\u00eat pourquoi ces formes g\u00e9om\u00e9triques tr\u00e8s simples pour lesquelles Kelly est connu, o\u00f9 d\u2019apparence tr\u00e8s simple, donnent toujours l\u2019impression de produire du mouvement<\/i>\u00a0\u00bb. Le commissaire de l\u2019exposition fait le parall\u00e8le avec l\u2019impression ressentie devant une \u00e9tendue d\u2019eau qui para\u00eet stable tout en \u00e9tant en mouvement permanent.<\/p>\n<\/p><\/div>\n<div class=\"intext\"> Un attrait pour les paysages\n              <\/div>\n<div class=\"paragraph\">\n<p>Qu\u2019il se soit inspir\u00e9 du monde qui l\u2019entourait pour cr\u00e9er son \u0153uvre n\u2019a rien d\u2019\u00e9tonnant. Ce qui l\u2019est en revanche c\u2019est cette recherche continue qui irrigue tout son travail. Ayant particip\u00e9 au d\u00e9barquement en 1944, Kelly obtient, en 1948, une bourse du GI\u00a0Bill qui lui permet de revenir en France. C\u2019est l\u00e0 qu\u2019il va d\u00e9velopper un attrait pour les paysages et les ph\u00e9nom\u00e8nes visuels. Mais c\u2019est aussi \u00e0 Paris que sa conception de la peinture va se transformer totalement. La couleur de Henri Matisse, les contours anthropomorphes des sculptures de Constantin Brancusi et l\u2019acceptation du hasard comme outil de composition de Jean Arp, le portent vers de nouveaux horizons et, pour tout dire, vers l\u2019abstraction.<\/p>\n<\/p><\/div>\n<div class=\"intext\"> Une vision essentielle, jamais \u00e9triqu\u00e9e\n              <\/div>\n<div class=\"paragraph\">\n<p>On peut n\u00e9anmoins penser qu\u2019un certain nombre de ces tendances \u00e9taient d\u00e9j\u00e0 inscrites dans ses recherches plastiques. Il s\u2019int\u00e9ressera aux reflets de la lumi\u00e8re sur le fleuve qui traverse la capitale et qui donnera <i>Seine<\/i> en 1951. Une composition totalement abstraite. Ou encore <i>Light Reflection on Water <\/i>(1951), une gouache d\u00e9licate traduisant le miroitement de l\u2019eau.<\/p>\n<p>En parcourant l\u2019exposition, on se rend compte \u00e0 quel point Ellsworth Kelly parvient \u00e0 se servir de sa perception, de la g\u00e9om\u00e9trisation aussi bien que de tous les al\u00e9as se manifestant, pour construire une vision essentielle, jamais \u00e9triqu\u00e9e.<\/p>\n<p>L\u2019\u00e9ventail de ce qui est pr\u00e9sent\u00e9 est vaste, des \u0153uvres figuratives du d\u00e9but, des dessins au bord de l\u2019eau puis des tableaux de grande dimension o\u00f9 la vibration des couleurs, leur assemblage en panneaux cr\u00e9ent une fulgurance inattendue. Avec <i>M\u00e9diterran\u00e9e<\/i> (1952), Kelly d\u00e9tourne la peinture traditionnelle. Il la transforme en une sculpture en trois dimensions. La carte postale devient un support de collages. La fronti\u00e8re entre figuration et abstraction a disparu. L\u2019une et l\u2019autre coexistent, transparaissent, s\u2019\u00e9pient comme <i>Helsinki (Wrestlers)<\/i> (1984), o\u00f9 une photo d\u00e9chir\u00e9e &#8211; deux hommes qui se battent comme des catcheurs &#8211; est coll\u00e9e sur un paysage maritime.<\/p>\n<p>On pourrait \u00e9galement dire ici les dialogues initi\u00e9s par Kelly avec Claude Monet. <i>Tableau Vert<\/i> (1953), peint apr\u00e8s une visite dans l\u2019atelier du ma\u00eetre de l\u2019impressionnisme \u00e0 Giverny, rend hommage aux Nymph\u00e9as. Sans parler du <i>BlueFloor Panel for Leo<\/i>, expos\u00e9 en 1992 \u00e0 la galerie de Leo Castelli \u00e0 New York et recr\u00e9\u00e9 sp\u00e9cialement pour la Fondation Maeght.<\/p>\n<\/p><\/div>\n<div class=\"intext\"> En r\u00e9sonance<br \/>\n               <br \/>avec la photographie\n              <\/div>\n<div class=\"paragraph\">\n<p>Toujours obs\u00e9d\u00e9 par les exp\u00e9riences visuelles, son travail entre en r\u00e9sonance avec la photographie non pour \u00ab\u00a0copier\u00a0\u00bb mais comme le prolongement d\u2019une exploration. C\u2019est tout naturellement qu\u2019il d\u00e9veloppe des bas-reliefs blancs dans les ann\u00e9es\u00a080, sorte de paquebots silencieux aux titres \u00e9voquant les plages de Saint-Martin et qu\u2019il reprendra dans ses derni\u00e8res ann\u00e9es, toujours \u00e9merveill\u00e9 par l\u2019apparition des formes. \u00ab\u00a0<i>C\u2019est l\u2019espace entre l\u2019\u0153il et le tableau qui est actif<\/i>\u00a0\u00bb, aimait-il \u00e0 dire.<\/p>\n<\/p><\/div>\n<div class=\"paragraph\">\n<p><i>\u00ab<\/i><i>\u00a0<\/i><i>Ellsworth Kelly. Aux bords de l\u2019eau<\/i><i>\u00a0<\/i><i>\u00bb.<\/i><i> Fondation Maeght, <br \/>623, Chemin des Gardettes, <br \/>06570 Saint-Paul-de-Vence<\/i><\/p>\n<p><i>Jusqu\u2019au 15<\/i><i>\u00a0<\/i><i>novembre<\/i><\/p>\n<\/p><\/div>\n","protected":false},"excerpt":{"rendered":"La Fondation Maeght demeure cet incroyable &eacute;crin qui, chaque ann&eacute;e, accueille, sur la Colline des Gardettes de Saint-Paul-de-Vence (peut-&ecirc;tre le village fran&ccedil;ais le plus connu dans le monde), des expositions lumineuses. &#8230;","protected":false},"author":1,"featured_media":41010,"comment_status":"open","ping_status":"open","sticky":false,"template":"","format":"standard","meta":{"footnotes":""},"categories":[918,3926,3925,32],"tags":[279,6345],"news-destination":[3944],"news-source":[475],"is_homepage":[],"ta_other":[],"class_list":["post-41009","post","type-post","status-publish","format-standard","has-post-thumbnail","hentry","category-accueil","category-accueil-merge","category-accueil-third","category-culture","tag-exposition","tag-saint-paul-de-vence","news-destination-homepage","news-source-website"],"_links":{"self":[{"href":"https:\/\/euapp01.newsmemory.com\/lamarseillaise\/news\/wp-json\/wp\/v2\/posts\/41009","targetHints":{"allow":["GET"]}}],"collection":[{"href":"https:\/\/euapp01.newsmemory.com\/lamarseillaise\/news\/wp-json\/wp\/v2\/posts"}],"about":[{"href":"https:\/\/euapp01.newsmemory.com\/lamarseillaise\/news\/wp-json\/wp\/v2\/types\/post"}],"author":[{"embeddable":true,"href":"https:\/\/euapp01.newsmemory.com\/lamarseillaise\/news\/wp-json\/wp\/v2\/users\/1"}],"replies":[{"embeddable":true,"href":"https:\/\/euapp01.newsmemory.com\/lamarseillaise\/news\/wp-json\/wp\/v2\/comments?post=41009"}],"version-history":[{"count":2,"href":"https:\/\/euapp01.newsmemory.com\/lamarseillaise\/news\/wp-json\/wp\/v2\/posts\/41009\/revisions"}],"predecessor-version":[{"id":41020,"href":"https:\/\/euapp01.newsmemory.com\/lamarseillaise\/news\/wp-json\/wp\/v2\/posts\/41009\/revisions\/41020"}],"wp:featuredmedia":[{"embeddable":true,"href":"https:\/\/euapp01.newsmemory.com\/lamarseillaise\/news\/wp-json\/wp\/v2\/media\/41010"}],"wp:attachment":[{"href":"https:\/\/euapp01.newsmemory.com\/lamarseillaise\/news\/wp-json\/wp\/v2\/media?parent=41009"}],"wp:term":[{"taxonomy":"category","embeddable":true,"href":"https:\/\/euapp01.newsmemory.com\/lamarseillaise\/news\/wp-json\/wp\/v2\/categories?post=41009"},{"taxonomy":"post_tag","embeddable":true,"href":"https:\/\/euapp01.newsmemory.com\/lamarseillaise\/news\/wp-json\/wp\/v2\/tags?post=41009"},{"taxonomy":"news-destination","embeddable":true,"href":"https:\/\/euapp01.newsmemory.com\/lamarseillaise\/news\/wp-json\/wp\/v2\/news-destination?post=41009"},{"taxonomy":"news-source","embeddable":true,"href":"https:\/\/euapp01.newsmemory.com\/lamarseillaise\/news\/wp-json\/wp\/v2\/news-source?post=41009"},{"taxonomy":"is_homepage","embeddable":true,"href":"https:\/\/euapp01.newsmemory.com\/lamarseillaise\/news\/wp-json\/wp\/v2\/is_homepage?post=41009"},{"taxonomy":"ta_other","embeddable":true,"href":"https:\/\/euapp01.newsmemory.com\/lamarseillaise\/news\/wp-json\/wp\/v2\/ta_other?post=41009"}],"curies":[{"name":"wp","href":"https:\/\/api.w.org\/{rel}","templated":true}]}}