{"id":41003,"date":"2026-09-01T07:57:00","date_gmt":"2026-09-01T05:57:00","guid":{"rendered":"https:\/\/euapp01.newsmemory.com\/lamarseillaise\/news\/?p=41003"},"modified":"2026-09-01T08:48:31","modified_gmt":"2026-09-01T06:48:31","slug":"forte-emotion-suite-au-deces-de-daniel-spagnou","status":"publish","type":"post","link":"https:\/\/euapp01.newsmemory.com\/lamarseillaise\/news\/2026\/09\/01\/forte-emotion-suite-au-deces-de-daniel-spagnou\/","title":{"rendered":"Forte \u00e9motion \u00e0 Sisteron, suite au d\u00e9c\u00e8s de Daniel Spagnou"},"content":{"rendered":"<div class=\"paragraph\">\n<p>N<i>ous perdons un serviteur de la R\u00e9publique exceptionnel, qui a consacr\u00e9 sa vie aux Alpes-de-Haute-Provence<\/i><i>\u00a0<\/i>\u00bb\u00a0: les r\u00e9actions ne se sont pas fait attendre lundi, \u00e0 l\u2019annonce de la mort de Daniel Spagnou (DVD), maire de Sisteron pendant 43\u00a0ans, mais aussi d\u00e9put\u00e9 UMP pendant 10\u00a0ans, conseiller g\u00e9n\u00e9ral et r\u00e9gional. Le pr\u00e9sident de la R\u00e9gion, Renaud Muselier (Ren.), a regrett\u00e9 la perte \u00ab\u00a0<i>d\u2019un ami, grand maire de Sisteron pendant 43<\/i><i>\u00a0<\/i><i>ans<\/i><i>\u00a0<\/i>\u00bb. L\u2019\u00e9dile, d\u00e9c\u00e9d\u00e9 \u00e0 l\u2019\u00e2ge de 85\u00a0ans, avait laiss\u00e9 sa place \u00e0 son premier adjoint, Jean-Pierre Templier (DVD), lors des derni\u00e8res \u00e9lections municipales, en mars dernier. Il avait d\u00e9j\u00e0 \u00e9t\u00e9 hospitalis\u00e9 et son \u00e9tat de sant\u00e9 \u00e9tait pr\u00e9occupant pendant la campagne des municipales.<\/p>\n<\/p><\/div>\n<div class=\"intext\"> \u00ab\u00a0Une part de l\u2019histoire<br \/>\n               <br \/>du d\u00e9partement\u00a0\u00bb\n              <\/div>\n<div class=\"paragraph\">\n<p>\u00ab\u00a0<i>Nous avons connu les satisfactions des nombreuses r\u00e9alisations accomplies, mais aussi les difficult\u00e9s inh\u00e9rentes \u00e0 la gestion d\u2019une commune et parfois les moments plus difficiles<\/i><i>\u00a0<\/i>\u00bb, a r\u00e9agi le nouveau maire, Jean-Pierre Templier, compagnon de route et ancien premier adjoint de Daniel Spagnou.<\/p>\n<p>Toute la droite locale, des Alpes-de-Haute-Provence jusqu\u2019aux Hautes-Alpes, s\u2019est montr\u00e9e \u00e9mue et a r\u00e9agi \u00e0 l\u2019annonce du d\u00e9c\u00e8s de l\u2019homme politique. De nombreux opposants politiques de l\u2019ancien maire ont \u00e9galement salu\u00e9 son engagement in\u00e9branlable. \u00ab\u00a0<i>Il va manquer \u00e0 Sisteron, aux maires et \u00e0 notre d\u00e9partement<\/i><i>\u00a0<\/i>\u00bb, a r\u00e9agi la pr\u00e9sidente du d\u00e9partement, Eliane Barreille (DVD).<\/p>\n<p>\u00ab\u00a0<i>C\u2019est avec une profonde \u00e9motion que j\u2019ai appris la disparition de Daniel Spagnou, qui, opposant politique au d\u00e9but de ma carri\u00e8re, \u00e9tait au fil des ann\u00e9es devenu un ami. Son engagement en politique est exceptionnel et se d\u00e9montre \u00e0 travers ses nombreux mandats<\/i><i>\u00a0<\/i>\u00bb, a de son c\u00f4t\u00e9 soulign\u00e9 Jean-Yves Roux, s\u00e9nateur (apparent\u00e9 PRG) du d\u00e9partement. \u00ab\u00a0<i>Il emporte avec lui une part inestimable de l\u2019histoire de notre d\u00e9partement, h\u00e9ritage qu\u2019il a su faire vivre au fil du temps. Nous lui devons collectivement beaucoup.<\/i><i>\u00a0<\/i>\u00bb<\/p>\n<p>\u00ab\u00a0<i>Pendant pr\u00e8s de 50<\/i><i>\u00a0<\/i><i>ans d\u2019engagement public, il aura tant apport\u00e9 \u00e0 notre d\u00e9partement et \u00e0 sa ville de Sisteron, \u00e0 laquelle il aura consacr\u00e9 une grande partie de sa vie. Daniel \u00e9tait un \u00e9lu de terrain, proche des gens, profond\u00e9ment attach\u00e9 \u00e0 son territoire et \u00e0 ses habitants. Une certaine conception de l\u2019engagement public (&#8230;) dans laquelle je me reconnais pleinement<\/i><i>\u00a0<\/i>\u00bb, a \u00e9crit David Gehant, maire (DVD) de Forcalquier, sur son compte Facebook. Camille Galtier, maire DVD de Manosque, a lui salu\u00e9 un \u00ab\u00a0<i>parcours hors norme<\/i><i>\u00a0<\/i>\u00bb et des \u00ab\u00a0<i>d\u00e9cennies d\u2019engagement au service de notre d\u00e9partement<\/i><i>\u00a0<\/i>\u00bb.<\/p>\n<p>\u00ab\u00a0<i>Il restera pour nous tous un exemple d\u2019investissement et plus encore, de d\u00e9vouement, \u00e0 \u0153uvrer pour l\u2019int\u00e9r\u00eat g\u00e9n\u00e9ral et pour ses chers concitoyens dont la proximit\u00e9 quotidienne \u00e9tait l\u00e9gendaire<\/i><i>\u00a0<\/i>\u00bb, a de son c\u00f4t\u00e9 \u00e9crit le maire de Digne, Julien Di\u00a0Benedetto (SE), saluant \u00ab\u00a0<i>une carri\u00e8re hors du commun qui restera dans les m\u00e9moires<\/i><i>\u00a0<\/i>\u00bb.<\/p>\n<\/p><\/div>\n","protected":false},"excerpt":{"rendered":"Nous perdons un serviteur de la R&eacute;publique exceptionnel, qui a consacr&eacute; sa vie aux Alpes-de-Haute-Provence&nbsp;&raquo;&nbsp;: les r&eacute;actions ne se sont pas fait attendre lundi, &agrave; l&rsquo;annonce de la mort de Daniel &#8230;","protected":false},"author":1,"featured_media":41004,"comment_status":"open","ping_status":"open","sticky":false,"template":"","format":"standard","meta":{"footnotes":""},"categories":[918,3926,3925,330,20],"tags":[4768,4467,925,642,3162,752,3663,478,191],"news-destination":[3944],"news-source":[475],"is_homepage":[],"ta_other":[],"class_list":["post-41003","post","type-post","status-publish","format-standard","has-post-thumbnail","hentry","category-accueil","category-accueil-merge","category-accueil-third","category-politique","category-societe","tag-alpes","tag-alpes-de-haute-provence","tag-deces","tag-droite","tag-elu","tag-maire","tag-mort","tag-municipales","tag-politique","news-destination-homepage","news-source-website"],"_links":{"self":[{"href":"https:\/\/euapp01.newsmemory.com\/lamarseillaise\/news\/wp-json\/wp\/v2\/posts\/41003","targetHints":{"allow":["GET"]}}],"collection":[{"href":"https:\/\/euapp01.newsmemory.com\/lamarseillaise\/news\/wp-json\/wp\/v2\/posts"}],"about":[{"href":"https:\/\/euapp01.newsmemory.com\/lamarseillaise\/news\/wp-json\/wp\/v2\/types\/post"}],"author":[{"embeddable":true,"href":"https:\/\/euapp01.newsmemory.com\/lamarseillaise\/news\/wp-json\/wp\/v2\/users\/1"}],"replies":[{"embeddable":true,"href":"https:\/\/euapp01.newsmemory.com\/lamarseillaise\/news\/wp-json\/wp\/v2\/comments?post=41003"}],"version-history":[{"count":2,"href":"https:\/\/euapp01.newsmemory.com\/lamarseillaise\/news\/wp-json\/wp\/v2\/posts\/41003\/revisions"}],"predecessor-version":[{"id":41022,"href":"https:\/\/euapp01.newsmemory.com\/lamarseillaise\/news\/wp-json\/wp\/v2\/posts\/41003\/revisions\/41022"}],"wp:featuredmedia":[{"embeddable":true,"href":"https:\/\/euapp01.newsmemory.com\/lamarseillaise\/news\/wp-json\/wp\/v2\/media\/41004"}],"wp:attachment":[{"href":"https:\/\/euapp01.newsmemory.com\/lamarseillaise\/news\/wp-json\/wp\/v2\/media?parent=41003"}],"wp:term":[{"taxonomy":"category","embeddable":true,"href":"https:\/\/euapp01.newsmemory.com\/lamarseillaise\/news\/wp-json\/wp\/v2\/categories?post=41003"},{"taxonomy":"post_tag","embeddable":true,"href":"https:\/\/euapp01.newsmemory.com\/lamarseillaise\/news\/wp-json\/wp\/v2\/tags?post=41003"},{"taxonomy":"news-destination","embeddable":true,"href":"https:\/\/euapp01.newsmemory.com\/lamarseillaise\/news\/wp-json\/wp\/v2\/news-destination?post=41003"},{"taxonomy":"news-source","embeddable":true,"href":"https:\/\/euapp01.newsmemory.com\/lamarseillaise\/news\/wp-json\/wp\/v2\/news-source?post=41003"},{"taxonomy":"is_homepage","embeddable":true,"href":"https:\/\/euapp01.newsmemory.com\/lamarseillaise\/news\/wp-json\/wp\/v2\/is_homepage?post=41003"},{"taxonomy":"ta_other","embeddable":true,"href":"https:\/\/euapp01.newsmemory.com\/lamarseillaise\/news\/wp-json\/wp\/v2\/ta_other?post=41003"}],"curies":[{"name":"wp","href":"https:\/\/api.w.org\/{rel}","templated":true}]}}