{"id":41000,"date":"2026-09-01T07:56:00","date_gmt":"2026-09-01T05:56:00","guid":{"rendered":"https:\/\/euapp01.newsmemory.com\/lamarseillaise\/news\/?p=41000"},"modified":"2026-09-01T08:48:31","modified_gmt":"2026-09-01T06:48:31","slug":"la-poste-va-sabrer-huit-bureaux-de-proximite","status":"publish","type":"post","link":"https:\/\/euapp01.newsmemory.com\/lamarseillaise\/news\/2026\/09\/01\/la-poste-va-sabrer-huit-bureaux-de-proximite\/","title":{"rendered":"Dans le Vaucluse, La Poste va sabrer huit bureaux de proximit\u00e9"},"content":{"rendered":"<div class=\"paragraph\">\n<p>Les grilles du bureau de La\u00a0Poste sont baiss\u00e9es ce lundi 31\u00a0ao\u00fbt, comme tous les lundis. Une sc\u00e8ne habituelle, donc. Mais cette situation risque de devenir permanente, car le lieu devrait fermer d\u00e9finitivement ses portes dans les prochains mois.<\/p>\n<p>Le syndicat SUD PTT alerte dans un communiqu\u00e9 sur une \u00ab\u00a0<i>fermeture s\u00e8che d\u2019ici 2027<\/i>\u00a0\u00bb de 8\u00a0bureaux de poste en Vaucluse. \u00c0 Avignon, celui de la Place Pie donc, mais aussi celui de Saint-Jean. En dehors de la Cit\u00e9 des Papes sont concern\u00e9s ceux de Gordes, Rasteau, Lapalud, Saint-Saturnin-l\u00e8s-Avignon, Fontaine-de-Vaucluse ou encore Jonqui\u00e8res. \u00ab\u00a0<i>Derri\u00e8re ces r\u00e9ductions et fermetures, c\u2019est une nouvelle fois une logique d\u2019\u00e9conomies qui se dessine, au d\u00e9triment du service public, des salari\u00e9s et des usagers<\/i>\u00a0\u00bb, poursuit le syndicat.<\/p>\n<p>Des arr\u00eats qui apportent \u00e9galement aux salari\u00e9s \u00ab\u00a0<i>son lot d\u2019incertitudes<\/i>\u00a0\u00bb, assure l\u2019organisation syndicale. Listant par exemple des \u00ab<i>\u00a0<\/i><i>mobilit\u00e9s impos\u00e9es<\/i><i>\u00a0<\/i>\u00bb, des suppressions de postes ou encore une surcharge de travail \u00e0 venir pour les bureaux restants. En d\u00e9coulent, forc\u00e9ment, des cons\u00e9quences pour les usagers. Le syndicat pointe ainsi qu\u2019en premier lieu, les d\u00e9placements pour acc\u00e9der \u00e0 un bureau vont \u00eatre de plus en plus importants. \u00ab\u00a0<i>Les usagers seront amen\u00e9s \u00e0 parcourir plusieurs kilom\u00e8tres pour r\u00e9cup\u00e9rer leurs courriers et colis avis\u00e9s ou effectuer des op\u00e9rations bancaires. Cette situation p\u00e9nalise particuli\u00e8rement les personnes \u00e2g\u00e9es, les personnes \u00e0 mobilit\u00e9 r\u00e9duite et celles qui ne disposent pas de moyen de transport, notamment dans les territoires ruraux<\/i>\u00a0\u00bb, d\u00e9taille SUD PTT\u00a084. Et assure que si ces bureaux sont remplac\u00e9s par des agences postales communales, le co\u00fbt serait deux fois plus \u00e9lev\u00e9 pour les usagers, et que les autres alternatives, comme les points relais, offrent \u00ab\u00a0<i>un service bien moindre<\/i>\u00a0\u00bb.<\/p>\n<p>Est \u00e9galement point\u00e9 du doigt l\u2019acc\u00e8s aux services bancaires. \u00ab\u00a0<i>Pour de nombreuses personnes pr\u00e9caires ou vuln\u00e9rables, ces services constituent souvent la seule solution bancaire de proximit\u00e9. R\u00e9duire cette pr\u00e9sence, c\u2019est donc fragiliser davantage celles et ceux qui ont le plus besoin d\u2019un service public accessible<\/i>\u00a0\u00bb, ajoute le syndicat.<\/p>\n<\/p><\/div>\n<div class=\"intext\"> Des \u00ab\u00a0nouveaux usages\u00a0\u00bb\n              <\/div>\n<div class=\"paragraph\">\n<p>SUD PTT assure <i>que <\/i>\u00ab\u00a0<i>face \u00e0 ces menaces<\/i>\u00a0\u00bb, une prise de contact est pr\u00e9vue avec les mairies des communes concern\u00e9es \u00e0 propos de ces fermetures afin d\u2019\u00e9valuer les cons\u00e9quences pour les usagers. \u00ab\u00a0<i>D\u00e9fendre les bureaux de poste, c\u2019est d\u00e9fendre les emplois, le service public et l\u2019\u00e9galit\u00e9 d\u2019acc\u00e8s aux services dans nos territoires. \u00c0 l\u2019heure o\u00f9 des d\u00e9bats politiques s\u2019engagent dans le cadre des prochaines \u00e9lections avec souvent au c\u0153ur de ceux-ci la pr\u00e9sence des services publics, il va falloir au-del\u00e0 des discours agir collectivement pour sauver la pr\u00e9sence postale dans notre d\u00e9partement et au-del\u00e0<\/i>\u00a0\u00bb, conclut le syndicat.<\/p>\n<p>De son c\u00f4t\u00e9, le groupe La\u00a0Poste, contact\u00e9 par La\u00a0Marseillaise, assure que la liste de bureaux de poste qui vont fermer \u00ab<i>\u00a0<\/i><i>ne pr\u00e9figure en rien de l\u2019avenir de la pr\u00e9sence de La<\/i><i>\u00a0<\/i><i>Poste en Vaucluse<\/i>\u00a0\u00bb. Et affirme que des concertations sont en cours dans le cadre du contrat de pr\u00e9sence postale \u00ab\u00a0<i>afin d\u2019identifier et proposer les solutions de pr\u00e9sence postale les mieux adapt\u00e9es aux besoins des habitants et \u00e0 la dynamique \u00e9conomique de ces villes<\/i><i>\u00a0<\/i>\u00bb.<\/p>\n<p>Plusieurs arguments sont ensuite avanc\u00e9s dans un contexte de \u00ab\u00a0<i>nouveaux usages des clients<\/i><i>\u00a0<\/i>\u00bb, d\u2019une \u00ab\u00a0<i>baisse du volume du courrier envoy\u00e9<\/i>\u00a0\u00bb et d\u2019une \u00ab\u00a0<i>digitalisation des op\u00e9rations postales et bancaires<\/i>\u00a0\u00bb entra\u00eenent une \u00ab\u00a0<i>une diminution de la fr\u00e9quentation des bureaux de Poste<\/i><i>\u00a0<\/i>\u00bb. \u00ab\u00a0<i>De ce fait, lorsque la fr\u00e9quentation est faible, La<\/i><i>\u00a0<\/i><i>Poste ne peut plus envisager le maintien d\u2019un bureau de poste en propre et doit r\u00e9fl\u00e9chir \u00e0 des solutions alternatives permettant de pr\u00e9server une pr\u00e9sence postale locale, tout en l\u2019adaptant aux usages des habitants<\/i><i>\u00a0<\/i>\u00bb, poursuit la direction de La\u00a0Poste. Qui pour ce faire, \u00ab\u00a0<i>fait \u00e9voluer sa pr\u00e9sence territoriale en d\u00e9veloppant des points de contact La Poste Relais au sein de commerces de proximit\u00e9<\/i>\u00a0\u00bb. Ce qui permettrait \u00ab\u00a0<i>de maintenir l\u2019accessibilit\u00e9 du service postal tout en offrant des horaires plus larges et participer au soutien de la vie \u00e9conomique locale et du commerce de proximit\u00e9<\/i><i>\u00a0<\/i>\u00bb.<\/p>\n<\/p><\/div>\n","protected":false},"excerpt":{"rendered":"Les grilles du bureau de La&nbsp;Poste sont baiss&eacute;es ce lundi 31&nbsp;ao&ucirc;t, comme tous les lundis. Une sc&egrave;ne habituelle, donc. Mais cette situation risque de devenir permanente, car le lieu devrait fermer d&eacute;finitivement &#8230;","protected":false},"author":1,"featured_media":41001,"comment_status":"open","ping_status":"open","sticky":false,"template":"","format":"standard","meta":{"footnotes":""},"categories":[918,3926,3925,20],"tags":[3741,3546,522,1339,751,2555,1478,171],"news-destination":[3944],"news-source":[475],"is_homepage":[],"ta_other":[],"class_list":["post-41000","post","type-post","status-publish","format-standard","has-post-thumbnail","hentry","category-accueil","category-accueil-merge","category-accueil-third","category-societe","tag-bureau-de-poste","tag-moyen-de-transport","tag-proximite","tag-reductions","tag-service-public","tag-suppressions-de-postes","tag-territoires","tag-vaucluse","news-destination-homepage","news-source-website"],"_links":{"self":[{"href":"https:\/\/euapp01.newsmemory.com\/lamarseillaise\/news\/wp-json\/wp\/v2\/posts\/41000","targetHints":{"allow":["GET"]}}],"collection":[{"href":"https:\/\/euapp01.newsmemory.com\/lamarseillaise\/news\/wp-json\/wp\/v2\/posts"}],"about":[{"href":"https:\/\/euapp01.newsmemory.com\/lamarseillaise\/news\/wp-json\/wp\/v2\/types\/post"}],"author":[{"embeddable":true,"href":"https:\/\/euapp01.newsmemory.com\/lamarseillaise\/news\/wp-json\/wp\/v2\/users\/1"}],"replies":[{"embeddable":true,"href":"https:\/\/euapp01.newsmemory.com\/lamarseillaise\/news\/wp-json\/wp\/v2\/comments?post=41000"}],"version-history":[{"count":2,"href":"https:\/\/euapp01.newsmemory.com\/lamarseillaise\/news\/wp-json\/wp\/v2\/posts\/41000\/revisions"}],"predecessor-version":[{"id":41021,"href":"https:\/\/euapp01.newsmemory.com\/lamarseillaise\/news\/wp-json\/wp\/v2\/posts\/41000\/revisions\/41021"}],"wp:featuredmedia":[{"embeddable":true,"href":"https:\/\/euapp01.newsmemory.com\/lamarseillaise\/news\/wp-json\/wp\/v2\/media\/41001"}],"wp:attachment":[{"href":"https:\/\/euapp01.newsmemory.com\/lamarseillaise\/news\/wp-json\/wp\/v2\/media?parent=41000"}],"wp:term":[{"taxonomy":"category","embeddable":true,"href":"https:\/\/euapp01.newsmemory.com\/lamarseillaise\/news\/wp-json\/wp\/v2\/categories?post=41000"},{"taxonomy":"post_tag","embeddable":true,"href":"https:\/\/euapp01.newsmemory.com\/lamarseillaise\/news\/wp-json\/wp\/v2\/tags?post=41000"},{"taxonomy":"news-destination","embeddable":true,"href":"https:\/\/euapp01.newsmemory.com\/lamarseillaise\/news\/wp-json\/wp\/v2\/news-destination?post=41000"},{"taxonomy":"news-source","embeddable":true,"href":"https:\/\/euapp01.newsmemory.com\/lamarseillaise\/news\/wp-json\/wp\/v2\/news-source?post=41000"},{"taxonomy":"is_homepage","embeddable":true,"href":"https:\/\/euapp01.newsmemory.com\/lamarseillaise\/news\/wp-json\/wp\/v2\/is_homepage?post=41000"},{"taxonomy":"ta_other","embeddable":true,"href":"https:\/\/euapp01.newsmemory.com\/lamarseillaise\/news\/wp-json\/wp\/v2\/ta_other?post=41000"}],"curies":[{"name":"wp","href":"https:\/\/api.w.org\/{rel}","templated":true}]}}