{"id":40997,"date":"2026-09-01T07:35:02","date_gmt":"2026-09-01T05:35:02","guid":{"rendered":"https:\/\/euapp01.newsmemory.com\/lamarseillaise\/news\/?p=40997"},"modified":"2026-09-01T08:48:31","modified_gmt":"2026-09-01T06:48:31","slug":"une-vague-de-soutiens-pour-ce-service-public","status":"publish","type":"post","link":"https:\/\/euapp01.newsmemory.com\/lamarseillaise\/news\/2026\/09\/01\/une-vague-de-soutiens-pour-ce-service-public\/","title":{"rendered":"Une vague de soutiens pour ce \u00ab&nbsp;service public&nbsp;\u00bb"},"content":{"rendered":"<div class=\"paragraph\">\n<p>Il y a un peu plus de trois ans, citoyens et \u00e9lus s\u2019\u00e9taient largement mobilis\u00e9s pour contester la fermeture du bureau de poste de Saint-Ruf. Si celle-ci n\u2019avait rien donn\u00e9, le lieu ayant finalement \u00e9t\u00e9 ferm\u00e9, ils sont plusieurs \u00e0 vouloir manifester \u00e0 nouveau si les fermetures de bureaux de poste se confirment.<\/p>\n<p>La section Avignon-Mori\u00e8res-Le Pontet du PCF a, dans un communiqu\u00e9, affirm\u00e9 son refus d\u2019\u00ab\u00a0<i>un nouveau recul du service public<\/i>\u00a0\u00bb. Tout en regrettant que \u00ab\u00a0<i>La Poste y avait d\u00e9j\u00e0 rendu la fr\u00e9quentation de ces bureaux plus difficile en y imposant des horaires d\u2019ouverture inadapt\u00e9s<\/i>\u00a0\u00bb, la section locale du parti assure que \u00ab\u00a0<i>fermer les lieux o\u00f9 l\u2019on peut encore \u00eatre accueilli et accompagn\u00e9 revient \u00e0 \u00e9loigner davantage les services de ceux qui en ont le plus besoin<\/i>\u00a0\u00bb. Et demande \u00e0 La\u00a0Poste de renoncer \u00e0 ces fermetures afin de garantir \u00ab\u00a0<i>un maillage postal \u00e0 la hauteur des besoins de ses habitants<\/i>\u00a0\u00bb.<\/p>\n<\/p><\/div>\n<div class=\"intext\"> Au plus pr\u00e8s des citoyens\n              <\/div>\n<div class=\"paragraph\">\n<p>Une position \u00e9galement partag\u00e9e par Fabrice Tocabens (PS), \u00e9lu d\u2019opposition au D\u00e9partement, qui d\u00e9nonce \u00ab\u00a0<i>une nouvelle attaque de Direction de La<\/i><i>\u00a0<\/i><i>Poste contre le service public<\/i><i>\u00a0<\/i>\u00bb. Une d\u00e9cision qui est pour celui qui est \u00e9galement conseiller municipal d\u2019opposition \u00e0 Avignon \u00ab\u00a0<i>\u00e0 contresens de toutes les politiques men\u00e9es dans ces quartiers populaires, une fois de plus les personnes \u00e2g\u00e9es ainsi que les plus pauvres vont perdre un service public essentiel<\/i><i>\u00a0<\/i>\u00bb. Mais aussi Laurence Lef\u00e8vre, conseill\u00e8re d\u00e9partementale d\u2019opposition (DVG) et ex-adjointe au maire lors de la pr\u00e9c\u00e9dente mandature. \u00ab\u00a0<i>Les arguments avanc\u00e9s sont toujours les m\u00eames<\/i><i>\u00a0<\/i><i>: moins de courriers, changements des usages, moins de colis, une activit\u00e9 qui \u00e9volue&#8230; Toujours pour finalit\u00e9, r\u00e9duire la pr\u00e9sence de La<\/i><i>\u00a0<\/i><i>Poste, mais \u00e0 aucun moment la question essentielle<\/i><i>\u00a0<\/i><i>: qu\u2019en est-il du service public<\/i><i>\u00a0<\/i><i>?<\/i>\u00a0\u00bb, pousse-t-elle dans un communiqu\u00e9. Et poursuit en rappelant qu\u2019un service public \u00ab\u00a0<i>ne se r\u00e9sume pas \u00e0 faire des \u00e9conomies ou \u00e0 rechercher la rentabilit\u00e9<\/i>\u00a0\u00bb\u00a0; mais qu\u2019il consiste \u00ab\u00a0<i>avant tout \u00e0 rendre un service aux citoyens, \u00e0 maintenir une pr\u00e9sence de proximit\u00e9 et \u00e0 garantir \u00e0 chacun l\u2019acc\u00e8s aux services essentiels<\/i><i>\u00a0<\/i>\u00bb.<\/p>\n<p>Du c\u00f4t\u00e9 de la municipalit\u00e9 actuelle, contact\u00e9e par <i>La<\/i><i>\u00a0<\/i><i>Marseillaise<\/i>, pas de r\u00e9ponse ni de r\u00e9action pour l\u2019heure. Se pose \u00e9galement la question de la vacance du lieu, la ville \u00e9tant confront\u00e9e ces derni\u00e8res ann\u00e9es \u00e0 cette probl\u00e9matique.<\/p>\n<\/p><\/div>\n","protected":false},"excerpt":{"rendered":"Il y a un peu plus de trois ans, citoyens et &eacute;lus s&rsquo;&eacute;taient largement mobilis&eacute;s pour contester la fermeture du bureau de poste de Saint-Ruf. Si celle-ci n&rsquo;avait rien donn&eacute;, le lieu ayant finalement &#8230;","protected":false},"author":1,"featured_media":40998,"comment_status":"open","ping_status":"open","sticky":false,"template":"","format":"standard","meta":{"footnotes":""},"categories":[918,3926,3925,20],"tags":[3741,187,751,171],"news-destination":[3944],"news-source":[475],"is_homepage":[],"ta_other":[],"class_list":["post-40997","post","type-post","status-publish","format-standard","has-post-thumbnail","hentry","category-accueil","category-accueil-merge","category-accueil-third","category-societe","tag-bureau-de-poste","tag-frequentation","tag-service-public","tag-vaucluse","news-destination-homepage","news-source-website"],"_links":{"self":[{"href":"https:\/\/euapp01.newsmemory.com\/lamarseillaise\/news\/wp-json\/wp\/v2\/posts\/40997","targetHints":{"allow":["GET"]}}],"collection":[{"href":"https:\/\/euapp01.newsmemory.com\/lamarseillaise\/news\/wp-json\/wp\/v2\/posts"}],"about":[{"href":"https:\/\/euapp01.newsmemory.com\/lamarseillaise\/news\/wp-json\/wp\/v2\/types\/post"}],"author":[{"embeddable":true,"href":"https:\/\/euapp01.newsmemory.com\/lamarseillaise\/news\/wp-json\/wp\/v2\/users\/1"}],"replies":[{"embeddable":true,"href":"https:\/\/euapp01.newsmemory.com\/lamarseillaise\/news\/wp-json\/wp\/v2\/comments?post=40997"}],"version-history":[{"count":1,"href":"https:\/\/euapp01.newsmemory.com\/lamarseillaise\/news\/wp-json\/wp\/v2\/posts\/40997\/revisions"}],"predecessor-version":[{"id":40999,"href":"https:\/\/euapp01.newsmemory.com\/lamarseillaise\/news\/wp-json\/wp\/v2\/posts\/40997\/revisions\/40999"}],"wp:featuredmedia":[{"embeddable":true,"href":"https:\/\/euapp01.newsmemory.com\/lamarseillaise\/news\/wp-json\/wp\/v2\/media\/40998"}],"wp:attachment":[{"href":"https:\/\/euapp01.newsmemory.com\/lamarseillaise\/news\/wp-json\/wp\/v2\/media?parent=40997"}],"wp:term":[{"taxonomy":"category","embeddable":true,"href":"https:\/\/euapp01.newsmemory.com\/lamarseillaise\/news\/wp-json\/wp\/v2\/categories?post=40997"},{"taxonomy":"post_tag","embeddable":true,"href":"https:\/\/euapp01.newsmemory.com\/lamarseillaise\/news\/wp-json\/wp\/v2\/tags?post=40997"},{"taxonomy":"news-destination","embeddable":true,"href":"https:\/\/euapp01.newsmemory.com\/lamarseillaise\/news\/wp-json\/wp\/v2\/news-destination?post=40997"},{"taxonomy":"news-source","embeddable":true,"href":"https:\/\/euapp01.newsmemory.com\/lamarseillaise\/news\/wp-json\/wp\/v2\/news-source?post=40997"},{"taxonomy":"is_homepage","embeddable":true,"href":"https:\/\/euapp01.newsmemory.com\/lamarseillaise\/news\/wp-json\/wp\/v2\/is_homepage?post=40997"},{"taxonomy":"ta_other","embeddable":true,"href":"https:\/\/euapp01.newsmemory.com\/lamarseillaise\/news\/wp-json\/wp\/v2\/ta_other?post=40997"}],"curies":[{"name":"wp","href":"https:\/\/api.w.org\/{rel}","templated":true}]}}