{"id":40994,"date":"2026-09-01T07:46:00","date_gmt":"2026-09-01T05:46:00","guid":{"rendered":"https:\/\/euapp01.newsmemory.com\/lamarseillaise\/news\/?p=40994"},"modified":"2026-09-01T08:48:31","modified_gmt":"2026-09-01T06:48:31","slug":"securiser-fibre-excellence-exige-des-prolongations","status":"publish","type":"post","link":"https:\/\/euapp01.newsmemory.com\/lamarseillaise\/news\/2026\/09\/01\/securiser-fibre-excellence-exige-des-prolongations\/","title":{"rendered":"\u00c0 Tarascon, s\u00e9curiser Fibre Excellence exige des prolongations"},"content":{"rendered":"<div class=\"paragraph\">\n<p>Le tribunal de commerce de Toulouse a prononc\u00e9 la liquidation judiciaire de la SAS Fibre Excellence Provence le 29\u00a0juillet dernier. Depuis la mise \u00e0 l\u2019arr\u00eat du site Seveso, les salari\u00e9s veillent \u00e0 la s\u00e9curit\u00e9 des installations mais le 28\u00a0ao\u00fbt, \u00e0 la veille de leur licenciement, le transfert de comp\u00e9tence n\u2019ayant pas \u00e9t\u00e9 assur\u00e9, ils ont alert\u00e9 des dangers environnementaux que faisait encourir une fermeture non pr\u00e9par\u00e9e.<\/p>\n<p>Le 4\u00a0ao\u00fbt, le directeur r\u00e9gional de la Direction r\u00e9gionale de l\u2019environnement, de l\u2019am\u00e9nagement et du logement (Dreal Paca) rappelait d\u00e9j\u00e0 aux mandataires judiciaires leurs obligations environnementales, en mati\u00e8re de mise en s\u00e9curit\u00e9 du site. Le 20\u00a0ao\u00fbt, Jacques Witkowski, pr\u00e9fet des Bouches-du-Rh\u00f4ne, mettait l\u2019exploitant en demeure de \u00ab\u00a0<i>pr\u00e9ciser son organisation en cas d\u2019incident ou d\u2019accident sur site voire de d\u00e9clenchement de Plan d\u2019Op\u00e9ration Interne<\/i>\u00a0\u00bb. Le 28\u00a0ao\u00fbt, le liquidateur \u00e9tait absent du site, rien n\u2019avait \u00e9t\u00e9 mis en \u0153uvre, alors que les 270\u00a0licenciements \u00e9taient pr\u00e9vus le lendemain. Pour le pr\u00e9fet, la mise en s\u00e9curit\u00e9 de l\u2019usine n\u2019a \u00ab<i>\u00a0<\/i><i>pas \u00e9t\u00e9 initi\u00e9e<\/i><i>\u00a0<\/i>\u00bb. Il a donn\u00e9 raison aux salari\u00e9s qui ont \u00e9t\u00e9 r\u00e9embauch\u00e9s pour trois jours.<\/p>\n<p>Le liquidateur devait transmettre \u00e0 l\u2019Inspection des installations class\u00e9es au plus tard ce lundi 31\u00a0ao\u00fbt, les mesures et moyens qu\u2019il entend mettre en \u0153uvre pour garantir la s\u00e9curit\u00e9 sur l\u2019usine. R\u00e9unis en pr\u00e9fecture, en pr\u00e9sence des liquidateurs judiciaires et de repr\u00e9sentants de la Dreal Paca, les salari\u00e9s et leurs syndicats CGT et FO ont \u00e0 nouveau d\u00e9fendu qu\u2019une fermeture requi\u00e8re la pr\u00e9sence d\u2019une quarantaine de travailleurs sur le site 24h\u00a0sur\u00a024 durant six mois. Lourde d\u00e9ception et col\u00e8re \u00e0 la sortie pour le d\u00e9l\u00e9gu\u00e9 syndical CGT du site\u00a0: \u00ab\u00a0<i>Ils nous ont propos\u00e9 un plan sur un mois pour 9<\/i><i>\u00a0<\/i><i>salari\u00e9s, pour on ne sait quel salaire, et on referait le point dans trois semaines<\/i><i>\u00a0<\/i><i>! C\u2019est inacceptable<\/i>, r\u00e9agit Jean-Michel Bulinge, <i>Je vais l\u2019annoncer aux salari\u00e9s et on d\u00e9cidera des suites du mouvement<\/i><i>\u00a0<\/i>\u00bb.<\/p>\n<\/p><\/div>\n<div class=\"intext\"> Toute la fili\u00e8re concern\u00e9e\n              <\/div>\n<div class=\"paragraph\">\n<p>La fermeture s\u00e9curis\u00e9e risque de jouer les prolongations. C\u2019est \u00e0 plus grande \u00e9chelle qu\u2019il faudra \u00e9valuer les cons\u00e9quences sociales, industrielles et environnementales de la condamnation de l\u2019usine de p\u00e2te \u00e0 papier. \u00ab\u00a0<i>On consomme un million de tonnes de bois par an. Qui peut compenser cette perte de volume pour l\u2019industrie foresti\u00e8re<\/i><i>\u00a0<\/i><i>?<\/i><i>\u00a0<\/i>\u00bb interrogeait Jean-Michel Bulinge. \u00c9galement inqui\u00e8te pour les 5\u00a0000\u00a0emplois induits, la CCI du Pays d\u2019Arles a ouvert une cellule<b> <\/b>d\u00e9di\u00e9e aux entreprises prestataires, fournisseurs et sous-traitants impact\u00e9s. Car on ne recr\u00e9e pas aussi facilement des emplois. Les salari\u00e9s de Fibre Excellence en font d\u00e9j\u00e0 les frais\u00a0: \u00ab\u00a0<i>on a eu des propositions de reclassement \u00e0 des centaines de kilom\u00e8tres, dans le Doubs, \u00e0 Tartaras dans les Landes, \u00e0 Vic-le-Comte en Mayenne, \u00e0 Laval-sur-Vologne dans les Vosges&#8230;<\/i><i>\u00a0<\/i>\u00bb d\u00e9plorait Yohan, op\u00e9rateur, apr\u00e8s 24\u00a0ans pass\u00e9s \u00e0 l\u2019usine.<\/p>\n<\/p><\/div>\n","protected":false},"excerpt":{"rendered":"Le tribunal de commerce de Toulouse a prononc&eacute; la liquidation judiciaire de la SAS Fibre Excellence Provence le 29&nbsp;juillet dernier. Depuis la mise &agrave; l&rsquo;arr&ecirc;t du site Seveso, les salari&eacute;s veillent &agrave; la &#8230;","protected":false},"author":1,"featured_media":40995,"comment_status":"open","ping_status":"open","sticky":false,"template":"","format":"standard","meta":{"footnotes":""},"categories":[918,3926,3925,331],"tags":[10,1574,4281,756,1740,2374],"news-destination":[3944],"news-source":[475],"is_homepage":[],"ta_other":[],"class_list":["post-40994","post","type-post","status-publish","format-standard","has-post-thumbnail","hentry","category-accueil","category-accueil-merge","category-accueil-third","category-social","tag-bouches-du-rhone","tag-liquidation-judiciaire","tag-pate-a-papier","tag-seveso","tag-tarascon","tag-usine","news-destination-homepage","news-source-website"],"_links":{"self":[{"href":"https:\/\/euapp01.newsmemory.com\/lamarseillaise\/news\/wp-json\/wp\/v2\/posts\/40994","targetHints":{"allow":["GET"]}}],"collection":[{"href":"https:\/\/euapp01.newsmemory.com\/lamarseillaise\/news\/wp-json\/wp\/v2\/posts"}],"about":[{"href":"https:\/\/euapp01.newsmemory.com\/lamarseillaise\/news\/wp-json\/wp\/v2\/types\/post"}],"author":[{"embeddable":true,"href":"https:\/\/euapp01.newsmemory.com\/lamarseillaise\/news\/wp-json\/wp\/v2\/users\/1"}],"replies":[{"embeddable":true,"href":"https:\/\/euapp01.newsmemory.com\/lamarseillaise\/news\/wp-json\/wp\/v2\/comments?post=40994"}],"version-history":[{"count":2,"href":"https:\/\/euapp01.newsmemory.com\/lamarseillaise\/news\/wp-json\/wp\/v2\/posts\/40994\/revisions"}],"predecessor-version":[{"id":41019,"href":"https:\/\/euapp01.newsmemory.com\/lamarseillaise\/news\/wp-json\/wp\/v2\/posts\/40994\/revisions\/41019"}],"wp:featuredmedia":[{"embeddable":true,"href":"https:\/\/euapp01.newsmemory.com\/lamarseillaise\/news\/wp-json\/wp\/v2\/media\/40995"}],"wp:attachment":[{"href":"https:\/\/euapp01.newsmemory.com\/lamarseillaise\/news\/wp-json\/wp\/v2\/media?parent=40994"}],"wp:term":[{"taxonomy":"category","embeddable":true,"href":"https:\/\/euapp01.newsmemory.com\/lamarseillaise\/news\/wp-json\/wp\/v2\/categories?post=40994"},{"taxonomy":"post_tag","embeddable":true,"href":"https:\/\/euapp01.newsmemory.com\/lamarseillaise\/news\/wp-json\/wp\/v2\/tags?post=40994"},{"taxonomy":"news-destination","embeddable":true,"href":"https:\/\/euapp01.newsmemory.com\/lamarseillaise\/news\/wp-json\/wp\/v2\/news-destination?post=40994"},{"taxonomy":"news-source","embeddable":true,"href":"https:\/\/euapp01.newsmemory.com\/lamarseillaise\/news\/wp-json\/wp\/v2\/news-source?post=40994"},{"taxonomy":"is_homepage","embeddable":true,"href":"https:\/\/euapp01.newsmemory.com\/lamarseillaise\/news\/wp-json\/wp\/v2\/is_homepage?post=40994"},{"taxonomy":"ta_other","embeddable":true,"href":"https:\/\/euapp01.newsmemory.com\/lamarseillaise\/news\/wp-json\/wp\/v2\/ta_other?post=40994"}],"curies":[{"name":"wp","href":"https:\/\/api.w.org\/{rel}","templated":true}]}}