{"id":40988,"date":"2026-09-01T08:05:00","date_gmt":"2026-09-01T06:05:00","guid":{"rendered":"https:\/\/euapp01.newsmemory.com\/lamarseillaise\/news\/?p=40988"},"modified":"2026-09-01T08:48:31","modified_gmt":"2026-09-01T06:48:31","slug":"la-route-des-trois-lucs-rouvre-le-1er-septembre","status":"publish","type":"post","link":"https:\/\/euapp01.newsmemory.com\/lamarseillaise\/news\/2026\/09\/01\/la-route-des-trois-lucs-rouvre-le-1er-septembre\/","title":{"rendered":"La route des Trois-Lucs \u00e0 la Valentine rouvre le 1er&nbsp;septembre"},"content":{"rendered":"<div class=\"paragraph\">\n<p>Les riverains pourront souffler. La M\u00e9tropole Aix-Marseille a confirm\u00e9 \u00e0 <i>La<\/i><i>\u00a0<\/i><i>Marseillaise <\/i>ce vendredi matin que la r\u00e9ouverture \u00e0 la circulation de la route des Trois-Lucs \u00e0 la Valentine, dans le 12<sup>e<\/sup>\u00a0arrondissement, \u00e9tait bien pr\u00e9vue le 1<sup>er<\/sup>\u00a0septembre. Le 29\u00a0janvier dernier, un trou b\u00e9ant large de six m\u00e8tres sur cinq \u00e9tait apparu au milieu de la chauss\u00e9e de cet axe fr\u00e9quent\u00e9 quotidiennement par 15\u00a0000\u00a0automobilistes, en raison de la pr\u00e9sence de gypse dans le sous-sol. De quoi saturer un peu plus les acc\u00e8s voisins. Aussi ce mardi, apr\u00e8s la r\u00e9fection de la chauss\u00e9e dans le courant de l\u2019\u00e9t\u00e9, le maire (LR) d\u2019Allauch Lionel de Cala avait-il interpell\u00e9 \u00e0 travers un courrier le pr\u00e9sident (LR) de la M\u00e9tropole Nicolas Isnard pour que la route puisse \u00ab\u00a0<i>dans la mesure du possible \u00eatre ouverte \u00e0 la circulation dans les deux sens avant le 1<\/i><i><sup>er<\/sup><\/i><i>\u00a0<\/i><i>septembre<\/i><i>\u00a0<\/i>\u00bb. \u00ab\u00a0<i>Depuis sa fermeture, les flux se sont consid\u00e9rablement report\u00e9s sur les acc\u00e8s \u00e0 notre commune, [&#8230;] entra\u00eenant une saturation r\u00e9currente et des difficult\u00e9s quotidiennes pour les riverains comme pour les automobilistes<\/i><i>\u00a0<\/i>\u00bb, expliquait-il.<\/p>\n<p>Si l\u2019\u00e9dile a bien obtenu gain de cause, \u00ab\u00a0<i>en raison de ses caract\u00e9ristiques particuli\u00e8res, cette voie ne peut supporter un trafic de poids lourds<\/i>\u00a0\u00bb, lui explique le pr\u00e9sident de l\u2019intercommunalit\u00e9 dans son courrier de r\u00e9ponse. Les services ont donc d\u00fb renforcer la signalisation signifiant cette interdiction apr\u00e8s la r\u00e9fection. \u00ab\u00a0<i>Un syst\u00e8me de comptage vid\u00e9o sera \u00e9galement mis en place pour s\u2019assurer du respect de cette interdiction et \u00e9viter tout nouveau d\u00e9sordre<\/i><i>\u00a0<\/i>\u00bb, d\u00e9taille l\u2019institution. En pr\u00e9cisant qu\u2019elle \u00e9tudie le d\u00e9ploiement de dispositifs plus p\u00e9rennes, comme des portiques ou une modification de la trame circulatoire.<\/p>\n<\/p><\/div>\n","protected":false},"excerpt":{"rendered":"Les riverains pourront souffler. La M&eacute;tropole Aix-Marseille a confirm&eacute; &agrave; La&nbsp;Marseillaise ce vendredi matin que la r&eacute;ouverture &agrave; la circulation de la route des Trois-Lucs &agrave; la Valentine, dans le &#8230;","protected":false},"author":1,"featured_media":40989,"comment_status":"open","ping_status":"open","sticky":false,"template":"","format":"standard","meta":{"footnotes":""},"categories":[918,3926,3925,20],"tags":[],"news-destination":[3944],"news-source":[475],"is_homepage":[],"ta_other":[],"class_list":["post-40988","post","type-post","status-publish","format-standard","has-post-thumbnail","hentry","category-accueil","category-accueil-merge","category-accueil-third","category-societe","news-destination-homepage","news-source-website"],"_links":{"self":[{"href":"https:\/\/euapp01.newsmemory.com\/lamarseillaise\/news\/wp-json\/wp\/v2\/posts\/40988","targetHints":{"allow":["GET"]}}],"collection":[{"href":"https:\/\/euapp01.newsmemory.com\/lamarseillaise\/news\/wp-json\/wp\/v2\/posts"}],"about":[{"href":"https:\/\/euapp01.newsmemory.com\/lamarseillaise\/news\/wp-json\/wp\/v2\/types\/post"}],"author":[{"embeddable":true,"href":"https:\/\/euapp01.newsmemory.com\/lamarseillaise\/news\/wp-json\/wp\/v2\/users\/1"}],"replies":[{"embeddable":true,"href":"https:\/\/euapp01.newsmemory.com\/lamarseillaise\/news\/wp-json\/wp\/v2\/comments?post=40988"}],"version-history":[{"count":2,"href":"https:\/\/euapp01.newsmemory.com\/lamarseillaise\/news\/wp-json\/wp\/v2\/posts\/40988\/revisions"}],"predecessor-version":[{"id":41024,"href":"https:\/\/euapp01.newsmemory.com\/lamarseillaise\/news\/wp-json\/wp\/v2\/posts\/40988\/revisions\/41024"}],"wp:featuredmedia":[{"embeddable":true,"href":"https:\/\/euapp01.newsmemory.com\/lamarseillaise\/news\/wp-json\/wp\/v2\/media\/40989"}],"wp:attachment":[{"href":"https:\/\/euapp01.newsmemory.com\/lamarseillaise\/news\/wp-json\/wp\/v2\/media?parent=40988"}],"wp:term":[{"taxonomy":"category","embeddable":true,"href":"https:\/\/euapp01.newsmemory.com\/lamarseillaise\/news\/wp-json\/wp\/v2\/categories?post=40988"},{"taxonomy":"post_tag","embeddable":true,"href":"https:\/\/euapp01.newsmemory.com\/lamarseillaise\/news\/wp-json\/wp\/v2\/tags?post=40988"},{"taxonomy":"news-destination","embeddable":true,"href":"https:\/\/euapp01.newsmemory.com\/lamarseillaise\/news\/wp-json\/wp\/v2\/news-destination?post=40988"},{"taxonomy":"news-source","embeddable":true,"href":"https:\/\/euapp01.newsmemory.com\/lamarseillaise\/news\/wp-json\/wp\/v2\/news-source?post=40988"},{"taxonomy":"is_homepage","embeddable":true,"href":"https:\/\/euapp01.newsmemory.com\/lamarseillaise\/news\/wp-json\/wp\/v2\/is_homepage?post=40988"},{"taxonomy":"ta_other","embeddable":true,"href":"https:\/\/euapp01.newsmemory.com\/lamarseillaise\/news\/wp-json\/wp\/v2\/ta_other?post=40988"}],"curies":[{"name":"wp","href":"https:\/\/api.w.org\/{rel}","templated":true}]}}