{"id":40985,"date":"2026-09-01T08:11:00","date_gmt":"2026-09-01T06:11:00","guid":{"rendered":"https:\/\/euapp01.newsmemory.com\/lamarseillaise\/news\/?p=40985"},"modified":"2026-09-01T08:48:31","modified_gmt":"2026-09-01T06:48:31","slug":"le-bien-etre-des-enfants-au-coeur-des-priorites-de-rentree","status":"publish","type":"post","link":"https:\/\/euapp01.newsmemory.com\/lamarseillaise\/news\/2026\/09\/01\/le-bien-etre-des-enfants-au-coeur-des-priorites-de-rentree\/","title":{"rendered":"Le bien-\u00eatre des enfants au c\u0153ur des priorit\u00e9s de rentr\u00e9e \u00e0 Vitrolles"},"content":{"rendered":"<div class=\"paragraph\">\n<p>En ce jour de rentr\u00e9e, les \u00e9l\u00e8ves sont sous les projecteurs. \u00c0 Vitrolles, l\u2019enfance est le premier poste de d\u00e9penses de la Ville. En 2026, 42% du budget sont consacr\u00e9s \u00e0 la jeunesse et l\u2019\u00e9ducation.<\/p>\n<p>Chaque ann\u00e9e, la Commune r\u00e9alise des travaux d\u2019entretien ou de r\u00e9novation dans les groupes scolaires pendant les vacances scolaires. D\u00e8s le mois d\u2019avril, une premi\u00e8re vague d\u2019investissements a permis d\u2019am\u00e9liorer le confort d\u2019\u00e9t\u00e9. Mise en place d\u2019une ombri\u00e8re dans la cour de l\u2019\u00e9cole \u00e9l\u00e9mentaire Anne Sylvestre, isolation de la toiture de la maternelle Lucie Aubrac, installation de brise-vues dans l\u2019\u00e9cole \u00e9l\u00e9mentaire du m\u00eame groupe, pose d\u2019un vernis anti UV sur les vitrages de deux fa\u00e7ades sud de l\u2019\u00e9tablissement Prairial ainsi que dans la maternelle Fr\u00e9d\u00e9ric Mistral&#8230; Sans oublier les travaux de r\u00e9novation et de mise en accessibilit\u00e9. Au total, pr\u00e8s d\u20191\u00a0million d\u2019euros ont \u00e9t\u00e9 investis dans des travaux pour 22\u00a0\u00e9coles (sur\u00a028) et 2\u00a0cr\u00e8ches.<\/p>\n<p>\u00ab<i>\u00a0<\/i><i>Nous avons l\u2019ambition de prot\u00e9ger et de garantir le bien-\u00eatre physique et mental de chaque enfant \u00e0 l\u2019\u00e9cole, <\/i>explique Nadine Cuilli\u00e8re, adjointe au maire d\u00e9l\u00e9gu\u00e9e \u00e0 l\u2019enfance et \u00e0 l\u2019\u00e9ducation<i>. Cela passe par des professionnels form\u00e9s, (&#8230;) une attention constante port\u00e9e aux familles et des lieux pens\u00e9s pour r\u00e9pondre aux besoins.<\/i>\u00a0\u00bb<\/p>\n<p>En 2026, de premi\u00e8res \u00e9tudes concernant l\u2019isolation thermique de l\u2019\u00e9cole \u00e9l\u00e9mentaire Aubrac, et des groupes scolaires Raimu et Prairial seront lanc\u00e9es. La Ville entame par ailleurs un diagnostic global de l\u2019ensemble de son patrimoine \u00e9ducatif afin d\u2019int\u00e9grer des actions cibl\u00e9es en fonction des sp\u00e9cificit\u00e9s de chaque b\u00e2timent dans un plan pluriannuel d\u2019investissement.<\/p>\n<\/p><\/div>\n","protected":false},"excerpt":{"rendered":"En ce jour de rentr&eacute;e, les &eacute;l&egrave;ves sont sous les projecteurs. &Agrave; Vitrolles, l&rsquo;enfance est le premier poste de d&eacute;penses de la Ville. En 2026, 42% du budget sont consacr&eacute;s &agrave; la jeunesse et &#8230;","protected":false},"author":1,"featured_media":40986,"comment_status":"open","ping_status":"open","sticky":false,"template":"","format":"standard","meta":{"footnotes":""},"categories":[918,3926,3925,20],"tags":[1776,101,2250,10,430,411,412,57,2720,1582,716,166,2874,1363],"news-destination":[3944],"news-source":[475],"is_homepage":[],"ta_other":[],"class_list":["post-40985","post","type-post","status-publish","format-standard","has-post-thumbnail","hentry","category-accueil","category-accueil-merge","category-accueil-third","category-societe","tag-accessibilite","tag-batiment","tag-bien-etre","tag-bouches-du-rhone","tag-budget","tag-ecoles","tag-eleves","tag-enfants","tag-loic-gachon","tag-renovation","tag-rentree","tag-travaux","tag-vacances-scolaires","tag-vitrolles","news-destination-homepage","news-source-website"],"_links":{"self":[{"href":"https:\/\/euapp01.newsmemory.com\/lamarseillaise\/news\/wp-json\/wp\/v2\/posts\/40985","targetHints":{"allow":["GET"]}}],"collection":[{"href":"https:\/\/euapp01.newsmemory.com\/lamarseillaise\/news\/wp-json\/wp\/v2\/posts"}],"about":[{"href":"https:\/\/euapp01.newsmemory.com\/lamarseillaise\/news\/wp-json\/wp\/v2\/types\/post"}],"author":[{"embeddable":true,"href":"https:\/\/euapp01.newsmemory.com\/lamarseillaise\/news\/wp-json\/wp\/v2\/users\/1"}],"replies":[{"embeddable":true,"href":"https:\/\/euapp01.newsmemory.com\/lamarseillaise\/news\/wp-json\/wp\/v2\/comments?post=40985"}],"version-history":[{"count":2,"href":"https:\/\/euapp01.newsmemory.com\/lamarseillaise\/news\/wp-json\/wp\/v2\/posts\/40985\/revisions"}],"predecessor-version":[{"id":41025,"href":"https:\/\/euapp01.newsmemory.com\/lamarseillaise\/news\/wp-json\/wp\/v2\/posts\/40985\/revisions\/41025"}],"wp:featuredmedia":[{"embeddable":true,"href":"https:\/\/euapp01.newsmemory.com\/lamarseillaise\/news\/wp-json\/wp\/v2\/media\/40986"}],"wp:attachment":[{"href":"https:\/\/euapp01.newsmemory.com\/lamarseillaise\/news\/wp-json\/wp\/v2\/media?parent=40985"}],"wp:term":[{"taxonomy":"category","embeddable":true,"href":"https:\/\/euapp01.newsmemory.com\/lamarseillaise\/news\/wp-json\/wp\/v2\/categories?post=40985"},{"taxonomy":"post_tag","embeddable":true,"href":"https:\/\/euapp01.newsmemory.com\/lamarseillaise\/news\/wp-json\/wp\/v2\/tags?post=40985"},{"taxonomy":"news-destination","embeddable":true,"href":"https:\/\/euapp01.newsmemory.com\/lamarseillaise\/news\/wp-json\/wp\/v2\/news-destination?post=40985"},{"taxonomy":"news-source","embeddable":true,"href":"https:\/\/euapp01.newsmemory.com\/lamarseillaise\/news\/wp-json\/wp\/v2\/news-source?post=40985"},{"taxonomy":"is_homepage","embeddable":true,"href":"https:\/\/euapp01.newsmemory.com\/lamarseillaise\/news\/wp-json\/wp\/v2\/is_homepage?post=40985"},{"taxonomy":"ta_other","embeddable":true,"href":"https:\/\/euapp01.newsmemory.com\/lamarseillaise\/news\/wp-json\/wp\/v2\/ta_other?post=40985"}],"curies":[{"name":"wp","href":"https:\/\/api.w.org\/{rel}","templated":true}]}}