{"id":40982,"date":"2026-09-01T07:21:01","date_gmt":"2026-09-01T05:21:01","guid":{"rendered":"https:\/\/euapp01.newsmemory.com\/lamarseillaise\/news\/?p=40982"},"modified":"2026-09-01T08:48:31","modified_gmt":"2026-09-01T06:48:31","slug":"les-costumes-venitiens-celebrent-20-ans-de-flaneries","status":"publish","type":"post","link":"https:\/\/euapp01.newsmemory.com\/lamarseillaise\/news\/2026\/09\/01\/les-costumes-venitiens-celebrent-20-ans-de-flaneries\/","title":{"rendered":"Les costum\u00e9s v\u00e9nitiens c\u00e9l\u00e8brent 20 ans de fl\u00e2neries"},"content":{"rendered":"<div class=\"paragraph\">\n<p>\u00c0 Venise, on ne se d\u00e9guise pas. On se costume. \u00c9liane Damlejian et son mari Rafy sont bien plac\u00e9s pour le savoir. Ce couple de retrait\u00e9s est tomb\u00e9 amoureux de la Cit\u00e9 des Doges lors de leur premier voyage l\u00e0-bas un mois de f\u00e9vrier, pendant le carnaval, \u00ab\u00a0<i>il y a 31<\/i><i>\u00a0<\/i><i>ans<\/i>\u00a0\u00bb. De retour chez eux, ils cr\u00e9ent l\u2019association des Masqu\u00e9s v\u00e9nitiens de France et font leur premi\u00e8re d\u00e9ambulation dans les rues de Martigues en\u00a02007. Ils signent cette semaine leur 20<sup>e<\/sup>\u00a0\u00e9dition de la manifestation des \u00ab\u00a0Fl\u00e2neries au miroir\u00a0\u00bb, en collaboration avec la Ville de Martigues.<\/p>\n<p>Pour cet anniversaire, le programme est dense. Au sein de la m\u00e9diath\u00e8que Louis Aragon, une exposition visible jusqu\u2019au 6\u00a0septembre retrace l\u2019histoire de l\u2019\u00e9v\u00e9nement. Les photos de costumes flamboyants faits \u00e0 la main s\u00e9duiront petits et grands. \u00ab\u00a0<i>Chaque ann\u00e9e, on imagine et on cr\u00e9e un nouvel apparat<\/i>\u00a0\u00bb, r\u00e9v\u00e8lent \u00c9liane et Rafy. Des centaines d\u2019heures de travail devant la t\u00e9l\u00e9 pour quelques heures de d\u00e9ambulations. \u00ab\u00a0<i>C\u2019est sportif, on a une dizaine de kilos sur le dos et puis c\u2019est surtout qu\u2019on a du mal \u00e0 respirer avec le masque, mais quelle joie de voir les yeux des passants s\u2019illuminer<\/i>\u00a0\u00bb, confie \u00c9liane. Cette ann\u00e9e, une centaine de costum\u00e9s de toute l\u2019Europe d\u00e9fileront dans le centre-ville les 5\u00a0et 6\u00a0septembre, \u00e0 partir de 15h45. Un spectacle sur podium \u00ab\u00a0I Giochi di Arlecchino\u00a0\u00bb, \u00ab\u00a0Les jeux d\u2019Arlequin\u00a0\u00bb, aura lieu samedi au th\u00e9\u00e2tre de Verdure. Le t\u00e9nor Sergio Conte Cerutti, la soprano Sherrie Anne Gieve et la chanteuse Camilla Lodini accompagneront la repr\u00e9sentation.<\/p>\n<\/p><\/div>\n<div class=\"intext\"> Des \u00e9changes commerciaux\n              <\/div>\n<div class=\"paragraph\">\n<p>Du 2\u00a0au 6\u00a0septembre, le village artisanal et gastronomique Les Italiennes s\u2019installera au Jardin de Ferri\u00e8res avec des nocturnes le vendredi et le samedi de 20h30 \u00e0 23h. Enfin, du 3\u00a0septembre au 27\u00a0novembre, l\u2019exposition \u00ab\u00a0Martigues, Venise Proven\u00e7ale\u00a0\u00bb \u00e0 l\u2019Office de Tourisme de Martigues mettra en valeur les liens qui unissent Martigues \u00e0 la Cit\u00e9 des Doges.<\/p>\n<p>\u00ab\u00a0<i>Moi je ne connaissais Martigues que sous le nom de Venise proven\u00e7ale, car ma m\u00e8re chantait la c\u00e9l\u00e8bre chanson d\u2019Alibert &#8220;Adieu Venise proven\u00e7ale&#8221;<\/i>, confie \u00c9liane Damlejian<i>. Ce sont avant tout les canaux qui ont donn\u00e9 \u00e0 Martigues cet aspect v\u00e9nitien. Il a \u00e9t\u00e9 d\u00e9couvert, lors de fouilles pendant la construction d\u2019une maison mart\u00e9gale, des ducats v\u00e9nitiens. Il s\u2019av\u00e8re que sur des cartes maritimes du mus\u00e9e Correr, \u00e0 Venise, on retrouve Martigues et non pas Marseille sur les routes de commerce. C\u2019est la preuve que les deux villes faisaient des \u00e9changes.<\/i>\u00a0\u00bb Toute la semaine, les charmes de la lagune v\u00e9nitienne se m\u00ealeront \u00e0 ceux de la Venise Proven\u00e7ale.<\/p>\n<\/p><\/div>\n","protected":false},"excerpt":{"rendered":"&Agrave; Venise, on ne se d&eacute;guise pas. On se costume. &Eacute;liane Damlejian et son mari Rafy sont bien plac&eacute;s pour le savoir. Ce couple de retrait&eacute;s est tomb&eacute; amoureux de la Cit&eacute; des Doges lors de leur premier &#8230;","protected":false},"author":1,"featured_media":40983,"comment_status":"open","ping_status":"open","sticky":false,"template":"","format":"standard","meta":{"footnotes":""},"categories":[918,3926,3925,32,20],"tags":[2149,10,2410,35,1867,279,560,63,1777,38,529,3579,2145],"news-destination":[3944],"news-source":[475],"is_homepage":[],"ta_other":[],"class_list":["post-40982","post","type-post","status-publish","format-standard","has-post-thumbnail","hentry","category-accueil","category-accueil-merge","category-accueil-third","category-culture","category-societe","tag-anniversaire","tag-bouches-du-rhone","tag-costumes","tag-culture","tag-deambulation","tag-exposition","tag-manifestation","tag-martigues","tag-mediatheque","tag-programme","tag-spectacle","tag-venise","tag-voyage","news-destination-homepage","news-source-website"],"_links":{"self":[{"href":"https:\/\/euapp01.newsmemory.com\/lamarseillaise\/news\/wp-json\/wp\/v2\/posts\/40982","targetHints":{"allow":["GET"]}}],"collection":[{"href":"https:\/\/euapp01.newsmemory.com\/lamarseillaise\/news\/wp-json\/wp\/v2\/posts"}],"about":[{"href":"https:\/\/euapp01.newsmemory.com\/lamarseillaise\/news\/wp-json\/wp\/v2\/types\/post"}],"author":[{"embeddable":true,"href":"https:\/\/euapp01.newsmemory.com\/lamarseillaise\/news\/wp-json\/wp\/v2\/users\/1"}],"replies":[{"embeddable":true,"href":"https:\/\/euapp01.newsmemory.com\/lamarseillaise\/news\/wp-json\/wp\/v2\/comments?post=40982"}],"version-history":[{"count":1,"href":"https:\/\/euapp01.newsmemory.com\/lamarseillaise\/news\/wp-json\/wp\/v2\/posts\/40982\/revisions"}],"predecessor-version":[{"id":40984,"href":"https:\/\/euapp01.newsmemory.com\/lamarseillaise\/news\/wp-json\/wp\/v2\/posts\/40982\/revisions\/40984"}],"wp:featuredmedia":[{"embeddable":true,"href":"https:\/\/euapp01.newsmemory.com\/lamarseillaise\/news\/wp-json\/wp\/v2\/media\/40983"}],"wp:attachment":[{"href":"https:\/\/euapp01.newsmemory.com\/lamarseillaise\/news\/wp-json\/wp\/v2\/media?parent=40982"}],"wp:term":[{"taxonomy":"category","embeddable":true,"href":"https:\/\/euapp01.newsmemory.com\/lamarseillaise\/news\/wp-json\/wp\/v2\/categories?post=40982"},{"taxonomy":"post_tag","embeddable":true,"href":"https:\/\/euapp01.newsmemory.com\/lamarseillaise\/news\/wp-json\/wp\/v2\/tags?post=40982"},{"taxonomy":"news-destination","embeddable":true,"href":"https:\/\/euapp01.newsmemory.com\/lamarseillaise\/news\/wp-json\/wp\/v2\/news-destination?post=40982"},{"taxonomy":"news-source","embeddable":true,"href":"https:\/\/euapp01.newsmemory.com\/lamarseillaise\/news\/wp-json\/wp\/v2\/news-source?post=40982"},{"taxonomy":"is_homepage","embeddable":true,"href":"https:\/\/euapp01.newsmemory.com\/lamarseillaise\/news\/wp-json\/wp\/v2\/is_homepage?post=40982"},{"taxonomy":"ta_other","embeddable":true,"href":"https:\/\/euapp01.newsmemory.com\/lamarseillaise\/news\/wp-json\/wp\/v2\/ta_other?post=40982"}],"curies":[{"name":"wp","href":"https:\/\/api.w.org\/{rel}","templated":true}]}}