{"id":40979,"date":"2026-09-01T07:16:00","date_gmt":"2026-09-01T05:16:00","guid":{"rendered":"https:\/\/euapp01.newsmemory.com\/lamarseillaise\/news\/?p=40979"},"modified":"2026-09-01T07:43:03","modified_gmt":"2026-09-01T05:43:03","slug":"le-choix-du-pouvoir-dachat","status":"publish","type":"post","link":"https:\/\/euapp01.newsmemory.com\/lamarseillaise\/news\/2026\/09\/01\/le-choix-du-pouvoir-dachat\/","title":{"rendered":"Le choix du pouvoir d\u2019achat"},"content":{"rendered":"<div class=\"paragraph\"> <\/div>\n<div class=\"paragraph\">\n<p>Si les collectivit\u00e9s <br \/>ne se m\u00ealent pas des contenus p\u00e9dagogiques, elles ont en revanche la responsabilit\u00e9 des conditions de travail des enfants et des personnels \u00e9ducatifs. C\u2019est l\u00e0 que se mesurent les diff\u00e9rents choix politiques. Ainsi, alors que la Ville d\u2019Avignon et son nouveau maire divers droite ont mis fin \u00e0 la distribution gratuite de fournitures scolaires, celui divers gauche de Marseille maintient le dispositif \u00e0 l\u2019ensemble des \u00e9coles publiques et priv\u00e9es. Idem sur la cantine, dont la gratuit\u00e9 est \u00e9tendue dans la cit\u00e9 phoc\u00e9enne tandis que le nouvel \u00e9dile avignonnais ne cache pas son intention d\u2019augmenter le prix du repas dans les prochaines ann\u00e9es.<\/p>\n<p>\u00c0 Martigues, l\u2019adaptation au climat prioritaire<\/p>\n<p>Quant aux locaux, les travaux d\u2019Hercule continuent \u00e0 Marseille pour en finir avec l\u2019indignit\u00e9 des conditions d\u2019accueil dans les \u00e9coles publiques, h\u00e9ritage de la gestion pass\u00e9e.<\/p>\n<p>Du c\u00f4t\u00e9 de l\u2019ouest du d\u00e9partement, la Ville de Martigues se distingue par son choix d\u2019adapter les \u00e9coles au changement climatique et d\u2019am\u00e9liorer l\u2019acc\u00e8s des locaux pour les personnes \u00e0 mobilit\u00e9 r\u00e9duite. Ce choix se traduit par un investissement de 1,5\u00a0million d\u2019euros.<\/p>\n<p>Les D\u00e9partements et la R\u00e9gion participent fortement aux conditions d\u2019accueil des \u00e9l\u00e8ves en coll\u00e8ges et en lyc\u00e9es et facilitent ainsi leur scolarit\u00e9. Ainsi chaque \u00e9l\u00e8ve de 6<sup>e<\/sup>, dans les Bouches-du-Rh\u00f4ne, re\u00e7oit de la part du D\u00e9partement un kit de fournitures qui comprend notamment un ordinateur et une calculatrice scientifique. C\u2019est aussi un choix, celui du pouvoir d\u2019achat des familles alors que les salaires stagnent et l\u2019inflation persiste.<\/p>\n<\/p><\/div>\n","protected":false},"excerpt":{"rendered":"Si les collectivit&eacute;s ne se m&ecirc;lent pas des contenus p&eacute;dagogiques, elles ont en revanche la responsabilit&eacute; des conditions de travail des enfants et des personnels &eacute;ducatifs. C&rsquo;est l&agrave; que se mesurent les &#8230;","protected":false},"author":1,"featured_media":40980,"comment_status":"open","ping_status":"open","sticky":false,"template":"","format":"standard","meta":{"footnotes":""},"categories":[332],"tags":[774,208,754,499,707,1024,222,708,712],"news-destination":[],"news-source":[475],"is_homepage":[],"ta_other":[],"class_list":["post-40979","post","type-post","status-publish","format-standard","has-post-thumbnail","hentry","category-edito","tag-benoit-payan","tag-collectivites","tag-familles","tag-gaby-charroux","tag-martine-vassal","tag-pouvoir-dachat","tag-region-sud-paca","tag-renaud-muselier","tag-rentree-scolaire","news-source-website"],"_links":{"self":[{"href":"https:\/\/euapp01.newsmemory.com\/lamarseillaise\/news\/wp-json\/wp\/v2\/posts\/40979","targetHints":{"allow":["GET"]}}],"collection":[{"href":"https:\/\/euapp01.newsmemory.com\/lamarseillaise\/news\/wp-json\/wp\/v2\/posts"}],"about":[{"href":"https:\/\/euapp01.newsmemory.com\/lamarseillaise\/news\/wp-json\/wp\/v2\/types\/post"}],"author":[{"embeddable":true,"href":"https:\/\/euapp01.newsmemory.com\/lamarseillaise\/news\/wp-json\/wp\/v2\/users\/1"}],"replies":[{"embeddable":true,"href":"https:\/\/euapp01.newsmemory.com\/lamarseillaise\/news\/wp-json\/wp\/v2\/comments?post=40979"}],"version-history":[{"count":1,"href":"https:\/\/euapp01.newsmemory.com\/lamarseillaise\/news\/wp-json\/wp\/v2\/posts\/40979\/revisions"}],"predecessor-version":[{"id":40981,"href":"https:\/\/euapp01.newsmemory.com\/lamarseillaise\/news\/wp-json\/wp\/v2\/posts\/40979\/revisions\/40981"}],"wp:featuredmedia":[{"embeddable":true,"href":"https:\/\/euapp01.newsmemory.com\/lamarseillaise\/news\/wp-json\/wp\/v2\/media\/40980"}],"wp:attachment":[{"href":"https:\/\/euapp01.newsmemory.com\/lamarseillaise\/news\/wp-json\/wp\/v2\/media?parent=40979"}],"wp:term":[{"taxonomy":"category","embeddable":true,"href":"https:\/\/euapp01.newsmemory.com\/lamarseillaise\/news\/wp-json\/wp\/v2\/categories?post=40979"},{"taxonomy":"post_tag","embeddable":true,"href":"https:\/\/euapp01.newsmemory.com\/lamarseillaise\/news\/wp-json\/wp\/v2\/tags?post=40979"},{"taxonomy":"news-destination","embeddable":true,"href":"https:\/\/euapp01.newsmemory.com\/lamarseillaise\/news\/wp-json\/wp\/v2\/news-destination?post=40979"},{"taxonomy":"news-source","embeddable":true,"href":"https:\/\/euapp01.newsmemory.com\/lamarseillaise\/news\/wp-json\/wp\/v2\/news-source?post=40979"},{"taxonomy":"is_homepage","embeddable":true,"href":"https:\/\/euapp01.newsmemory.com\/lamarseillaise\/news\/wp-json\/wp\/v2\/is_homepage?post=40979"},{"taxonomy":"ta_other","embeddable":true,"href":"https:\/\/euapp01.newsmemory.com\/lamarseillaise\/news\/wp-json\/wp\/v2\/ta_other?post=40979"}],"curies":[{"name":"wp","href":"https:\/\/api.w.org\/{rel}","templated":true}]}}