{"id":40976,"date":"2026-09-01T07:22:01","date_gmt":"2026-09-01T05:22:01","guid":{"rendered":"https:\/\/euapp01.newsmemory.com\/lamarseillaise\/news\/?p=40976"},"modified":"2026-09-01T08:48:31","modified_gmt":"2026-09-01T06:48:31","slug":"le-sens-du-projet-communiste-mis-a-lhonneur-a-la-fete-de-la-cride","status":"publish","type":"post","link":"https:\/\/euapp01.newsmemory.com\/lamarseillaise\/news\/2026\/09\/01\/le-sens-du-projet-communiste-mis-a-lhonneur-a-la-fete-de-la-cride\/","title":{"rendered":"Le sens du projet communiste mis \u00e0 l\u2019honneur \u00e0 la F\u00eate de la Cride"},"content":{"rendered":"<div class=\"paragraph\">\n<p>\u00c0 quelques jours de la F\u00eate de la Cride, le secr\u00e9taire de la section PCF de l\u2019Ouest Var revient sur l\u2019ambition port\u00e9e par les communistes pour cette 35<sup>e<\/sup>\u00a0\u00e9dition plus que prometteuse, avec d\u00e9j\u00e0 ses 180\u00a0inscrits \u00e0 la paella du midi. Un rendez-vous politique ouvert \u00e0 toutes les sensibilit\u00e9s de la gauche et des \u00e9cologistes dans le prolongement de la bataille des municipales men\u00e9es dans la diversit\u00e9, sur un programme clair et avec les habitants. \u00ab<i>\u00a0<\/i><i>\u00c0 la Cride, on trouve plus de non encart\u00e9s communistes que de militants adh\u00e9rents<\/i>\u00a0\u00bb, insiste-t-il, avec satisfaction.<\/p>\n<p>L\u2019occasion tout au long de cette journ\u00e9e de r\u00e9jouissances programm\u00e9es de d\u00e9battre des enjeux de la pr\u00e9sidentielle, trop souvent r\u00e9duite dans les m\u00e9dias, d\u00e9plore le responsable du PCF, \u00e0 un \u00ab\u00a0casting\u00a0\u00bb, alors qu\u2019\u00ab<i>\u00a0<\/i><i>on a besoin de faire de la politique<\/i>\u00a0\u00bb.<\/p>\n<p>Il r\u00e9cuse \u00e9galement l\u2019id\u00e9e selon laquelle un simple rassemblement de la gauche autour du candidat susceptible de r\u00e9aliser le meilleur score suffirait \u00e0 battre l\u2019extr\u00eame droite. Pour lui, la question essentielle doit \u00eatre celle du contenu politique et des engagements pris.<\/p>\n<p>Et de poursuivre\u00a0: \u00ab<i>\u00a0<\/i><i>Rassembler la gauche, oui, bien s\u00fbr. Mais pour quoi faire, tr\u00e8s concr\u00e8tement ? Avec quels engagements<\/i><i>\u00a0<\/i><i>?<\/i>\u00a0\u00bb<\/p>\n<p>Jean-Pierre Meyer estime notamment indispensable de reconqu\u00e9rir les \u00e9lecteurs de gauche abstentionnistes ou encore ceux qui se sont \u00e9gar\u00e9s dans un vote contre leurs int\u00e9r\u00eats en faveur du Rassemblement national.<\/p>\n<p>Et pour cela, insiste-t-il, la candidature de Fabien Roussel, qui doit \u00eatre confirm\u00e9e par un vote des adh\u00e9rents, porte une perspective de transformation sociale.<\/p>\n<p>\u00ab\u00a0<i>On y va parce qu\u2019on veut mener les batailles d\u2019id\u00e9es. Porter des projets, des propositions concr\u00e8tes. Et puis surtout, surtout, cr\u00e9er les conditions pour r\u00e9concilier les gens avec la politique<\/i>\u00a0\u00bb, ajoute-t-il avec conviction.<\/p>\n<\/p><\/div>\n<div class=\"intext\"> \u00ab\u00a0On a besoin de faire<br \/>\n               <br \/>de la politique\u00a0\u00bb\n              <\/div>\n<div class=\"paragraph\">\n<p>Rien \u00e0 voir donc \u00ab\u00a0<i>comme certains le disent, avec une campagne de t\u00e9moignages, mais bien de remettre au centre du d\u00e9bat les questions de fond et notamment la n\u00e9cessit\u00e9 du changement de soci\u00e9t\u00e9, de la remise en cause du syst\u00e8me capitaliste<\/i>\u00a0\u00bb.<\/p>\n<p>Le secr\u00e9taire de section a \u00e9galement r\u00e9pondu sans tabou aux rapprochements possibles avec les autres forces de gauche. Le seul pr\u00e9alable est que cela se fasse sur le fond c\u2019est-\u00e0-dire sur un programme clair, afin d\u2019\u00e9viter les erreurs du pass\u00e9, et les d\u00e9sillusions.<\/p>\n<p>\u00ab\u00a0<i>L\u2019ouverture est possible dans la mesure o\u00f9 on clarifie les contenus et qu\u2019on d\u00e9bouche sur des engagements clairs, nets et pr\u00e9cis<\/i><i>\u00a0<\/i>\u00bb, souligne-t-il.<\/p>\n<p>En tout cas, l\u2019objectif revendiqu\u00e9 est de faire peser davantage le PCF dans le d\u00e9bat, non par volont\u00e9 d\u2019h\u00e9g\u00e9monie partisane mais parce que, rappelle Jean-Pierre Meyer, \u00ab<i>\u00a0<\/i><i>tous les grands changements qui ont pu se produire dans ce pays [&#8230;] se sont produits quand le Parti communiste fran\u00e7ais pesait lourd<\/i>\u00a0\u00bb.<\/p>\n<p>Tout cela viendra enrichir la r\u00e9flexion et le d\u00e9bat dimanche sous les pins de la Cride, toujours avec respect et bienveillance mais sans renier de ses valeurs. Le mot d\u2019ordre \u00e9tant de \u00ab\u00a0<i>redonner l\u2019esprit et la force des conqu\u00eates<\/i>\u00a0\u00bb.<\/p>\n<p>Une invitation \u00e0 regarder l\u2019histoire sociale non pas comme un album de souvenirs jauni, mais comme une source d\u2019inspiration et d\u2019esp\u00e9rance pour mener les combats pr\u00e9sents et r\u00e9fl\u00e9chir \u00e0 ceux \u00e0 venir. C\u2019est pr\u00e9cis\u00e9ment autour de cette question que s\u2019organisera le d\u00e9bat politique, programm\u00e9 \u00e0 11h.<\/p>\n<p>La journ\u00e9e d\u00e9butera d\u00e8s 9h30, avec, apr\u00e8s les inscriptions, le d\u00e9marrage \u00e0 9h45, place du tournoi de p\u00e9tanque \u00ab\u00a0Bati Guigario\u00a0\u00bb, du nom du regrett\u00e9 camarade et serviteur du journal.<\/p>\n<p>Les enfants auront \u00e9galement, comme chaque ann\u00e9e, leur espace, avec des jeux et un concours de dessin.<\/p>\n<p>Car l\u2019une des particularit\u00e9s de la F\u00eate de la Cride r\u00e9side justement dans cette capacit\u00e9 \u00e0 faire cohabiter les g\u00e9n\u00e9rations et la diff\u00e9rence. Des \u00e9changes qui promettent d\u2019\u00eatre fructueux que ce soit bien s\u00fbr pendant le d\u00e9bat mais aussi \u00e0 l\u2019ap\u00e9ro au cours du repas. Et tout au long de la journ\u00e9e.<\/p>\n<p>La musique sera \u00e9galement de la partie, avec, \u00e0 15h, Mosa\u00efques, un duo d\u2019artistes guitares et voix, d\u00e9montrant une fois encore \u00e0 l\u2019auditoire, si besoin \u00e9tait, qu\u2019avec les communistes la lutte est joyeuse.<\/p>\n<\/p><\/div>\n<div class=\"paragraph\">\n<p><i>Repas<\/i><i>\u00a0<\/i><i>: 20<\/i><i>\u00a0<\/i><i>euros.<br \/>Pour s\u2019inscrire, contacter<br \/>Katy Turcan<\/i><i>\u00a0<\/i><i>: 06.32.33.23.24<\/i><\/p>\n<\/p><\/div>\n","protected":false},"excerpt":{"rendered":"&Agrave; quelques jours de la F&ecirc;te de la Cride, le secr&eacute;taire de la section PCF de l&rsquo;Ouest Var revient sur l&rsquo;ambition port&eacute;e par les communistes pour cette 35e&nbsp;&eacute;dition plus que prometteuse, avec &#8230;","protected":false},"author":1,"featured_media":40977,"comment_status":"open","ping_status":"open","sticky":false,"template":"","format":"standard","meta":{"footnotes":""},"categories":[918,3926,3925,330],"tags":[250,786,31],"news-destination":[3944],"news-source":[475],"is_homepage":[],"ta_other":[],"class_list":["post-40976","post","type-post","status-publish","format-standard","has-post-thumbnail","hentry","category-accueil","category-accueil-merge","category-accueil-third","category-politique","tag-pcf","tag-sanary-sur-mer","tag-var","news-destination-homepage","news-source-website"],"_links":{"self":[{"href":"https:\/\/euapp01.newsmemory.com\/lamarseillaise\/news\/wp-json\/wp\/v2\/posts\/40976","targetHints":{"allow":["GET"]}}],"collection":[{"href":"https:\/\/euapp01.newsmemory.com\/lamarseillaise\/news\/wp-json\/wp\/v2\/posts"}],"about":[{"href":"https:\/\/euapp01.newsmemory.com\/lamarseillaise\/news\/wp-json\/wp\/v2\/types\/post"}],"author":[{"embeddable":true,"href":"https:\/\/euapp01.newsmemory.com\/lamarseillaise\/news\/wp-json\/wp\/v2\/users\/1"}],"replies":[{"embeddable":true,"href":"https:\/\/euapp01.newsmemory.com\/lamarseillaise\/news\/wp-json\/wp\/v2\/comments?post=40976"}],"version-history":[{"count":1,"href":"https:\/\/euapp01.newsmemory.com\/lamarseillaise\/news\/wp-json\/wp\/v2\/posts\/40976\/revisions"}],"predecessor-version":[{"id":40978,"href":"https:\/\/euapp01.newsmemory.com\/lamarseillaise\/news\/wp-json\/wp\/v2\/posts\/40976\/revisions\/40978"}],"wp:featuredmedia":[{"embeddable":true,"href":"https:\/\/euapp01.newsmemory.com\/lamarseillaise\/news\/wp-json\/wp\/v2\/media\/40977"}],"wp:attachment":[{"href":"https:\/\/euapp01.newsmemory.com\/lamarseillaise\/news\/wp-json\/wp\/v2\/media?parent=40976"}],"wp:term":[{"taxonomy":"category","embeddable":true,"href":"https:\/\/euapp01.newsmemory.com\/lamarseillaise\/news\/wp-json\/wp\/v2\/categories?post=40976"},{"taxonomy":"post_tag","embeddable":true,"href":"https:\/\/euapp01.newsmemory.com\/lamarseillaise\/news\/wp-json\/wp\/v2\/tags?post=40976"},{"taxonomy":"news-destination","embeddable":true,"href":"https:\/\/euapp01.newsmemory.com\/lamarseillaise\/news\/wp-json\/wp\/v2\/news-destination?post=40976"},{"taxonomy":"news-source","embeddable":true,"href":"https:\/\/euapp01.newsmemory.com\/lamarseillaise\/news\/wp-json\/wp\/v2\/news-source?post=40976"},{"taxonomy":"is_homepage","embeddable":true,"href":"https:\/\/euapp01.newsmemory.com\/lamarseillaise\/news\/wp-json\/wp\/v2\/is_homepage?post=40976"},{"taxonomy":"ta_other","embeddable":true,"href":"https:\/\/euapp01.newsmemory.com\/lamarseillaise\/news\/wp-json\/wp\/v2\/ta_other?post=40976"}],"curies":[{"name":"wp","href":"https:\/\/api.w.org\/{rel}","templated":true}]}}