{"id":40970,"date":"2026-09-01T07:05:00","date_gmt":"2026-09-01T05:05:00","guid":{"rendered":"https:\/\/euapp01.newsmemory.com\/lamarseillaise\/news\/?p=40970"},"modified":"2026-09-01T07:56:10","modified_gmt":"2026-09-01T05:56:10","slug":"a-avignon-la-majorite-prete-a-revenir-sur-la-baisse-des-tarifs-de-la-cantine","status":"publish","type":"post","link":"https:\/\/euapp01.newsmemory.com\/lamarseillaise\/news\/2026\/09\/01\/a-avignon-la-majorite-prete-a-revenir-sur-la-baisse-des-tarifs-de-la-cantine\/","title":{"rendered":"\u00c0 Avignon, la majorit\u00e9 pr\u00eate \u00e0 revenir sur la baisse des tarifs de la cantine"},"content":{"rendered":"<div class=\"paragraph\">\n<p>T<i>out ne sera plus gratuit \u00e0 Avignon<\/i><i>\u00a0<\/i>\u00bb. Au cas o\u00f9 on aurait encore un doute, Olivier Galzi, maire (DVD), pr\u00e9pare les esprits \u00e0 l\u2019aust\u00e9rit\u00e9 pour redresser les finances <a rel=\"noopener noreferrer\" href=\"https:\/\/www.lamarseillaise.fr\/politique\/reseau-d-alerte-financier-a-avignon-tout-comprendre-sur-ce-dispositif-CH20631751\" target=\"_blank\">de la Ville, plac\u00e9e dans un r\u00e9seau d\u2019alerte<\/a>. \u00ab\u00a0<i>On ne s\u2019interdit rien<\/i>\u00a0\u00bb, assume, vendredi devant la presse, le premier magistrat en vue d\u2019un \u00ab<i>\u00a0<\/i><i>grand plan d\u2019\u00e9conomies<\/i>\u00a0\u00bb pour le prochain budget. Une hausse des imp\u00f4ts n\u2019est plus un tabou. Tout comme la r\u00e9vision des tarifs municipaux. Apr\u00e8s avoir supprim\u00e9 pour<a rel=\"noopener noreferrer\" href=\"https:\/\/www.lamarseillaise.fr\/politique\/avignon-met-un-coup-de-regle-sur-le-kit-de-rentree-scolaire-NE20609949\" target=\"_blank\"> cette rentr\u00e9e le kit de fournitures scolaires distribu\u00e9 \u00e0 tous<\/a> les \u00e9l\u00e8ves &#8211;\u00a0un dispositif sur lequel n\u2019est pas revenue \u00e0 l\u2019inverse la majorit\u00e9 RN de Carpentras\u00a0-, la Ville pourrait \u00e0 nouveau mettre \u00e0 contribution les familles.<\/p>\n<p>Si en cette rentr\u00e9e, les tarifs de la cantine n\u2019\u00e9voluent pas, le risque est fort pour 2027. Pour rappel, lors du mandat pr\u00e9c\u00e9dent, la majorit\u00e9 Helle (PS) avait tr\u00e8s significativement diminu\u00e9 le prix du repas aux familles par trois baisses aux rentr\u00e9es 2022, 2024 et 2025. R\u00e9sultat, un enfant sur deux d\u00e9jeune pour moins d\u2019un euro. \u00ab\u00a0<a rel=\"noopener noreferrer\" href=\"https:\/\/www.lamarseillaise.fr\/societe\/les-cinq-points-chauds-de-la-rentree-scolaire-a-avignon-OO18708745\" target=\"_blank\"><i>Un effort financier mais de solidarit\u00e9<\/i>\u00a0\u00bb, revendiquait C\u00e9cile Helle il y a un an<\/a>. Par exemple, pour un des quotients familiaux, le repas est factur\u00e9 0,74\u00a0euro contre 1,96\u00a0auparavant. Plus de 80% des 8\u00a0535\u00a0\u00e9l\u00e8ves d\u00e9jeunent \u00e0 la cantine. Actuellement, les tarifs varient de 30\u00a0centimes \u00e0 2,95\u00a0euros pour une moyenne de 80\u00a0centimes. \u00ab\u00a0<i>On ne va pas se mentir, c\u2019est ultra pas cher<\/i>\u00a0\u00bb, constate Olivier Galzi, mettant en relief avec le prix r\u00e9el de revient d\u2019un repas qui est de \u00ab\u00a0<i>10<\/i><i>\u00a0<\/i><i>euros<\/i><i>\u00a0<\/i>\u00bb. \u00ab<i>\u00a0<\/i><i>Il n\u2019y a encore aucun arbitrage, on met tout sur la table, les tarifs de la cantine en font partie<\/i><i>\u00a0<\/i>\u00bb, pr\u00e9vient Olivier Galzi. La restauration scolaire fait l\u2019objet d\u2019un budget annexe d\u00e9di\u00e9 de 4,8\u00a0millions d\u2019euros cette ann\u00e9e.<\/p>\n<\/p><\/div>\n<div class=\"intext\"> \u00ab\u00a0La mairie ne va pas pouvoir tout absorber\u00a0\u00bb\n              <\/div>\n<div class=\"paragraph\">\n<p>Mais en creux, une hausse semble in\u00e9luctable. \u00ab<i>\u00a0<\/i><i>Tout le monde veut de la quantit\u00e9, manger bio, des fruits et l\u00e9gumes&#8230; La mairie ne va pas pouvoir tout absorber, donc on va r\u00e9viser les tranches de mani\u00e8re acceptable<\/i>\u00a0\u00bb, r\u00e9v\u00e8le le maire, pr\u00e9cisant \u00ab\u00a0<i>qu\u2019en aucun cas les enfants ne doivent \u00eatre victimes des fragilit\u00e9s \u00e9conomiques de leurs parents, on les aidera \u00e0 payer peu cher voire une quasi-gratuit\u00e9<\/i>\u00a0\u00bb. Relanc\u00e9 sur l\u2019impact de ce changement, dont la mesure faisait la fiert\u00e9 du mandat pr\u00e9c\u00e9dent, Olivier Galzi livre une analyse tr\u00e8s comptable\u00a0: \u00ab<i>\u00a0<\/i><i>Ces baisses n\u2019ont pas \u00e9t\u00e9 gratuites, on les a pay\u00e9es diff\u00e9remment. La majorit\u00e9 pr\u00e9c\u00e9dente n\u2019a pas baiss\u00e9 le tarif dans le sens o\u00f9 elle aurait supprim\u00e9 une d\u00e9pense comme par magie, elle a g\u00e9n\u00e9r\u00e9 cette d\u00e9pense sur d\u2019autres charges que l\u2019on retrouve dans les ratios \u00e9conomiques de la Ville. Notre responsabilit\u00e9 est de remettre des ratios pour que ce service public continue de fonctionner<\/i>\u00a0\u00bb. Et le maire d\u2019ass\u00e9ner\u00a0: \u00ab<i>\u00a0<\/i><i>On arr\u00eate la d\u00e9magogie, le service public a un co\u00fbt<\/i>\u00a0\u00bb. Tout d\u00e9pend de la place qu\u2019on lui accorde qui rel\u00e8ve l\u00e0, de vrais choix politiques.<\/p>\n<\/p><\/div>\n","protected":false},"excerpt":{"rendered":"Tout ne sera plus gratuit &agrave; Avignon&nbsp;&raquo;. Au cas o&ugrave; on aurait encore un doute, Olivier Galzi, maire (DVD), pr&eacute;pare les esprits &agrave; l&rsquo;aust&eacute;rit&eacute; pour redresser les finances de la Ville, &#8230;","protected":false},"author":1,"featured_media":40971,"comment_status":"open","ping_status":"open","sticky":false,"template":"","format":"standard","meta":{"footnotes":""},"categories":[3926,3924,20],"tags":[495,174,777,712,171],"news-destination":[3944],"news-source":[475],"is_homepage":[],"ta_other":[],"class_list":["post-40970","post","type-post","status-publish","format-standard","has-post-thumbnail","hentry","category-accueil-merge","category-accueil-second","category-societe","tag-495","tag-avignon","tag-cantines","tag-rentree-scolaire","tag-vaucluse","news-destination-homepage","news-source-website"],"_links":{"self":[{"href":"https:\/\/euapp01.newsmemory.com\/lamarseillaise\/news\/wp-json\/wp\/v2\/posts\/40970","targetHints":{"allow":["GET"]}}],"collection":[{"href":"https:\/\/euapp01.newsmemory.com\/lamarseillaise\/news\/wp-json\/wp\/v2\/posts"}],"about":[{"href":"https:\/\/euapp01.newsmemory.com\/lamarseillaise\/news\/wp-json\/wp\/v2\/types\/post"}],"author":[{"embeddable":true,"href":"https:\/\/euapp01.newsmemory.com\/lamarseillaise\/news\/wp-json\/wp\/v2\/users\/1"}],"replies":[{"embeddable":true,"href":"https:\/\/euapp01.newsmemory.com\/lamarseillaise\/news\/wp-json\/wp\/v2\/comments?post=40970"}],"version-history":[{"count":1,"href":"https:\/\/euapp01.newsmemory.com\/lamarseillaise\/news\/wp-json\/wp\/v2\/posts\/40970\/revisions"}],"predecessor-version":[{"id":40972,"href":"https:\/\/euapp01.newsmemory.com\/lamarseillaise\/news\/wp-json\/wp\/v2\/posts\/40970\/revisions\/40972"}],"wp:featuredmedia":[{"embeddable":true,"href":"https:\/\/euapp01.newsmemory.com\/lamarseillaise\/news\/wp-json\/wp\/v2\/media\/40971"}],"wp:attachment":[{"href":"https:\/\/euapp01.newsmemory.com\/lamarseillaise\/news\/wp-json\/wp\/v2\/media?parent=40970"}],"wp:term":[{"taxonomy":"category","embeddable":true,"href":"https:\/\/euapp01.newsmemory.com\/lamarseillaise\/news\/wp-json\/wp\/v2\/categories?post=40970"},{"taxonomy":"post_tag","embeddable":true,"href":"https:\/\/euapp01.newsmemory.com\/lamarseillaise\/news\/wp-json\/wp\/v2\/tags?post=40970"},{"taxonomy":"news-destination","embeddable":true,"href":"https:\/\/euapp01.newsmemory.com\/lamarseillaise\/news\/wp-json\/wp\/v2\/news-destination?post=40970"},{"taxonomy":"news-source","embeddable":true,"href":"https:\/\/euapp01.newsmemory.com\/lamarseillaise\/news\/wp-json\/wp\/v2\/news-source?post=40970"},{"taxonomy":"is_homepage","embeddable":true,"href":"https:\/\/euapp01.newsmemory.com\/lamarseillaise\/news\/wp-json\/wp\/v2\/is_homepage?post=40970"},{"taxonomy":"ta_other","embeddable":true,"href":"https:\/\/euapp01.newsmemory.com\/lamarseillaise\/news\/wp-json\/wp\/v2\/ta_other?post=40970"}],"curies":[{"name":"wp","href":"https:\/\/api.w.org\/{rel}","templated":true}]}}