{"id":40967,"date":"2026-09-01T07:03:00","date_gmt":"2026-09-01T05:03:00","guid":{"rendered":"https:\/\/euapp01.newsmemory.com\/lamarseillaise\/news\/?p=40967"},"modified":"2026-09-01T07:56:10","modified_gmt":"2026-09-01T05:56:10","slug":"rentree-des-ambitions-sans-reels-moyens","status":"publish","type":"post","link":"https:\/\/euapp01.newsmemory.com\/lamarseillaise\/news\/2026\/09\/01\/rentree-des-ambitions-sans-reels-moyens\/","title":{"rendered":"Rentr\u00e9e : des ambitions sans r\u00e9els moyens"},"content":{"rendered":"<div class=\"paragraph\">\n<p>Quelques jours seulement apr\u00e8s les annonces d\u2019\u00c9douard Geffray, ministre de l\u2019\u00c9ducation nationale <a rel=\"noopener noreferrer\" href=\"https:\/\/www.lamarseillaise.fr\/societe\/une-rentree-scolaire-sous-le-feu-des-critiques-BG20622838\" target=\"_blank\">(notre \u00e9dition du 28\/09)<\/a>, Beno\u00eet Delaunay, recteur de l\u2019acad\u00e9mie d\u2019Aix-Marseille et de la r\u00e9gion acad\u00e9mique Paca, embo\u00eete le pas de son patron. \u00ab\u00a0<i>Il n\u2019y aura pas cette ann\u00e9e de r\u00e9forme d\u2019ampleur mais plut\u00f4t une poursuite de ce qui est d\u00e9j\u00e0 enclench\u00e9<\/i>\u00a0\u00bb, a-t-il d\u2019embl\u00e9e confirm\u00e9, dans le sillon des d\u00e9clarations de son sup\u00e9rieur, qui, jeudi, disait vouloir en finir avec \u00ab\u00a0<i>l\u2019annualit\u00e9 des mesures qui limite les perspectives<\/i>\u00a0\u00bb Et de rappeler, dans la foul\u00e9e, trois des quatre nouvelles priorit\u00e9s \u00e9tablies par \u00c9douard Geffray la semaine pass\u00e9e\u00a0: instruire, prot\u00e9ger, unir. Sur l\u2019instruction, Beno\u00eet Delaunay rappelle qu\u2019un focus doit s\u2019\u00e9tablir sur deux points en particulier\u00a0: la ma\u00eetrise de la langue fran\u00e7aise, \u00ab<i>\u00a0<\/i><i>avec l\u2019objectif d\u2019une ressource de 2<\/i><i>\u00a0<\/i><i>500<\/i><i>\u00a0<\/i><i>mots de vocabulaire \u00e0 la sortie de la maternelle<\/i>\u00a0\u00bb, et celle des raisonnements scientifiques, \u00ab\u00a0<i>deux comp\u00e9tences sanctionn\u00e9es lors des examens<\/i><i>\u00a0<\/i>\u00bb. L\u2019approfondissement de la d\u00e9marche Coll\u00e8ges en progr\u00e8s, mise en place en d\u00e9cembre\u00a02025 et concernant 25\u00a0\u00e9tablissements de l\u2019acad\u00e9mie, a \u00e9galement \u00e9t\u00e9 \u00e9voqu\u00e9. \u00ab<i>\u00a0<\/i><i>Les coll\u00e8ges choisis l\u2019an pass\u00e9 continueront de b\u00e9n\u00e9ficier d\u2019un renforcement de l\u2019enseignement<\/i>, a d\u00e9taill\u00e9 le recteur.<i> Cela passe par plusieurs stratag\u00e8mes, comme, par exemple, la multiplication des entra\u00eenements au brevet<\/i><i>\u00a0<\/i>\u00bb.<\/p>\n<\/p><\/div>\n<div class=\"intext\"> Prot\u00e9ger et inclure\n              <\/div>\n<div class=\"paragraph\">\n<p>Sur le volet de la protection, notamment contre les agressions sexuelles, au centre de vives contestations depuis l\u2019affaire Lyhanna, dont le meurtre et le viol avaient r\u00e9v\u00e9l\u00e9 en mai de lourds dysfonctionnements judiciaires, Beno\u00eet Delaunay assure que les \u00e9l\u00e8ves recevront, dans les semaines qui suivent, le questionnaire d\u00e9di\u00e9 promis par le ministre. Concernant la lutte contre les \u00e9crans, qui passe cette ann\u00e9e par un \u00e9largissement de l\u2019interdiction des t\u00e9l\u00e9phones, d\u00e9sormais \u00e9galement prohib\u00e9s au lyc\u00e9e, le recteur se dit confiant. \u00ab\u00a0<i>Les lyc\u00e9es attendent cette loi depuis plusieurs mois et sont pr\u00e9par\u00e9s. Il n\u2019y aura pas trop de difficult\u00e9 \u00e0 faire appliquer ce texte de n\u00e9cessit\u00e9 publique<\/i><i>\u00a0<\/i>\u00bb, promet-il. Sur l\u2019inclusion enfin, le recteur \u00e9voque une r\u00e9alit\u00e9 \u00ab\u00a0<i>imparfaite<\/i><i>\u00a0<\/i>\u00bb mais assure y apporter une \u00ab\u00a0<i>attention particuli\u00e8re<\/i><i>\u00a0<\/i>\u00bb. Interrog\u00e9 sur le cas des Accompagnants des \u00e9l\u00e8ves en situation de handicap (AESH), <a rel=\"noopener noreferrer\" href=\"https:\/\/www.lamarseillaise.fr\/social\/a-marseille-les-aesh-mobilises-pour-obtenir-un-statut-KC20336936\" target=\"_blank\">mobilis\u00e9s nationalement en juin pour r\u00e9clamer un \u00ab\u00a0<i>vrai statut<\/i><i>\u00a0<\/i>\u00bb<\/a>, Beno\u00eet Delaunay note que \u00ab\u00a0<i>la situation s\u2019am\u00e9liore<\/i><i>\u00a0<\/i>\u00bb bien qu\u2019\u00ab\u00a0<i>il s\u2019agisse d\u2019un travail de long cours<\/i>\u00a0\u00bb. L\u2019acad\u00e9mie devrait cette ann\u00e9e compter 188\u00a0AESH de plus que l\u2019an pass\u00e9, a-t-il pr\u00e9cis\u00e9.<\/p>\n<\/p><\/div>\n<div class=\"intext\"> Baisse d\u00e9mographique\n              <\/div>\n<div class=\"paragraph\">\n<p>Comme la quasi-totalit\u00e9 des acad\u00e9mies, celle d\u2019Aix-Marseille affronte cette ann\u00e9e une baisse d\u00e9mographique, avec 5\u00a0000\u00a0enfants de moins en primaire et 800\u00a0au coll\u00e8ge par rapport \u00e0 2025. Une diminution du nombre d\u2019\u00e9l\u00e8ves qui, en d\u00e9but d\u2019ann\u00e9e, avait permis au gouvernement de justifier la fermeture de nombreuses classes, <a rel=\"noopener noreferrer\" href=\"https:\/\/www.lamarseillaise.fr\/societe\/la-rentree-se-prepare-pour-les-eleves-et-les-elus-FH20631613\" target=\"_blank\">dont 55\u00a0dans l\u2019acad\u00e9mie d\u2019Aix-Marseille<\/a>. Une nouvelle carte scolaire qui avait suscit\u00e9 une importante fronde des professeurs des \u00e9coles en mars et avril derniers, ceux-ci voyant dans cette baisse d\u00e9mographique l\u2019occasion d\u2019am\u00e9liorer l\u2019encadrement des \u00e9l\u00e8ves. \u00ab<i>\u00a0<\/i><i>L\u2019acad\u00e9mie n\u2019a rendu que 20<\/i><i>\u00a0<\/i><i>postes de professeurs des \u00e9coles. Si on avait suivi la d\u00e9mographie, c\u2019est plus d\u2019une centaine d\u2019emplois que j\u2019aurais d\u00fb rendre<\/i>, a justifi\u00e9 Jean-Yves Bessol, inspecteur acad\u00e9mique des Bouches-du-Rh\u00f4ne. <i>Le minist\u00e8re, le d\u00e9partement et l\u2019acad\u00e9mie tiennent donc compte de cette baisse d\u00e9mographique<\/i>\u00a0\u00bb. Et Beno\u00eet Delaunay de conclure\u00a0: \u00ab\u00a0<i>Je voudrais finir sur les mots du ministre, fiert\u00e9 et espoir, et (&#8230;) rappeler que si, bien s\u00fbr, nous avons des difficult\u00e9s, nous avons un socle solide<\/i><i>\u00a0<\/i>\u00bb. Un socle tout de m\u00eame attendu dans la rue le 29\u00a0septembre, \u00e0 l\u2019occasion d\u2019une gr\u00e8ve nationale de la fonction publique, o\u00f9 il sera notamment question des \u00ab\u00a0moyens\u00a0\u00bb \u00e0 mettre en \u0153uvre pour r\u00e9pondre aux bonnes intentions minist\u00e9rielles&#8230;<\/p>\n<\/p><\/div>\n<div class=\"paragraph\">\n<p>\u00ab\u00a0Je veux rappeler que <br \/>si, bien s\u00fbr, <br \/>nous avons <br \/>des difficult\u00e9s, nous avons un socle solide\u00a0\u00bb<\/p>\n<\/p><\/div>\n","protected":false},"excerpt":{"rendered":"Quelques jours seulement apr&egrave;s les annonces d&rsquo;&Eacute;douard Geffray, ministre de l&rsquo;&Eacute;ducation nationale (notre &eacute;dition du 28\/09), Beno&icirc;t Delaunay, recteur de l&rsquo;acad&eacute;mie d&rsquo;Aix-Marseille et de &#8230;","protected":false},"author":1,"featured_media":40968,"comment_status":"open","ping_status":"open","sticky":false,"template":"","format":"standard","meta":{"footnotes":""},"categories":[918,3923,3926,20],"tags":[1127,1057,10,3551,673,2614,410,1531,1560,497,2358,716],"news-destination":[3944],"news-source":[475],"is_homepage":[],"ta_other":[],"class_list":["post-40967","post","type-post","status-publish","format-standard","has-post-thumbnail","hentry","category-accueil","category-accueil-first","category-accueil-merge","category-societe","tag-academie-aix-marseille","tag-aix-marseille","tag-bouches-du-rhone","tag-carte-scolaire","tag-colleges","tag-ecoles-primaires","tag-education","tag-fonction-publique","tag-lycees","tag-ministre","tag-primaires","tag-rentree","news-destination-homepage","news-source-website"],"_links":{"self":[{"href":"https:\/\/euapp01.newsmemory.com\/lamarseillaise\/news\/wp-json\/wp\/v2\/posts\/40967","targetHints":{"allow":["GET"]}}],"collection":[{"href":"https:\/\/euapp01.newsmemory.com\/lamarseillaise\/news\/wp-json\/wp\/v2\/posts"}],"about":[{"href":"https:\/\/euapp01.newsmemory.com\/lamarseillaise\/news\/wp-json\/wp\/v2\/types\/post"}],"author":[{"embeddable":true,"href":"https:\/\/euapp01.newsmemory.com\/lamarseillaise\/news\/wp-json\/wp\/v2\/users\/1"}],"replies":[{"embeddable":true,"href":"https:\/\/euapp01.newsmemory.com\/lamarseillaise\/news\/wp-json\/wp\/v2\/comments?post=40967"}],"version-history":[{"count":1,"href":"https:\/\/euapp01.newsmemory.com\/lamarseillaise\/news\/wp-json\/wp\/v2\/posts\/40967\/revisions"}],"predecessor-version":[{"id":40969,"href":"https:\/\/euapp01.newsmemory.com\/lamarseillaise\/news\/wp-json\/wp\/v2\/posts\/40967\/revisions\/40969"}],"wp:featuredmedia":[{"embeddable":true,"href":"https:\/\/euapp01.newsmemory.com\/lamarseillaise\/news\/wp-json\/wp\/v2\/media\/40968"}],"wp:attachment":[{"href":"https:\/\/euapp01.newsmemory.com\/lamarseillaise\/news\/wp-json\/wp\/v2\/media?parent=40967"}],"wp:term":[{"taxonomy":"category","embeddable":true,"href":"https:\/\/euapp01.newsmemory.com\/lamarseillaise\/news\/wp-json\/wp\/v2\/categories?post=40967"},{"taxonomy":"post_tag","embeddable":true,"href":"https:\/\/euapp01.newsmemory.com\/lamarseillaise\/news\/wp-json\/wp\/v2\/tags?post=40967"},{"taxonomy":"news-destination","embeddable":true,"href":"https:\/\/euapp01.newsmemory.com\/lamarseillaise\/news\/wp-json\/wp\/v2\/news-destination?post=40967"},{"taxonomy":"news-source","embeddable":true,"href":"https:\/\/euapp01.newsmemory.com\/lamarseillaise\/news\/wp-json\/wp\/v2\/news-source?post=40967"},{"taxonomy":"is_homepage","embeddable":true,"href":"https:\/\/euapp01.newsmemory.com\/lamarseillaise\/news\/wp-json\/wp\/v2\/is_homepage?post=40967"},{"taxonomy":"ta_other","embeddable":true,"href":"https:\/\/euapp01.newsmemory.com\/lamarseillaise\/news\/wp-json\/wp\/v2\/ta_other?post=40967"}],"curies":[{"name":"wp","href":"https:\/\/api.w.org\/{rel}","templated":true}]}}