{"id":40964,"date":"2026-09-01T07:05:00","date_gmt":"2026-09-01T05:05:00","guid":{"rendered":"https:\/\/euapp01.newsmemory.com\/lamarseillaise\/news\/?p=40964"},"modified":"2026-09-01T07:56:10","modified_gmt":"2026-09-01T05:56:10","slug":"les-elus-en-visite-dans-les-etablissements-aujourdhui","status":"publish","type":"post","link":"https:\/\/euapp01.newsmemory.com\/lamarseillaise\/news\/2026\/09\/01\/les-elus-en-visite-dans-les-etablissements-aujourdhui\/","title":{"rendered":"Les \u00e9lus en visite dans les \u00e9tablissements aujourd\u2019hui"},"content":{"rendered":"<div class=\"paragraph\">\n<p>Une \u00e9cole maternelle ou primaire pour les maires et les conseillers municipaux. B\u00e2timents dont ils ont la charge. Beno\u00eet Payan, le maire (DVG) de Marseille sera ce lundi matin \u00e0 l\u2019\u00e9cole Clair Soleil (14<sup>e<\/sup>). Une de ces nombreuses \u00e9coles d\u00e9grad\u00e9es de Marseille, laiss\u00e9es en h\u00e9ritage par Jean-Claude Gaudin et son \u00e9quipe, et pour laquelle est pr\u00e9vu un vaste chantier de r\u00e9novation-construction dans le cadre du plan \u00ab\u00a0Marseille en grand\u00a0\u00bb. La pr\u00e9sidente (DVD) du D\u00e9partement des Bouches-du-Rh\u00f4ne, Martine Vassal, sera quant \u00e0 elle au coll\u00e8ge Andr\u00e9-Chenier (12<sup>e<\/sup>) apr\u00e8s avoir annonc\u00e9 en fin de semaine derni\u00e8re l\u2019ensemble des mesures d\u2019accompagnement et d\u2019aides destin\u00e9es aux coll\u00e9giens. Direction Aix-en-Provence, pour le pr\u00e9sident (Ren.) de la r\u00e9gion sud, et le Lyc\u00e9e de Vauvenargues. Il devrait y retrouver Sophie Joissains, la maire (UDI) d\u2019Aix ainsi que le recteur de l\u2019Acad\u00e9mie, Beno\u00eet Delaunay. Celui-ci aura pr\u00e9c\u00e9demment honor\u00e9 deux rendez-vous marseillais avec le maire de Marseille et la pr\u00e9sidente du D\u00e9partement.<\/p>\n<\/p><\/div>\n<div class=\"intext\"> Des budgets tr\u00e8s serr\u00e9s\n              <\/div>\n<div class=\"paragraph\">\n<p>Dans le Var, le vice-pr\u00e9sident de la R\u00e9gion, Fran\u00e7ois de Canson, visitera deux Lyc\u00e9es professionnels \u00e0 Toulon et Hy\u00e8res avant de se rendre dans un \u00e9tablissement d\u2019Istres. Un tour de chauffe pour celui qui pourrait succ\u00e9der \u00e0 Renaud Muselier, selon l\u2019issue des s\u00e9natoriales, fin septembre. Quant au pr\u00e9sident (LR) du Conseil d\u00e9partemental du Var, Jean-Louis Masson, il jouera \u00e0 domicile en se rendant au coll\u00e8ge Jacques-Yves Cousteau \u00e0 La\u00a0Garde, ville dont il a \u00e9t\u00e9 maire.<\/p>\n<p>Chacun aura bien \u00e9videmment \u00e0 c\u0153ur de mettre en avant les diff\u00e9rents dispositifs, travaux et projets financ\u00e9s par leurs collectivit\u00e9s. Mais il n\u2019en reste pas moins que les budgets allou\u00e9s deviennent de plus en plus difficiles \u00e0 tenir, au regard des coupes et des plans d\u2019aust\u00e9rit\u00e9 \u00e0 r\u00e9p\u00e9tition initi\u00e9s par le gouvernement actuel. Sans compter celles qui touchent directement les \u00e9tablissements via les dotations.<\/p>\n<\/p><\/div>\n","protected":false},"excerpt":{"rendered":"Une &eacute;cole maternelle ou primaire pour les maires et les conseillers municipaux. B&acirc;timents dont ils ont la charge. Beno&icirc;t Payan, le maire (DVG) de Marseille sera ce lundi matin &agrave; l&rsquo;&eacute;cole Clair Soleil (14e). Une &#8230;","protected":false},"author":1,"featured_media":40965,"comment_status":"open","ping_status":"open","sticky":false,"template":"","format":"standard","meta":{"footnotes":""},"categories":[918,3926,3925,20],"tags":[],"news-destination":[3944],"news-source":[475],"is_homepage":[],"ta_other":[],"class_list":["post-40964","post","type-post","status-publish","format-standard","has-post-thumbnail","hentry","category-accueil","category-accueil-merge","category-accueil-third","category-societe","news-destination-homepage","news-source-website"],"_links":{"self":[{"href":"https:\/\/euapp01.newsmemory.com\/lamarseillaise\/news\/wp-json\/wp\/v2\/posts\/40964","targetHints":{"allow":["GET"]}}],"collection":[{"href":"https:\/\/euapp01.newsmemory.com\/lamarseillaise\/news\/wp-json\/wp\/v2\/posts"}],"about":[{"href":"https:\/\/euapp01.newsmemory.com\/lamarseillaise\/news\/wp-json\/wp\/v2\/types\/post"}],"author":[{"embeddable":true,"href":"https:\/\/euapp01.newsmemory.com\/lamarseillaise\/news\/wp-json\/wp\/v2\/users\/1"}],"replies":[{"embeddable":true,"href":"https:\/\/euapp01.newsmemory.com\/lamarseillaise\/news\/wp-json\/wp\/v2\/comments?post=40964"}],"version-history":[{"count":1,"href":"https:\/\/euapp01.newsmemory.com\/lamarseillaise\/news\/wp-json\/wp\/v2\/posts\/40964\/revisions"}],"predecessor-version":[{"id":40966,"href":"https:\/\/euapp01.newsmemory.com\/lamarseillaise\/news\/wp-json\/wp\/v2\/posts\/40964\/revisions\/40966"}],"wp:featuredmedia":[{"embeddable":true,"href":"https:\/\/euapp01.newsmemory.com\/lamarseillaise\/news\/wp-json\/wp\/v2\/media\/40965"}],"wp:attachment":[{"href":"https:\/\/euapp01.newsmemory.com\/lamarseillaise\/news\/wp-json\/wp\/v2\/media?parent=40964"}],"wp:term":[{"taxonomy":"category","embeddable":true,"href":"https:\/\/euapp01.newsmemory.com\/lamarseillaise\/news\/wp-json\/wp\/v2\/categories?post=40964"},{"taxonomy":"post_tag","embeddable":true,"href":"https:\/\/euapp01.newsmemory.com\/lamarseillaise\/news\/wp-json\/wp\/v2\/tags?post=40964"},{"taxonomy":"news-destination","embeddable":true,"href":"https:\/\/euapp01.newsmemory.com\/lamarseillaise\/news\/wp-json\/wp\/v2\/news-destination?post=40964"},{"taxonomy":"news-source","embeddable":true,"href":"https:\/\/euapp01.newsmemory.com\/lamarseillaise\/news\/wp-json\/wp\/v2\/news-source?post=40964"},{"taxonomy":"is_homepage","embeddable":true,"href":"https:\/\/euapp01.newsmemory.com\/lamarseillaise\/news\/wp-json\/wp\/v2\/is_homepage?post=40964"},{"taxonomy":"ta_other","embeddable":true,"href":"https:\/\/euapp01.newsmemory.com\/lamarseillaise\/news\/wp-json\/wp\/v2\/ta_other?post=40964"}],"curies":[{"name":"wp","href":"https:\/\/api.w.org\/{rel}","templated":true}]}}