{"id":40961,"date":"2026-09-01T07:44:00","date_gmt":"2026-09-01T05:44:00","guid":{"rendered":"https:\/\/euapp01.newsmemory.com\/lamarseillaise\/news\/?p=40961"},"modified":"2026-09-01T08:05:26","modified_gmt":"2026-09-01T06:05:26","slug":"le-data-center-de-saint-louis-souvre-au-debat","status":"publish","type":"post","link":"https:\/\/euapp01.newsmemory.com\/lamarseillaise\/news\/2026\/09\/01\/le-data-center-de-saint-louis-souvre-au-debat\/","title":{"rendered":"\u00c0 Marseille, le data center de Saint-Louis s\u2019ouvre au d\u00e9bat"},"content":{"rendered":"<div class=\"paragraph\">\n<p>Les premi\u00e8res contributions sont d\u00e9j\u00e0 publi\u00e9es sur le registre mis en ligne, toutes n\u00e9gatives pour l\u2019instant. Depuis le 24\u00a0ao\u00fbt est ouverte l\u2019enqu\u00eate publique pour l\u2019installation, d\u2019ici \u00e0 la fin de l\u2019ann\u00e9e\u00a02028 d\u2019un nouveau centre de donn\u00e9es \u00e0 Marseille, sur les emprises de la friche de Saint-Louis Sucre (15<sup>e<\/sup>\u00a0arr.). Un projet de taille\u00a0: avec 300\u00a0millions d\u2019euros d\u2019investis pour une puissance de 20\u00a0m\u00e9gawatts sur 21\u00a0900 m\u00b2 de surface de plancher, il n\u2019est d\u00e9pass\u00e9 \u00e0 Marseille que par le MRS6 de Digital Realty en voie d\u2019ach\u00e8vement le long de l\u2019A55. De quoi animer le d\u00e9bat, alors que se tient une premi\u00e8re r\u00e9union publique ce jeudi, \u00e0 18h, en mairie de secteur.<\/p>\n<p>Un temps pr\u00e9vu pour accueillir une zone logistique, le site industriel historique dont il ne reste que l\u2019activit\u00e9 de sucre liquide a finalement \u00e9t\u00e9 destin\u00e9 \u00e0 accueillir les installations du mart\u00e9gal Provence Studio. \u00ab\u00a0<i>Ils n\u2019avaient pas les reins assez solides pour pouvoir r\u00e9nover la totalit\u00e9 du site et en faire quelque chose de viable, alors on nous a propos\u00e9 de &#8220;<\/i><i>backupper<\/i><i>&#8221; \u00e7a par une activit\u00e9 qui pourrait aider \u00e0 supporter le mod\u00e8le \u00e9conomique, et donc un data center<\/i><i>\u00a0<\/i>\u00bb, retrace Guillaume Zaimeche, le directeur de projets d\u2019Edged Enery, qui a remport\u00e9 l\u2019appel d\u2019offres des studios au mois de mars\u00a02025. En \u00e9change, la soci\u00e9t\u00e9 devra payer un loyer sur cinquante ans \u00e0 la Fonci\u00e8re Saint-Louis, la soci\u00e9t\u00e9 mont\u00e9e par Provence Studios pour racheter le site, pour un montant inf\u00e9rieur aux 53\u00a0millions d\u2019euros \u00e9voqu\u00e9s par nos confr\u00e8res de <i>Marsactu<\/i> selon le directeur de projets, qui vante les synergies des deux projets\u00a0: \u00ab\u00a0<i>Ils ont besoin de stocker, de traiter les rushs, de potentiellement faire de la cr\u00e9ation assist\u00e9e par ordinateur<\/i>\u00a0\u00bb.<\/p>\n<\/p><\/div>\n<div class=\"intext\"> Avis d\u00e9favorables\n              <\/div>\n<div class=\"paragraph\">\n<p>Face aux lev\u00e9es de boucliers des opposants, il pr\u00e9sente un syst\u00e8me de refroidissement \u00ab\u00a0<i>extr\u00eamement efficient compar\u00e9 aux autres<\/i><i>\u00a0<\/i>\u00bb, sans autre consommation d\u2019eau que pour le nettoyage et les sanitaires, et sans nuisance sonore suppl\u00e9mentaire ni \u00eelot de chaleur promet-il. Avec quarante emplois directs, le double en sous-traitance. Reste qu\u2019avec une puissance projet\u00e9e de 20\u00a0m\u00e9gawatts, en plein quartier d\u2019habitation, le centre de donn\u00e9e d\u00e9passe all\u00e8grement le plafond de 12\u00a0m\u00e9gawatts en \u00ab\u00a0<i>tissu urbain dense<\/i><i>\u00a0<\/i>\u00bb inscrit dans les orientations d\u2019am\u00e9nagement de la M\u00e9tropole (notre \u00e9dition du 8\u00a0ao\u00fbt). Des orientations qui restent un tigre de papier, faute de transcription dans les documents d\u2019urbanisme. \u00ab\u00a0<i>Cela n\u2019a pas attir\u00e9 de probl\u00e9matique particuli\u00e8re puisque nous nous inscrivons dans l\u2019orientation d\u2019une revalorisation de friche industrielle<\/i><i>\u00a0<\/i>\u00bb, explique Guillaume Zaimeche.<\/p>\n<p>Un autre point a fait tiquer l\u2019intercommunalit\u00e9\u00a0: la direction de l\u2019am\u00e9nagement des espaces publics a rendu un avis d\u00e9favorable face \u00e0 \u00ab\u00a0<i>l\u2019impact significatif<\/i><i>\u00a0<\/i>\u00bb sur l\u2019extension du tramway, d\u2019autant plus que les deux chantiers sont concomitants. \u00ab\u00a0<i>Les acc\u00e8s et l\u2019implantation du projet sont incompatibles avec la refonte du plan de circulation<\/i><i>\u00a0<\/i>\u00bb, alertent les services face \u00e0 la suppression de l\u2019axe routier pr\u00e9vu entre la rue de Lyon et l\u2019avenue Ibrahim-Ali. \u00ab\u00a0<i>Ils ont revu leur position<\/i><i>\u00a0<\/i>\u00bb, assure le directeur de projet. La direction d\u00e9partementale des territoires et de la mer (DDTM) pointe de son c\u00f4t\u00e9 l\u2019impact paysager d\u2019un b\u00e2timent haut de 33\u00a0m\u00e8tres. \u00ab\u00a0<i>Le site existant est plus haut que la fa\u00e7ade<\/i><i>\u00a0<\/i>\u00bb, objecte Guillaume Zaimeche. Qui \u00e9carte de m\u00eame les objections sur la compatibilit\u00e9 avec un r\u00e9seau de chaleur, avec seulement 30\u00b0C manquants, o\u00f9 celles de l\u2019Agence r\u00e9gionale de sant\u00e9 face \u00e0 l\u2019absence de mesures \u00ab\u00a0<i>afin d\u2019\u00e9viter ou de r\u00e9duire ses rejets atmosph\u00e9riques<\/i><i>\u00a0<\/i>\u00bb. \u00ab\u00a0<i>On installe un dispositif qui permet d\u2019\u00e9liminer 80% des \u00e9missions d\u2019oxydes d\u2019azote<\/i><i>\u00a0<\/i>\u00bb, r\u00e9pond-il.<\/p>\n<p>L\u2019enqu\u00eate publique doit s\u2019achever le 24\u00a0novembre.<\/p>\n<\/p><\/div>\n<div class=\"paragraph\">\n<p>\u00ab\u00a0On nous <br \/>a propos\u00e9 <br \/>de backupper <br \/>le projet <br \/>de Provence Studios\u00a0\u00bb<\/p>\n<\/p><\/div>\n","protected":false},"excerpt":{"rendered":"Les premi&egrave;res contributions sont d&eacute;j&agrave; publi&eacute;es sur le registre mis en ligne, toutes n&eacute;gatives pour l&rsquo;instant. Depuis le 24&nbsp;ao&ucirc;t est ouverte l&rsquo;enqu&ecirc;te publique pour l&rsquo;installation, &#8230;","protected":false},"author":1,"featured_media":40962,"comment_status":"open","ping_status":"open","sticky":false,"template":"","format":"standard","meta":{"footnotes":""},"categories":[918,3926,3925,338],"tags":[10,3277,1022,2248,16,1468],"news-destination":[3944],"news-source":[475],"is_homepage":[],"ta_other":[],"class_list":["post-40961","post","type-post","status-publish","format-standard","has-post-thumbnail","hentry","category-accueil","category-accueil-merge","category-accueil-third","category-economie","tag-bouches-du-rhone","tag-data-centers","tag-energie","tag-enquete-publique","tag-marseille","tag-numerique","news-destination-homepage","news-source-website"],"_links":{"self":[{"href":"https:\/\/euapp01.newsmemory.com\/lamarseillaise\/news\/wp-json\/wp\/v2\/posts\/40961","targetHints":{"allow":["GET"]}}],"collection":[{"href":"https:\/\/euapp01.newsmemory.com\/lamarseillaise\/news\/wp-json\/wp\/v2\/posts"}],"about":[{"href":"https:\/\/euapp01.newsmemory.com\/lamarseillaise\/news\/wp-json\/wp\/v2\/types\/post"}],"author":[{"embeddable":true,"href":"https:\/\/euapp01.newsmemory.com\/lamarseillaise\/news\/wp-json\/wp\/v2\/users\/1"}],"replies":[{"embeddable":true,"href":"https:\/\/euapp01.newsmemory.com\/lamarseillaise\/news\/wp-json\/wp\/v2\/comments?post=40961"}],"version-history":[{"count":2,"href":"https:\/\/euapp01.newsmemory.com\/lamarseillaise\/news\/wp-json\/wp\/v2\/posts\/40961\/revisions"}],"predecessor-version":[{"id":41018,"href":"https:\/\/euapp01.newsmemory.com\/lamarseillaise\/news\/wp-json\/wp\/v2\/posts\/40961\/revisions\/41018"}],"wp:featuredmedia":[{"embeddable":true,"href":"https:\/\/euapp01.newsmemory.com\/lamarseillaise\/news\/wp-json\/wp\/v2\/media\/40962"}],"wp:attachment":[{"href":"https:\/\/euapp01.newsmemory.com\/lamarseillaise\/news\/wp-json\/wp\/v2\/media?parent=40961"}],"wp:term":[{"taxonomy":"category","embeddable":true,"href":"https:\/\/euapp01.newsmemory.com\/lamarseillaise\/news\/wp-json\/wp\/v2\/categories?post=40961"},{"taxonomy":"post_tag","embeddable":true,"href":"https:\/\/euapp01.newsmemory.com\/lamarseillaise\/news\/wp-json\/wp\/v2\/tags?post=40961"},{"taxonomy":"news-destination","embeddable":true,"href":"https:\/\/euapp01.newsmemory.com\/lamarseillaise\/news\/wp-json\/wp\/v2\/news-destination?post=40961"},{"taxonomy":"news-source","embeddable":true,"href":"https:\/\/euapp01.newsmemory.com\/lamarseillaise\/news\/wp-json\/wp\/v2\/news-source?post=40961"},{"taxonomy":"is_homepage","embeddable":true,"href":"https:\/\/euapp01.newsmemory.com\/lamarseillaise\/news\/wp-json\/wp\/v2\/is_homepage?post=40961"},{"taxonomy":"ta_other","embeddable":true,"href":"https:\/\/euapp01.newsmemory.com\/lamarseillaise\/news\/wp-json\/wp\/v2\/ta_other?post=40961"}],"curies":[{"name":"wp","href":"https:\/\/api.w.org\/{rel}","templated":true}]}}