{"id":40958,"date":"2026-08-31T18:51:00","date_gmt":"2026-08-31T16:51:00","guid":{"rendered":"https:\/\/euapp01.newsmemory.com\/lamarseillaise\/news\/?p=40958"},"modified":"2026-08-31T19:14:20","modified_gmt":"2026-08-31T17:14:20","slug":"nimes-veut-rendre-une-nouvelle-copie-pour-lecole-publique","status":"publish","type":"post","link":"https:\/\/euapp01.newsmemory.com\/lamarseillaise\/news\/2026\/08\/31\/nimes-veut-rendre-une-nouvelle-copie-pour-lecole-publique\/","title":{"rendered":"N\u00eemes veut rendre une nouvelle copie pour l\u2019\u00e9cole publique"},"content":{"rendered":"<div class=\"paragraph\">\n<p>\u00c0 N\u00eemes, la rentr\u00e9e scolaire commence par un constat social. Vendredi 28 ao\u00fbt, c\u2019est \u00e0 l\u2019\u00e9cole Capouchin\u00e9, l\u2019un des groupes scolaires les plus expos\u00e9s aux fortes chaleurs, que Vincent Bouget, entour\u00e9 de son adjoint \u00e0 l\u2019\u00e9ducation Pierre-\u00c9douard D\u00e9trez et de Fanny Daguenet, conseill\u00e8re municipale d\u00e9l\u00e9gu\u00e9e au p\u00e9riscolaire et \u00e0 la \u00ab\u00a0Ville \u00e0 hauteur d\u2019enfant \u00bb, a pr\u00e9sent\u00e9 la premi\u00e8re rentr\u00e9e de la nouvelle majorit\u00e9. Un choix de d\u00e9cor loin d\u2019\u00eatre anodin : dans une ville o\u00f9 pr\u00e8s de 42\u00a0000 habitants vivent dans la pauvret\u00e9 et o\u00f9 un tiers des familles sont monoparentales, la municipalit\u00e9 veut faire de l\u2019\u00e9cole publique l\u2019un des premiers terrains de son changement de cap.<\/p>\n<p>Mardi 1 septembre, 11 000 enfants retrouveront les 83 \u00e9coles publiques de la ville. Parmi eux, les 7 650 \u00e9l\u00e8ves du CP au CM2 d\u00e9couvriront sur leur table un kit de fournitures : crayons, stylos, colle, r\u00e8gle ou ardoise. Une dizaine d\u2019euros de mat\u00e9riel par enfant, compl\u00e9t\u00e9e par une hausse de 20% de la dotation vers\u00e9e aux \u00e9coles. \u00ab <i>En augmentant la dotation pour les fournitures scolaires, nous ne faisons pas un choix symbolique. Nous nous engageons aux c\u00f4t\u00e9s des familles pour mieux les accompagner dans cette p\u00e9riode de l\u2019ann\u00e9e, faite de charges et de doutes parfois. C\u2019est une mani\u00e8re tr\u00e8s tangible d\u2019agir en faveur de leur pouvoir d\u2019achat, tout en r\u00e9affirmant un principe<\/i><i>\u00a0<\/i><i>: l\u2019\u00e9cole publique doit rester un facteur d\u2019\u00e9galit\u00e9 r\u00e9elle pour tous les enfants<\/i> \u00bb, d\u00e9fend Vincent Bouget.<\/p>\n<p>Cette logique se poursuit avec la gratuit\u00e9 de l\u2019ensemble des biblioth\u00e8ques municipales et la remise d\u2019une premi\u00e8re carte \u00e0 chaque enfant entrant au CP. Apr\u00e8s l\u2019enveloppe exceptionnelle de 100 000 euros d\u00e9bloqu\u00e9e cet \u00e9t\u00e9 pour permettre \u00e0 plus d\u2019un millier de jeunes N\u00eemois de partir en s\u00e9jour ou de participer \u00e0 des activit\u00e9s, la nouvelle \u00e9quipe tente ainsi de donner corps \u00e0 son projet de \u00ab\u00a0ville \u00e0 hauteur d\u2019enfant \u00bb.<\/p>\n<\/p><\/div>\n<div class=\"intext\"> Des agents enfin sortis de la pr\u00e9carit\u00e9\n              <\/div>\n<div class=\"paragraph\">\n<p>Mais le marqueur social le plus significatif se situe peut-\u00eatre du c\u00f4t\u00e9 de ceux qui font vivre l\u2019\u00e9cole une fois la classe termin\u00e9e. La municipalit\u00e9 annonce la titularisation de 90 agents du p\u00e9riscolaire, animateurs ou personnels d\u2019Ala\u00e9 (Accueil de loisirs associ\u00e9 \u00e0 l\u2019\u00e9cole). Sur les 822 agents municipaux mobilis\u00e9s autour des \u00e9coles, 469 sont d\u00e9sormais titulaires. \u00ab <i>Ils sont dans notre soci\u00e9t\u00e9 invisibles socialement mais pourtant essentiels<\/i> \u00bb, insiste Vincent Bouget, citant \u00e9galement les Atsem, AESH ou personnels d\u2019entretien, sans lesquels le service public d\u2019\u00e9ducation ne peut tout simplement pas fonctionner.<\/p>\n<p>Fanny Daguenet d\u00e9fend, elle, la n\u00e9cessit\u00e9 de s\u2019appuyer sur des \u00e9quipes durables : \u00ab <i>La s\u00e9curit\u00e9 repose avant tout sur la pr\u00e9sence d\u2019\u00e9quipes fiables, form\u00e9es et reconnues.<\/i> \u00bb Une mani\u00e8re de rappeler que la qualit\u00e9 du service public passe aussi par les conditions d\u2019emploi de celles et ceux qui accompagnent quotidiennement les enfants. La Ville promet en parall\u00e8le des recrutements plus encadr\u00e9s, davantage de formation et un suivi renforc\u00e9 des \u00e9quipes.<\/p>\n<p>\u00c0 la cantine, o\u00f9 5 500 repas sont servis quotidiennement, les changements attendront encore quelques mois. La tr\u00e8s critiqu\u00e9e plateforme de r\u00e9servation doit \u00eatre enti\u00e8rement revue avec les parents d\u2019\u00e9l\u00e8ves, tandis qu\u2019un menu v\u00e9g\u00e9tarien devra \u00eatre propos\u00e9 chaque jour \u00e0 partir du premier semestre 2027 en compl\u00e9ment des menus actuels. L\u00e0 encore, la Ville avance un objectif d\u2019accessibilit\u00e9 : lever certains freins qui conduisent aujourd\u2019hui des familles \u00e0 ne pas inscrire leur enfant.<\/p>\n<\/p><\/div>\n<div class=\"intext\"> Faire face \u00e0 l\u2019urgence climatique\n              <\/div>\n<div class=\"paragraph\">\n<p>Reste un chantier autrement plus lourd : celui des murs. Les \u00e9pisodes de chaleur de juin ont transform\u00e9 certaines salles de classe en \u00e9tuves, avec pr\u00e8s de 38 degr\u00e9s relev\u00e9s \u00e0 Capouchin\u00e9. La mairie reconna\u00eet elle-m\u00eame le retard accumul\u00e9. \u00ab <i>Nous ne sommes pas pr\u00eats<\/i> \u00bb, admet Vincent Bouget, qui promet un vaste \u00ab plan \u00e9cole \u00bb sur le mandat.<\/p>\n<p>Pour 2026, 5,4 millions d\u2019euros ont d\u00e9j\u00e0 \u00e9t\u00e9 engag\u00e9s dans les \u00e9tablissements, dont 1,78 million pour l\u2019isolation et le confort thermique, 826 700 euros pour les sanitaires et 431 700 euros pour l\u2019accessibilit\u00e9. Neuf classes suppl\u00e9mentaires ont \u00e9galement \u00e9t\u00e9 am\u00e9nag\u00e9es dans des \u00e9coles r\u00e9cemment int\u00e9gr\u00e9es \u00e0 l\u2019\u00e9ducation prioritaire. \u00c0 Capouchin\u00e9, fen\u00eatres et fa\u00e7ades ont d\u00e9j\u00e0 \u00e9t\u00e9 reprises ; \u00e0 La Placette, une toile d\u2019ombrage de 350 m\u00b2 a remplac\u00e9 celle install\u00e9e il y a vingt-cinq ans. Autant de premi\u00e8res r\u00e9ponses, alors que la municipalit\u00e9 promet d\u2019autres interventions avant les chaleurs de juin 2027. L\u2019ampleur du patrimoine scolaire et les contraintes budg\u00e9taires laissent cependant entrevoir un chantier de plusieurs ann\u00e9es.<\/p>\n<\/p><\/div>\n","protected":false},"excerpt":{"rendered":"&Agrave; N&icirc;mes, la rentr&eacute;e scolaire commence par un constat social. Vendredi 28 ao&ucirc;t, c&rsquo;est &agrave; l&rsquo;&eacute;cole Capouchin&eacute;, l&rsquo;un des groupes scolaires les plus expos&eacute;s aux fortes chaleurs, que &#8230;","protected":false},"author":1,"featured_media":40959,"comment_status":"open","ping_status":"open","sticky":false,"template":"","format":"standard","meta":{"footnotes":""},"categories":[918,3926,3925,20],"tags":[1996,1995,777,2492,410,2173,754,3488,238,1063,241,3139,1024,419,1546,712,751,2418],"news-destination":[3944],"news-source":[475],"is_homepage":[],"ta_other":[],"class_list":["post-40958","post","type-post","status-publish","format-standard","has-post-thumbnail","hentry","category-accueil","category-accueil-merge","category-accueil-third","category-societe","tag-agents-municipaux","tag-bibliotheques","tag-cantines","tag-ecole-publique","tag-education","tag-egalite","tag-familles","tag-fournitures","tag-gard","tag-jeunesse","tag-nimes","tag-periscolaire","tag-pouvoir-dachat","tag-rechauffement-climatique","tag-renovation-thermique","tag-rentree-scolaire","tag-service-public","tag-vincent-bouget","news-destination-homepage","news-source-website"],"_links":{"self":[{"href":"https:\/\/euapp01.newsmemory.com\/lamarseillaise\/news\/wp-json\/wp\/v2\/posts\/40958","targetHints":{"allow":["GET"]}}],"collection":[{"href":"https:\/\/euapp01.newsmemory.com\/lamarseillaise\/news\/wp-json\/wp\/v2\/posts"}],"about":[{"href":"https:\/\/euapp01.newsmemory.com\/lamarseillaise\/news\/wp-json\/wp\/v2\/types\/post"}],"author":[{"embeddable":true,"href":"https:\/\/euapp01.newsmemory.com\/lamarseillaise\/news\/wp-json\/wp\/v2\/users\/1"}],"replies":[{"embeddable":true,"href":"https:\/\/euapp01.newsmemory.com\/lamarseillaise\/news\/wp-json\/wp\/v2\/comments?post=40958"}],"version-history":[{"count":1,"href":"https:\/\/euapp01.newsmemory.com\/lamarseillaise\/news\/wp-json\/wp\/v2\/posts\/40958\/revisions"}],"predecessor-version":[{"id":40960,"href":"https:\/\/euapp01.newsmemory.com\/lamarseillaise\/news\/wp-json\/wp\/v2\/posts\/40958\/revisions\/40960"}],"wp:featuredmedia":[{"embeddable":true,"href":"https:\/\/euapp01.newsmemory.com\/lamarseillaise\/news\/wp-json\/wp\/v2\/media\/40959"}],"wp:attachment":[{"href":"https:\/\/euapp01.newsmemory.com\/lamarseillaise\/news\/wp-json\/wp\/v2\/media?parent=40958"}],"wp:term":[{"taxonomy":"category","embeddable":true,"href":"https:\/\/euapp01.newsmemory.com\/lamarseillaise\/news\/wp-json\/wp\/v2\/categories?post=40958"},{"taxonomy":"post_tag","embeddable":true,"href":"https:\/\/euapp01.newsmemory.com\/lamarseillaise\/news\/wp-json\/wp\/v2\/tags?post=40958"},{"taxonomy":"news-destination","embeddable":true,"href":"https:\/\/euapp01.newsmemory.com\/lamarseillaise\/news\/wp-json\/wp\/v2\/news-destination?post=40958"},{"taxonomy":"news-source","embeddable":true,"href":"https:\/\/euapp01.newsmemory.com\/lamarseillaise\/news\/wp-json\/wp\/v2\/news-source?post=40958"},{"taxonomy":"is_homepage","embeddable":true,"href":"https:\/\/euapp01.newsmemory.com\/lamarseillaise\/news\/wp-json\/wp\/v2\/is_homepage?post=40958"},{"taxonomy":"ta_other","embeddable":true,"href":"https:\/\/euapp01.newsmemory.com\/lamarseillaise\/news\/wp-json\/wp\/v2\/ta_other?post=40958"}],"curies":[{"name":"wp","href":"https:\/\/api.w.org\/{rel}","templated":true}]}}