{"id":40953,"date":"2026-08-31T16:01:00","date_gmt":"2026-08-31T14:01:00","guid":{"rendered":"https:\/\/euapp01.newsmemory.com\/lamarseillaise\/news\/?p=40953"},"modified":"2026-08-31T16:28:21","modified_gmt":"2026-08-31T14:28:21","slug":"festival-visa-pour-limage-a-perpignan-visa-prend-le-pouls-du-monde-en-images","status":"publish","type":"post","link":"https:\/\/euapp01.newsmemory.com\/lamarseillaise\/news\/2026\/08\/31\/festival-visa-pour-limage-a-perpignan-visa-prend-le-pouls-du-monde-en-images\/","title":{"rendered":"[Festival Visa pour l\u2019image] \u00c0 Perpignan, \u00ab&nbsp;Visa&nbsp;\u00bb prend le pouls du monde en images"},"content":{"rendered":"<div class=\"paragraph\">\n<p><i>\u00ab Alors que le c\u00e9l\u00e8bre festival* de photojournalisme de Perpignan ouvre une grande fen\u00eatre sur le monde pour pr\u00e9senter en images, comme chaque ann\u00e9e l\u2019actualit\u00e9 des 12 derniers mois, son fondateur Jean-Fran\u00e7ois Leroy, est d\u00e9c\u00e9d\u00e9 ce 31 ao\u00fbt \u00e0 Paris \u00e0 69 ans des suites d\u2019un cancer. Une \u00e9dition endeuill\u00e9e, donc, qu\u2019il a toutefois \u00ab particip\u00e9 \u00e0 pr\u00e9parer de A \u00e0 Z \u00bb<\/i>, assure la directrice g\u00e9n\u00e9rale de Visa pour l\u2019image, Delphine Lelu. <i>\u00ab C\u2019est l\u2019\u00e2me de ce festival, il l\u2019a port\u00e9 \u00e0 bout de bras depuis la premi\u00e8re \u00e9dition, en 1989. Il nous laisse un grand h\u00e9ritage. Il a toujours voulu que Perpignan soit un phare pour les photojournalistes, on va faire en sorte que le festival continue de briller\u00bb<\/i>, a-t-elle ajout\u00e9.<\/p>\n<p>Une manifestation qui, pr\u00e8s de 40 ans apr\u00e8s sa cr\u00e9ation (en 1989) et en plein essor de l\u2019Intelligence artificielle (IA), avec les cons\u00e9quences qu\u2019on sait sur la fiabilit\u00e9 de l\u2019information, conna\u00eet de plus en plus de succ\u00e8s.<i> \u00ab<\/i><i>\u00a0<\/i><i>On a des taux de fr\u00e9quentation qui augmentent, avec un public qui \u00e9volue, notamment de jeunes photographes qui d\u00e9marrent<\/i><i>\u00a0<\/i><i>\u00bb<\/i>, se f\u00e9licite Delphine Lelu. L\u2019an dernier, les expositions ont ainsi rassembl\u00e9 plus de 220\u00a0000 visiteurs, parmi lesquels 22 000 scolaires. <i>\u00ab<\/i><i>\u00a0<\/i><i>On re\u00e7oit \u00e9galement entre 1<\/i><i>\u00a0<\/i><i>200 et 1<\/i><i>\u00a0<\/i><i>500 professionnels <\/i><i>d\u2019une cinquantaine de pays <\/i><i>durant la premi\u00e8re semaine<\/i><i>\u00a0<\/i><i>\u00bb<\/i>, souligne la directrice adjointe. \u00c0 l\u2019heure de la multiplication des images g\u00e9n\u00e9r\u00e9es ou manipul\u00e9es via l\u2019IA -2026 s\u2019est ouverte sur une fausse photographie du pr\u00e9sident v\u00e9n\u00e9zu\u00e9lien Nicol\u00e1s Maduro, menott\u00e9 et encadr\u00e9 par des militaires am\u00e9ricains- Visa pour l\u2019image est la garantie de pouvoir profiter d\u2019une information v\u00e9rifi\u00e9e.<\/p>\n<p>25\u00a0expositions gratuites, six soir\u00e9es de projection et de nombreuses rencontres sont propos\u00e9es \u00e0 l\u2019occasion de cette 38<sup>e<\/sup>\u00a0\u00e9dition, qui s\u2019ouvre le 29\u00a0ao\u00fbt.<i> \u00ab<\/i><i>\u00a0<\/i><i>Nous pr\u00e9sentons \u00e0 la fois le travail de jeunes photographes, qui sont les talents de demain, des photographes confirm\u00e9s que le public conna\u00eet d\u00e9j\u00e0 un peu et de grands photographes bien ancr\u00e9s dont on essaie de faire red\u00e9couvrir le travail.<\/i><i>\u00a0<\/i><i>\u00bb<\/i><\/p>\n<p>Parmi eux, cette ann\u00e9e, une r\u00e9trospective est consacr\u00e9e au c\u00e9l\u00e8bre photographe et cin\u00e9aste Raymond Depardon, \u00e0 travers <i>\u00ab<\/i><i>\u00a0<\/i><i>une s\u00e9lection in\u00e9dite autour de l\u2019actualit\u00e9 nationale et internationale qu\u2019il a couverte. Il s\u2019agit d\u2019images diff\u00e9rentes de ce que le public a l\u2019habitude de voir de Raymond Depardon<\/i><i>\u00a0 <\/i><i>\u00bb<\/i>. Le festival proposera \u00e9galement une exposition sur l\u2019Inde sign\u00e9e Paolo Roversi, dans un registre diff\u00e9rent de celui dans lequel on le conna\u00eet habituellement cette l\u00e9gende italienne de la photo de mode. 2026 sera aussi l\u2019occasion d\u2019une r\u00e9trospective d\u00e9di\u00e9e \u00e0 \u00c9tienne Mont\u00e8s, qui a couvert, de 1973 \u00e0 1987, l\u2019actualit\u00e9 en France, en Espagne, en Afrique, en Am\u00e9rique centrale et du Sud avant de reprendre l\u2019exploitation des vignes familiales dans le Roussillon. Son travail n\u2019avait jamais \u00e9t\u00e9 expos\u00e9 depuis. <i>\u00ab<\/i><i>\u00a0<\/i><i>Cela va permettre \u00e0 la nouvelle g\u00e9n\u00e9ration de d\u00e9couvrir ce grand photographe<\/i><i>\u00a0<\/i><i>\u00bb<\/i>, esp\u00e8re Delphine Lelu.<\/p>\n<p>Comme chaque ann\u00e9e, Visa pour l\u2019Image fera la part belle aux photoreportages documentant les conflits internationaux\u00a0: l\u2019Iran, le Liban, Isra\u00ebl, la Syrie, le Soudan, l\u2019Ukraine ou encore la Palestine, avec le travail de Khames Alrefi, laur\u00e9at 2026 du Visa d\u2019or humanitaire du Comit\u00e9 international de la Croix-Rouge (CICR), sur les civils victimes de la guerre dans la bande de Gaza.<\/p>\n<p>Parmi les nombreux autres sujets, le public pourra d\u00e9couvrir une exposition de Gerd Ludwig sur \u00ab\u00a0Tchernobyl 40\u00a0ans plus tard\u00a0\u00bb, un travail de J\u00e9r\u00e9my Lempin sur l\u2019illettrisme en France, un reportage peu commun de J\u00e9r\u00f4me Gence sur les mariages virtuels au Japon, qui raconte l\u2019histoire de femmes et d\u2019hommes choisissant d\u2019\u00e9pouser des personnages de fiction issus de mangas ou de jeux vid\u00e9o, le reportage poignant d\u2019Elise Blanchard en Afghanistan sur <i>\u00ab<\/i><i>\u00a0<\/i><i>les fillettes vendues pour survivre aux s\u00e9cheresses<\/i><i>\u00a0<\/i><i>\u00bb <\/i>ou encore, pour la premi\u00e8re fois \u00e0 Visa, une belle r\u00e9trospective des photos prises en Antarctique, aux Philippines et en Corse par le biologiste marin et photographe originaire de Montpellier\u00a0: Laurent Ballesta. La liste n\u2019est bien s\u00fbr pas exhaustive, loin s\u2019en faut. Le mieux est de prendre son Visa et de composer son propre voyage&#8230;<\/p>\n<\/p><\/div>\n<div class=\"paragraph\">\n<p>*Le fondateur du festival \u00abVisa pour l\u2019image \u00bb est d\u00e9c\u00e9d\u00e9 ce 31 ao\u00fbt durant l\u2019\u00e9dition 2026 qui vient de d\u00e9marrer.<\/p>\n<\/p><\/div>\n","protected":false},"excerpt":{"rendered":"&laquo; Alors que le c&eacute;l&egrave;bre festival* de photojournalisme de Perpignan ouvre une grande fen&ecirc;tre sur le monde pour pr&eacute;senter en images, comme chaque ann&eacute;e l&rsquo;actualit&eacute; des 12 derniers mois, son fondateur &#8230;","protected":false},"author":1,"featured_media":40954,"comment_status":"open","ping_status":"open","sticky":false,"template":"","format":"standard","meta":{"footnotes":""},"categories":[918,3926,3925,32],"tags":[1650,6344,6342,39,329,1083,680,263,6343,3086,3252],"news-destination":[3944],"news-source":[475],"is_homepage":[],"ta_other":[],"class_list":["post-40953","post","type-post","status-publish","format-standard","has-post-thumbnail","hentry","category-accueil","category-accueil-merge","category-accueil-third","category-culture","tag-conflits","tag-delphine-lelu","tag-depardon","tag-expositions","tag-festival","tag-gratuit","tag-guerres","tag-photographie","tag-photojournalisme","tag-pyrenees-orientales","tag-visa-pour-limage","news-destination-homepage","news-source-website"],"_links":{"self":[{"href":"https:\/\/euapp01.newsmemory.com\/lamarseillaise\/news\/wp-json\/wp\/v2\/posts\/40953","targetHints":{"allow":["GET"]}}],"collection":[{"href":"https:\/\/euapp01.newsmemory.com\/lamarseillaise\/news\/wp-json\/wp\/v2\/posts"}],"about":[{"href":"https:\/\/euapp01.newsmemory.com\/lamarseillaise\/news\/wp-json\/wp\/v2\/types\/post"}],"author":[{"embeddable":true,"href":"https:\/\/euapp01.newsmemory.com\/lamarseillaise\/news\/wp-json\/wp\/v2\/users\/1"}],"replies":[{"embeddable":true,"href":"https:\/\/euapp01.newsmemory.com\/lamarseillaise\/news\/wp-json\/wp\/v2\/comments?post=40953"}],"version-history":[{"count":2,"href":"https:\/\/euapp01.newsmemory.com\/lamarseillaise\/news\/wp-json\/wp\/v2\/posts\/40953\/revisions"}],"predecessor-version":[{"id":40957,"href":"https:\/\/euapp01.newsmemory.com\/lamarseillaise\/news\/wp-json\/wp\/v2\/posts\/40953\/revisions\/40957"}],"wp:featuredmedia":[{"embeddable":true,"href":"https:\/\/euapp01.newsmemory.com\/lamarseillaise\/news\/wp-json\/wp\/v2\/media\/40954"}],"wp:attachment":[{"href":"https:\/\/euapp01.newsmemory.com\/lamarseillaise\/news\/wp-json\/wp\/v2\/media?parent=40953"}],"wp:term":[{"taxonomy":"category","embeddable":true,"href":"https:\/\/euapp01.newsmemory.com\/lamarseillaise\/news\/wp-json\/wp\/v2\/categories?post=40953"},{"taxonomy":"post_tag","embeddable":true,"href":"https:\/\/euapp01.newsmemory.com\/lamarseillaise\/news\/wp-json\/wp\/v2\/tags?post=40953"},{"taxonomy":"news-destination","embeddable":true,"href":"https:\/\/euapp01.newsmemory.com\/lamarseillaise\/news\/wp-json\/wp\/v2\/news-destination?post=40953"},{"taxonomy":"news-source","embeddable":true,"href":"https:\/\/euapp01.newsmemory.com\/lamarseillaise\/news\/wp-json\/wp\/v2\/news-source?post=40953"},{"taxonomy":"is_homepage","embeddable":true,"href":"https:\/\/euapp01.newsmemory.com\/lamarseillaise\/news\/wp-json\/wp\/v2\/is_homepage?post=40953"},{"taxonomy":"ta_other","embeddable":true,"href":"https:\/\/euapp01.newsmemory.com\/lamarseillaise\/news\/wp-json\/wp\/v2\/ta_other?post=40953"}],"curies":[{"name":"wp","href":"https:\/\/api.w.org\/{rel}","templated":true}]}}