{"id":40947,"date":"2026-08-31T15:10:00","date_gmt":"2026-08-31T13:10:00","guid":{"rendered":"https:\/\/euapp01.newsmemory.com\/lamarseillaise\/news\/?p=40947"},"modified":"2026-08-31T16:24:23","modified_gmt":"2026-08-31T14:24:23","slug":"les-entrepreneurs-en-ont-marre-detre-fliques","status":"publish","type":"post","link":"https:\/\/euapp01.newsmemory.com\/lamarseillaise\/news\/2026\/08\/31\/les-entrepreneurs-en-ont-marre-detre-fliques\/","title":{"rendered":"[Entretien] \u00ab&nbsp;Les entrepreneurs en ont marre d\u2019\u00eatre fliqu\u00e9s&nbsp;\u00bb"},"content":{"rendered":"<div class=\"paragraph\">\n<p><b>La Marseillaise :<\/b><b> En quoi la facturation \u00e9lectronique irait-elle \u00e0 l\u2019encontre du droit ?<\/b><\/p>\n<p>David Guyon : Il y a deux id\u00e9es. D\u2019abord on va avoir un contr\u00f4le de type fiscal, automatique en temps r\u00e9el avec une collecte importante de donn\u00e9es \u00e0 destination de l\u2019administration fiscale. Cela peut porter atteinte \u00e0 la libert\u00e9 d\u2019entreprendre et au secret professionnel. Car sur la facturation, vous devez d\u00e9finir la nature de la prestation r\u00e9alis\u00e9e, l\u2019identit\u00e9 du client&#8230; Le conseil national des Barreaux avait questionn\u00e9 le gouvernement et le compromis mi-figue mi-raisin mis en place n\u2019est pas satisfaisant. Second argument, la protection des donn\u00e9es personnelles. On voit bien que les services de l\u2019\u00c9tat sont de v\u00e9ritables passoires, avec des failles syst\u00e9miques, sans aucun respect du R\u00e8glement g\u00e9n\u00e9ral sur la protection des donn\u00e9es (RGPD), ce qui est contraire au droit europ\u00e9en.<\/p>\n<p><b>On part sur quelle proc\u00e9dure <br \/>et sur quelle dur\u00e9e ? <\/b><\/p>\n<p>D.G. : Ce sera une proc\u00e9dure longue car si on voulait faire suspendre en urgence la facturation \u00e9lectronique on devrait d\u00e9montrer que dans le cas particulier de nos clients, il y a un risque d\u2019atteinte \u00e0 leurs int\u00e9r\u00eats. Or ce risque n\u2019est pas 100% s\u00fbr, le Conseil d\u2019\u00c9tat ne suspendra pas pour des risques potentiels. La transposition du droit europ\u00e9en nous oblige \u00e0 la r\u00e9forme d\u2019ici 2030 mais la France va plus vite (1<sup>er<\/sup>\u00a0septembre 2026\u00a0: obligation de r\u00e9ception TPE\/PME ainsi que d\u2019\u00e9mission des factures \u00e9lectroniques pour les grandes entreprises pour les TPE\/PME d\u2019ici un an). On ne sait pas comment \u00e7a va se passer pour un particulier qui aura besoin d\u2019une facture apr\u00e8s avoir fait appel \u00e0 un restaurateur ou un artisan. Certains auto-entrepreneurs cl\u00f4turent leur micro-entreprise car cette paperasserie administrative ne leur convient pas.<\/p>\n<p><b>Quels types d\u2019entreprises vous contactent ? <\/b><\/p>\n<p>D.G. : On a d\u00e9j\u00e0 une dizaine de clients : auto-entrepreneurs, profession lib\u00e9rale m\u00e9dicale et des grosses entreprises de 300\u00a0salari\u00e9s.<\/p>\n<p><b>N\u2019est-ce pas un bon moyen de lutte contre les fraudes \u00e0 la TVA ?<\/b><\/p>\n<p>D.G. : C\u2019est clair que pour l\u2019\u00c9tat la facturation \u00e9lectronique est un super moyen de s\u2019assurer que la TVA due sera collect\u00e9e. Vous organisez de mani\u00e8re pr\u00e9ventive un contr\u00f4le fiscal \u00e0 l\u2019\u00e9gard de toutes les soci\u00e9t\u00e9s qui jusque-l\u00e0 partaient sur du d\u00e9claratif. L\u00e0, on change de mod\u00e8le. Les entrepreneurs en ont marre d\u2019\u00eatre fliqu\u00e9s par l\u2019\u00c9tat. On aimerait un choc de productivit\u00e9 plut\u00f4t qu\u2019un choc de contr\u00f4le de la productivit\u00e9.<\/p>\n<p><b>N\u2019est-ce pas une \u00e9volution technologique in\u00e9vitable ?<\/b><\/p>\n<p>D.G. : Je combats un choix de soci\u00e9t\u00e9. En tant qu\u2019avocat, je suis pour la libert\u00e9 et la responsabilit\u00e9 qui va avec. Vous \u00eates libre d\u2019optimiser votre fiscalit\u00e9 mais si vous ne respectez pas les r\u00e8gles du jeu, vous \u00eates sanctionn\u00e9s s\u00e9v\u00e8rement. Je ne suis pas s\u00fbr que cette r\u00e9forme soit un bon signal envoy\u00e9 \u00e0 la population qui doit cr\u00e9er de la richesse.<\/p>\n<\/p><\/div>\n","protected":false},"excerpt":{"rendered":"La Marseillaise : En quoi la facturation &eacute;lectronique irait-elle &agrave; l&rsquo;encontre du droit ?","protected":false},"author":1,"featured_media":40948,"comment_status":"open","ping_status":"open","sticky":false,"template":"","format":"standard","meta":{"footnotes":""},"categories":[918,3926,3925,20],"tags":[1337,2196,6341,486,2400,239,200,240,844,1401,836,1028],"news-destination":[3944],"news-source":[475],"is_homepage":[],"ta_other":[],"class_list":["post-40947","post","type-post","status-publish","format-standard","has-post-thumbnail","hentry","category-accueil","category-accueil-merge","category-accueil-third","category-societe","tag-artisans","tag-avocat","tag-david-guyon","tag-entreprises","tag-fiscalite","tag-herault","tag-justice","tag-montpellier","tag-pme","tag-reforme","tag-tpe","tag-tva","news-destination-homepage","news-source-website"],"_links":{"self":[{"href":"https:\/\/euapp01.newsmemory.com\/lamarseillaise\/news\/wp-json\/wp\/v2\/posts\/40947","targetHints":{"allow":["GET"]}}],"collection":[{"href":"https:\/\/euapp01.newsmemory.com\/lamarseillaise\/news\/wp-json\/wp\/v2\/posts"}],"about":[{"href":"https:\/\/euapp01.newsmemory.com\/lamarseillaise\/news\/wp-json\/wp\/v2\/types\/post"}],"author":[{"embeddable":true,"href":"https:\/\/euapp01.newsmemory.com\/lamarseillaise\/news\/wp-json\/wp\/v2\/users\/1"}],"replies":[{"embeddable":true,"href":"https:\/\/euapp01.newsmemory.com\/lamarseillaise\/news\/wp-json\/wp\/v2\/comments?post=40947"}],"version-history":[{"count":2,"href":"https:\/\/euapp01.newsmemory.com\/lamarseillaise\/news\/wp-json\/wp\/v2\/posts\/40947\/revisions"}],"predecessor-version":[{"id":40956,"href":"https:\/\/euapp01.newsmemory.com\/lamarseillaise\/news\/wp-json\/wp\/v2\/posts\/40947\/revisions\/40956"}],"wp:featuredmedia":[{"embeddable":true,"href":"https:\/\/euapp01.newsmemory.com\/lamarseillaise\/news\/wp-json\/wp\/v2\/media\/40948"}],"wp:attachment":[{"href":"https:\/\/euapp01.newsmemory.com\/lamarseillaise\/news\/wp-json\/wp\/v2\/media?parent=40947"}],"wp:term":[{"taxonomy":"category","embeddable":true,"href":"https:\/\/euapp01.newsmemory.com\/lamarseillaise\/news\/wp-json\/wp\/v2\/categories?post=40947"},{"taxonomy":"post_tag","embeddable":true,"href":"https:\/\/euapp01.newsmemory.com\/lamarseillaise\/news\/wp-json\/wp\/v2\/tags?post=40947"},{"taxonomy":"news-destination","embeddable":true,"href":"https:\/\/euapp01.newsmemory.com\/lamarseillaise\/news\/wp-json\/wp\/v2\/news-destination?post=40947"},{"taxonomy":"news-source","embeddable":true,"href":"https:\/\/euapp01.newsmemory.com\/lamarseillaise\/news\/wp-json\/wp\/v2\/news-source?post=40947"},{"taxonomy":"is_homepage","embeddable":true,"href":"https:\/\/euapp01.newsmemory.com\/lamarseillaise\/news\/wp-json\/wp\/v2\/is_homepage?post=40947"},{"taxonomy":"ta_other","embeddable":true,"href":"https:\/\/euapp01.newsmemory.com\/lamarseillaise\/news\/wp-json\/wp\/v2\/ta_other?post=40947"}],"curies":[{"name":"wp","href":"https:\/\/api.w.org\/{rel}","templated":true}]}}