{"id":40944,"date":"2026-08-31T14:45:00","date_gmt":"2026-08-31T12:45:00","guid":{"rendered":"https:\/\/euapp01.newsmemory.com\/lamarseillaise\/news\/?p=40944"},"modified":"2026-08-31T16:24:23","modified_gmt":"2026-08-31T14:24:23","slug":"la-poste-daniane-symbole-de-lerosion-du-service-public","status":"publish","type":"post","link":"https:\/\/euapp01.newsmemory.com\/lamarseillaise\/news\/2026\/08\/31\/la-poste-daniane-symbole-de-lerosion-du-service-public\/","title":{"rendered":"La Poste d\u2019Aniane, symbole de l\u2019\u00e9rosion du service public"},"content":{"rendered":"<div class=\"paragraph\">\n<p>Un service public a-t-il vocation \u00e0 gagner de l\u2019argent ou \u00e0 rendre service \u00e0 la population ? Depuis que le gouvernement de droite a tranch\u00e9 la question en 2010 en passant La Poste en soci\u00e9t\u00e9 anonyme pour la pr\u00e9parer \u00e0 l\u2019ouverture du march\u00e9 du courrier \u00e0 la concurrence europ\u00e9enne, La Poste, toujours d\u00e9tenue \u00e0 100% par le public*, ne cesse de se d\u00e9sengager des zones jug\u00e9es les moins rentables.<\/p>\n<p>La fermeture programm\u00e9e au 1<sup>er<\/sup>\u00a0septembre du bureau de poste d\u2019Aniane (H\u00e9rault) est une illustration de cette d\u00e9rive. Rien n\u2019y a fait. Ni les protestations d\u2019usagers que la direction jugeait trop peu nombreux pour maintenir ce bureau. Ni les pourparlers avec le maire Philippe Salasc qui, avec sa majorit\u00e9 municipale, a tent\u00e9 des ann\u00e9es durant de trouver un compromis. Par exemple un maintien de la poste avec des <i>\u00ab<\/i><i>\u00a0<\/i><i>amplitudes horaires r\u00e9duites<\/i><i>\u00a0<\/i><i>\u00bb<\/i>.<\/p>\n<\/p><\/div>\n<div class=\"intext\"> La Tabati\u00e8re en relais\n              <\/div>\n<div class=\"paragraph\">\n<p><i>\u00ab<\/i><i>\u00a0<\/i><i>C\u2019est une page qui se tourne<\/i><i>\u00a0<\/i><i>\u00bb<\/i>, soupire l\u2019\u00e9dile qui s\u2019est heurt\u00e9 \u00e0 un mur dans un <i>\u00ab<\/i><i>\u00a0<\/i><i>contexte g\u00e9n\u00e9ral de recul des services publics de proximit\u00e9 dans les territoires ruraux<\/i><i>\u00a0<\/i><i>\u00bb<\/i>, a-t-il pr\u00e9cis\u00e9 aux habitants.<\/p>\n<p>M\u00eame reproche du c\u00f4t\u00e9 de la jeune Association d\u00e9partementale du r\u00e9seau des \u00e9lus insoumis et citoyens de l\u2019H\u00e9rault (Adreic 34) qui a fait de cette poste son premier combat de terrain. <i>\u00ab<\/i><i>\u00a0<\/i><i>C\u2019est symptomatique. On commence par r\u00e9duire les horaires pour pr\u00e9tendre que \u00e7a ne fonctionne pas et pouvoir justifier ensuite de fermer<\/i><i>\u00a0<\/i><i>\u00bb<\/i>, r\u00e9sume Alexia Laforge (LFI). La pr\u00e9sidente de l\u2019Adreic 34 veut croire \u00e0 un sursaut \u00e0 la rentr\u00e9e. <i>\u00ab<\/i><i>\u00a0<\/i><i>Il suffit parfois d\u2019une grosse mobilisation populaire comme \u00e0 Saint-Bauzille-de-Putois o\u00f9 la poste avait \u00e9t\u00e9 sauv\u00e9e en 2022&#8230;<\/i><i>\u00a0<\/i><i>\u00bb<\/i><\/p>\n<p>Si rien ne devait bouger, la municipalit\u00e9 a r\u00e9ussi \u00e0 obtenir que le commerce La Tabati\u00e8re (boulevard F\u00e9lix-Giraud) prenne le relais. Il devrait assurer la r\u00e9ception et l\u2019envoi de colis, de lettres recommand\u00e9es et peut-\u00eatre bient\u00f4t un retrait d\u2019esp\u00e8ces. Si les horaires du commerce sont \u00e9largis (6h-20h30, 7 jours\/7) compar\u00e9s \u00e0 la poste, le service rendu n\u2019aura plus rien \u00e0 voir avec un bureau classique.<\/p>\n<\/p><\/div>\n<div class=\"paragraph\">\n<p><i>* 34% l\u2019\u00c9tat fran\u00e7ais et 66% <br \/>la Caisse des d\u00e9p\u00f4ts <br \/>et consignations.<\/i><\/p>\n<\/p><\/div>\n","protected":false},"excerpt":{"rendered":"Un service public a-t-il vocation &agrave; gagner de l&rsquo;argent ou &agrave; rendre service &agrave; la population ? Depuis que le gouvernement de droite a tranch&eacute; la question en 2010 en passant La Poste en soci&eacute;t&eacute; anonyme &#8230;","protected":false},"author":1,"featured_media":40945,"comment_status":"open","ping_status":"open","sticky":false,"template":"","format":"standard","meta":{"footnotes":""},"categories":[918,3926,3925,331],"tags":[6340,1724,2227,105,239,210,541,2538,751],"news-destination":[3944],"news-source":[475],"is_homepage":[],"ta_other":[],"class_list":["post-40944","post","type-post","status-publish","format-standard","has-post-thumbnail","hentry","category-accueil","category-accueil-merge","category-accueil-third","category-social","tag-aniane","tag-colis","tag-courrier","tag-fermeture","tag-herault","tag-la-poste","tag-lfi","tag-ruralite","tag-service-public","news-destination-homepage","news-source-website"],"_links":{"self":[{"href":"https:\/\/euapp01.newsmemory.com\/lamarseillaise\/news\/wp-json\/wp\/v2\/posts\/40944","targetHints":{"allow":["GET"]}}],"collection":[{"href":"https:\/\/euapp01.newsmemory.com\/lamarseillaise\/news\/wp-json\/wp\/v2\/posts"}],"about":[{"href":"https:\/\/euapp01.newsmemory.com\/lamarseillaise\/news\/wp-json\/wp\/v2\/types\/post"}],"author":[{"embeddable":true,"href":"https:\/\/euapp01.newsmemory.com\/lamarseillaise\/news\/wp-json\/wp\/v2\/users\/1"}],"replies":[{"embeddable":true,"href":"https:\/\/euapp01.newsmemory.com\/lamarseillaise\/news\/wp-json\/wp\/v2\/comments?post=40944"}],"version-history":[{"count":1,"href":"https:\/\/euapp01.newsmemory.com\/lamarseillaise\/news\/wp-json\/wp\/v2\/posts\/40944\/revisions"}],"predecessor-version":[{"id":40946,"href":"https:\/\/euapp01.newsmemory.com\/lamarseillaise\/news\/wp-json\/wp\/v2\/posts\/40944\/revisions\/40946"}],"wp:featuredmedia":[{"embeddable":true,"href":"https:\/\/euapp01.newsmemory.com\/lamarseillaise\/news\/wp-json\/wp\/v2\/media\/40945"}],"wp:attachment":[{"href":"https:\/\/euapp01.newsmemory.com\/lamarseillaise\/news\/wp-json\/wp\/v2\/media?parent=40944"}],"wp:term":[{"taxonomy":"category","embeddable":true,"href":"https:\/\/euapp01.newsmemory.com\/lamarseillaise\/news\/wp-json\/wp\/v2\/categories?post=40944"},{"taxonomy":"post_tag","embeddable":true,"href":"https:\/\/euapp01.newsmemory.com\/lamarseillaise\/news\/wp-json\/wp\/v2\/tags?post=40944"},{"taxonomy":"news-destination","embeddable":true,"href":"https:\/\/euapp01.newsmemory.com\/lamarseillaise\/news\/wp-json\/wp\/v2\/news-destination?post=40944"},{"taxonomy":"news-source","embeddable":true,"href":"https:\/\/euapp01.newsmemory.com\/lamarseillaise\/news\/wp-json\/wp\/v2\/news-source?post=40944"},{"taxonomy":"is_homepage","embeddable":true,"href":"https:\/\/euapp01.newsmemory.com\/lamarseillaise\/news\/wp-json\/wp\/v2\/is_homepage?post=40944"},{"taxonomy":"ta_other","embeddable":true,"href":"https:\/\/euapp01.newsmemory.com\/lamarseillaise\/news\/wp-json\/wp\/v2\/ta_other?post=40944"}],"curies":[{"name":"wp","href":"https:\/\/api.w.org\/{rel}","templated":true}]}}