{"id":40932,"date":"2026-08-31T11:43:00","date_gmt":"2026-08-31T09:43:00","guid":{"rendered":"https:\/\/euapp01.newsmemory.com\/lamarseillaise\/news\/?p=40932"},"modified":"2026-08-31T12:07:03","modified_gmt":"2026-08-31T10:07:03","slug":"lancien-maire-de-sisteron-daniel-spagnou-est-mort","status":"publish","type":"post","link":"https:\/\/euapp01.newsmemory.com\/lamarseillaise\/news\/2026\/08\/31\/lancien-maire-de-sisteron-daniel-spagnou-est-mort\/","title":{"rendered":"L\u2019ancien maire de Sisteron, Daniel Spagnou, est mort"},"content":{"rendered":"<div class=\"paragraph\">\n<p>En plus de son mandat de maire, Daniel Spagnou a \u00e9galement \u00e9t\u00e9 conseiller g\u00e9n\u00e9ral et r\u00e9gional, ainsi que d\u00e9put\u00e9 UMP de la deuxi\u00e8me circonscription des Alpes-de-Haute-Provence de 2002 \u00e0 2012.<\/p>\n<p>L\u2019ancien maire avait d\u00e9j\u00e0 \u00e9t\u00e9 hospitalis\u00e9 et son \u00e9tat de sant\u00e9 \u00e9tait pr\u00e9occupant pendant la campagne des municipales.<\/p>\n<p>\u201c<i>Ce matin, je perds un ami<\/i>\u201d, a r\u00e9agi sur X le pr\u00e9sident (Ren.) de la R\u00e9gion Renaud Muselier. \u201c<i>Grand maire de Sisteron pendant 43 ans, nous perdons un serviteur de la R\u00e9publique exceptionnel, qui a consacr\u00e9 sa vie aux Alpes-de-Haute-Provence.<\/i>\u201d<\/p>\n<p>Le nouveau maire de Sisteron, ancien premier adjoint de Daniel Spagnou, Jean-Pierre Templier, a \u00e9galement r\u00e9agi : \u201c<i>Il m\u2019est difficile, aujourd\u2019hui, de parler de Daniel simplement comme de \u00ab l\u2019ancien maire de Sisteron \u00bb. Pendant de tr\u00e8s nombreuses ann\u00e9es, il a fait partie de ma vie, de mon engagement et de mon histoire personnelle. J\u2019ai travaill\u00e9 \u00e0 ses c\u00f4t\u00e9s, nous avons partag\u00e9 tant de moments, tant de projets, tant de combats pour Sisteron. Nous avons connu les satisfactions des nombreuses r\u00e9alisations accomplies, mais aussi les difficult\u00e9s inh\u00e9rentes \u00e0 la gestion d\u2019une commune et parfois les moments plus difficiles<\/i>.\u201d<\/p>\n<p>\u201c<i>Les Alpes-de-Haute-Provence perdent aujourd\u2019hui l\u2019une de leurs grandes figures<\/i>\u201d, a d\u00e9clar\u00e9 de son c\u00f4t\u00e9 David Gehant, maire (DVD) de Forcalquier, sur son compte Facebook . \u201c<i>Pendant pr\u00e8s de 50 ans d\u2019engagement public, il aura tant apport\u00e9 \u00e0 notre d\u00e9partement des Alpes-de-Haute-Provence et \u00e0 sa ville de Sisteron, \u00e0 laquelle il aura consacr\u00e9 une grande partie de sa vie. Daniel \u00e9tait un \u00e9lu de terrain, proche des gens, profond\u00e9ment attach\u00e9 \u00e0 son territoire et \u00e0 ses habitants. Une certaine conception de l\u2019engagement public (&#8230;) dans laquelle je me reconnais pleinement<\/i>\u201d, a-t-il ajout\u00e9.<\/p>\n<p>\u00ab <i>Daniel \u00e9tait un homme de Droite. Nos parcours politiques respectifs nous ont permis de nous rapprocher et de nous estimer. Nous partagions beaucoup de valeurs, ainsi que de nombreux projets, comme la mise en valeur des Petites Cit\u00e9s de Caract\u00e8re de notre territoire. Il laisse un vide immense<\/i> \u00bb, a r\u00e9agi pour sa part Jean-Marie Bernard, Pr\u00e9sident du D\u00e9partement des Hautes-Alpes.<\/p>\n<p>\u201c<i>Quelles que soient nos sensibilit\u00e9s politiques, un tel engagement au service d\u2019un territoire force le respect<\/i>\u201d, a \u00e9crit la d\u00e9put\u00e9e (PS) des Hautes-Alpes Marie-Jos\u00e9 Allemand. \u201c<i>Quelques mois seulement apr\u00e8s avoir quitt\u00e9 ses fonctions, c\u2019est une grande figure des Alpes du Sud qui dispara\u00eet.<\/i>\u201d<\/p>\n<p>\u201c<i>Je salue sa m\u00e9moire en tant qu\u2019opposant politique depuis toujours. On peut ne pas \u00eatre d\u2019accord, mais il a tenu la ville et port\u00e9 la droite en recherche d\u2019un leader<\/i>\u201d, a r\u00e9agi aupr\u00e8s de <i>La Marseillaise<\/i> lundi Philippe Antoine de la CGT, l\u2019un de ses opposants historiques, membre de la liste DVG Demain Sisteron lors des municipales.<\/p>\n<\/p><\/div>\n","protected":false},"excerpt":{"rendered":"En plus de son mandat de maire, Daniel Spagnou a &eacute;galement &eacute;t&eacute; conseiller g&eacute;n&eacute;ral et r&eacute;gional, ainsi que d&eacute;put&eacute; UMP de la deuxi&egrave;me circonscription des Alpes-de-Haute-Provence de 2002 &#8230;","protected":false},"author":1,"featured_media":40933,"comment_status":"open","ping_status":"open","sticky":false,"template":"","format":"standard","meta":{"footnotes":""},"categories":[918,3926,3925,330],"tags":[4768,4467,925,3162,752,3663,191],"news-destination":[3944],"news-source":[475],"is_homepage":[],"ta_other":[],"class_list":["post-40932","post","type-post","status-publish","format-standard","has-post-thumbnail","hentry","category-accueil","category-accueil-merge","category-accueil-third","category-politique","tag-alpes","tag-alpes-de-haute-provence","tag-deces","tag-elu","tag-maire","tag-mort","tag-politique","news-destination-homepage","news-source-website"],"_links":{"self":[{"href":"https:\/\/euapp01.newsmemory.com\/lamarseillaise\/news\/wp-json\/wp\/v2\/posts\/40932","targetHints":{"allow":["GET"]}}],"collection":[{"href":"https:\/\/euapp01.newsmemory.com\/lamarseillaise\/news\/wp-json\/wp\/v2\/posts"}],"about":[{"href":"https:\/\/euapp01.newsmemory.com\/lamarseillaise\/news\/wp-json\/wp\/v2\/types\/post"}],"author":[{"embeddable":true,"href":"https:\/\/euapp01.newsmemory.com\/lamarseillaise\/news\/wp-json\/wp\/v2\/users\/1"}],"replies":[{"embeddable":true,"href":"https:\/\/euapp01.newsmemory.com\/lamarseillaise\/news\/wp-json\/wp\/v2\/comments?post=40932"}],"version-history":[{"count":2,"href":"https:\/\/euapp01.newsmemory.com\/lamarseillaise\/news\/wp-json\/wp\/v2\/posts\/40932\/revisions"}],"predecessor-version":[{"id":40935,"href":"https:\/\/euapp01.newsmemory.com\/lamarseillaise\/news\/wp-json\/wp\/v2\/posts\/40932\/revisions\/40935"}],"wp:featuredmedia":[{"embeddable":true,"href":"https:\/\/euapp01.newsmemory.com\/lamarseillaise\/news\/wp-json\/wp\/v2\/media\/40933"}],"wp:attachment":[{"href":"https:\/\/euapp01.newsmemory.com\/lamarseillaise\/news\/wp-json\/wp\/v2\/media?parent=40932"}],"wp:term":[{"taxonomy":"category","embeddable":true,"href":"https:\/\/euapp01.newsmemory.com\/lamarseillaise\/news\/wp-json\/wp\/v2\/categories?post=40932"},{"taxonomy":"post_tag","embeddable":true,"href":"https:\/\/euapp01.newsmemory.com\/lamarseillaise\/news\/wp-json\/wp\/v2\/tags?post=40932"},{"taxonomy":"news-destination","embeddable":true,"href":"https:\/\/euapp01.newsmemory.com\/lamarseillaise\/news\/wp-json\/wp\/v2\/news-destination?post=40932"},{"taxonomy":"news-source","embeddable":true,"href":"https:\/\/euapp01.newsmemory.com\/lamarseillaise\/news\/wp-json\/wp\/v2\/news-source?post=40932"},{"taxonomy":"is_homepage","embeddable":true,"href":"https:\/\/euapp01.newsmemory.com\/lamarseillaise\/news\/wp-json\/wp\/v2\/is_homepage?post=40932"},{"taxonomy":"ta_other","embeddable":true,"href":"https:\/\/euapp01.newsmemory.com\/lamarseillaise\/news\/wp-json\/wp\/v2\/ta_other?post=40932"}],"curies":[{"name":"wp","href":"https:\/\/api.w.org\/{rel}","templated":true}]}}