{"id":40929,"date":"2026-08-31T10:13:00","date_gmt":"2026-08-31T08:13:00","guid":{"rendered":"https:\/\/euapp01.newsmemory.com\/lamarseillaise\/news\/?p=40929"},"modified":"2026-08-31T12:04:04","modified_gmt":"2026-08-31T10:04:04","slug":"fermetures-nocturnes-des-tunnels-a-marseille-pour-travaux","status":"publish","type":"post","link":"https:\/\/euapp01.newsmemory.com\/lamarseillaise\/news\/2026\/08\/31\/fermetures-nocturnes-des-tunnels-a-marseille-pour-travaux\/","title":{"rendered":"Fermetures nocturnes des tunnels \u00e0 Marseille pour travaux"},"content":{"rendered":"<div class=\"paragraph\">\n<p>Ceux du Vieux-Port, de la Major et de Saint-Loup seront ferm\u00e9s du 31 ao\u00fbt au 3 septembre de 22h30 \u00e0 5h30. Et la nuit du 3 au 4 septembre, aux m\u00eames horaires, ce seront les axes routiers de Saint-Charles et Saint-Loup qui ne seront pas ouverts \u00e0 la circulation. Les travaux ont pour objectif de conserver les \u00e9quipements dans un \u00e9tat de fonctionnement optimal. Les tunnels restant g\u00e9n\u00e9ralement ouverts toutes les nuits du week-end dans le but de ne pas entraver le trafic routier le samedi et le dimanche.<\/p>\n<\/p><\/div>\n","protected":false},"excerpt":{"rendered":"Ceux du Vieux-Port, de la Major et de Saint-Loup seront ferm&eacute;s du 31 ao&ucirc;t au 3 septembre de 22h30 &agrave; 5h30. Et la nuit du 3 au 4 septembre, aux m&ecirc;mes horaires, ce seront les axes routiers de Saint-Charles et Saint-Loup qui ne &#8230;","protected":false},"author":1,"featured_media":40930,"comment_status":"open","ping_status":"open","sticky":false,"template":"","format":"standard","meta":{"footnotes":""},"categories":[918,3926,3925,20],"tags":[10,1420,16,535,3039,166,935],"news-destination":[3944],"news-source":[475],"is_homepage":[],"ta_other":[],"class_list":["post-40929","post","type-post","status-publish","format-standard","has-post-thumbnail","hentry","category-accueil","category-accueil-merge","category-accueil-third","category-societe","tag-bouches-du-rhone","tag-circulation","tag-marseille","tag-metropole","tag-trafic-routier","tag-travaux","tag-vieux-port","news-destination-homepage","news-source-website"],"_links":{"self":[{"href":"https:\/\/euapp01.newsmemory.com\/lamarseillaise\/news\/wp-json\/wp\/v2\/posts\/40929","targetHints":{"allow":["GET"]}}],"collection":[{"href":"https:\/\/euapp01.newsmemory.com\/lamarseillaise\/news\/wp-json\/wp\/v2\/posts"}],"about":[{"href":"https:\/\/euapp01.newsmemory.com\/lamarseillaise\/news\/wp-json\/wp\/v2\/types\/post"}],"author":[{"embeddable":true,"href":"https:\/\/euapp01.newsmemory.com\/lamarseillaise\/news\/wp-json\/wp\/v2\/users\/1"}],"replies":[{"embeddable":true,"href":"https:\/\/euapp01.newsmemory.com\/lamarseillaise\/news\/wp-json\/wp\/v2\/comments?post=40929"}],"version-history":[{"count":1,"href":"https:\/\/euapp01.newsmemory.com\/lamarseillaise\/news\/wp-json\/wp\/v2\/posts\/40929\/revisions"}],"predecessor-version":[{"id":40931,"href":"https:\/\/euapp01.newsmemory.com\/lamarseillaise\/news\/wp-json\/wp\/v2\/posts\/40929\/revisions\/40931"}],"wp:featuredmedia":[{"embeddable":true,"href":"https:\/\/euapp01.newsmemory.com\/lamarseillaise\/news\/wp-json\/wp\/v2\/media\/40930"}],"wp:attachment":[{"href":"https:\/\/euapp01.newsmemory.com\/lamarseillaise\/news\/wp-json\/wp\/v2\/media?parent=40929"}],"wp:term":[{"taxonomy":"category","embeddable":true,"href":"https:\/\/euapp01.newsmemory.com\/lamarseillaise\/news\/wp-json\/wp\/v2\/categories?post=40929"},{"taxonomy":"post_tag","embeddable":true,"href":"https:\/\/euapp01.newsmemory.com\/lamarseillaise\/news\/wp-json\/wp\/v2\/tags?post=40929"},{"taxonomy":"news-destination","embeddable":true,"href":"https:\/\/euapp01.newsmemory.com\/lamarseillaise\/news\/wp-json\/wp\/v2\/news-destination?post=40929"},{"taxonomy":"news-source","embeddable":true,"href":"https:\/\/euapp01.newsmemory.com\/lamarseillaise\/news\/wp-json\/wp\/v2\/news-source?post=40929"},{"taxonomy":"is_homepage","embeddable":true,"href":"https:\/\/euapp01.newsmemory.com\/lamarseillaise\/news\/wp-json\/wp\/v2\/is_homepage?post=40929"},{"taxonomy":"ta_other","embeddable":true,"href":"https:\/\/euapp01.newsmemory.com\/lamarseillaise\/news\/wp-json\/wp\/v2\/ta_other?post=40929"}],"curies":[{"name":"wp","href":"https:\/\/api.w.org\/{rel}","templated":true}]}}