{"id":40925,"date":"2026-08-31T10:03:00","date_gmt":"2026-08-31T08:03:00","guid":{"rendered":"https:\/\/euapp01.newsmemory.com\/lamarseillaise\/news\/?p=40925"},"modified":"2026-08-31T10:35:44","modified_gmt":"2026-08-31T08:35:44","slug":"en-espagne-la-ville-de-ceuta-en-situation-durgence-absolue","status":"publish","type":"post","link":"https:\/\/euapp01.newsmemory.com\/lamarseillaise\/news\/2026\/08\/31\/en-espagne-la-ville-de-ceuta-en-situation-durgence-absolue\/","title":{"rendered":"En Espagne, la ville de Ceuta en situation d\u2019urgence absolue"},"content":{"rendered":"<div class=\"paragraph\">\n<p>Entre le 30 et le 31\u00a0juillet, il y a juste un mois, 72\u00a0000\u00a0personnes passaient la fronti\u00e8re qui s\u00e9pare le Maroc et la ville autonome espagnole de Ceuta. Ils l\u2019ont fait \u00e0 pied ou en nageant, s\u2019aidant de bou\u00e9es et embarcations de fortune. Cette incursion massive, qui semble avoir \u00e9t\u00e9 largement favoris\u00e9e par les autorit\u00e9s marocaines, sur ce territoire espagnol situ\u00e9 en Afrique du Nord s\u2019est sold\u00e9e par 145\u00a0morts, selon les informations donn\u00e9es par le collectif Caminando Fronteras qui d\u00e9fend les droits des migrants. La majorit\u00e9 \u00e9tait de jeunes mineurs et des familles enti\u00e8res compl\u00e8tement d\u00e9munies. Dans les jours qui ont suivi, environ soixante mille sont retourn\u00e9s au Maroc. Un mois plus tard, des milliers sont toujours pr\u00e9sents et sans-abri, ne subsistant que gr\u00e2ce \u00e0 l\u2019aide humanitaire et la solidarit\u00e9 d\u2019une partie des habitants.<\/p>\n<\/p><\/div>\n<div class=\"intext\"> 5 000\u00a0migrants encore pr\u00e9sents\n              <\/div>\n<div class=\"paragraph\">\n<p>C\u2019est sur la plage de El Trampolin que se situe la plus grosse concentration de migrants. Les Ceutiens exasp\u00e9r\u00e9s par cette situation qui s\u2019\u00e9ternise, critiquent la lenteur du gouvernement. La situation d\u00e9passe Ceuta et a pris une dimension politique nationale avec des charges ind\u00e9centes et des discours x\u00e9nophobes et racistes \u00e0 l\u2019encontre des migrants de la part de la droite et l\u2019extr\u00eame droite.<\/p>\n<p>Il y a quelques jours, c\u2019est l\u2019ancien chef du gouvernement Jos\u00e9 Mar\u00eda Aznar, du Parti populaire, qui est venu \u00e0 Ceuta jeter de l\u2019huile sur le feu au moment o\u00f9 la tension entre habitants \u00e9tait de plus en plus forte. 9\u00a0000\u00a0policiers et militaires sont d\u00e9ploy\u00e9s pour le maintien de l\u2019ordre. Environ 5\u00a0000\u00a0migrants sont encore pr\u00e9sents. Jeudi, des heurts ont eu lieu pr\u00e8s de la plage de El Trampolin, la police a fait usage de gaz lacrymog\u00e8nes. Des heurts, mais aussi des actes \u00e0 caract\u00e8re fasciste, des membres de l\u2019extr\u00eame droite prenant une part active et allant jusqu\u2019\u00e0 br\u00fbler les abris de fortune et les effets des migrants rappelant les pogroms nazis de sinistre m\u00e9moire. Une haine attis\u00e9e par les dirigeants du Parti Populaire comme Alberti Feijoo. Des violences commises en marge d\u2019une manifestation anti gouvernementale. Quelques minutes plus t\u00f4t, ce m\u00eame groupe avait essay\u00e9 d\u2019emp\u00eacher les volontaires de la Croix Rouge de distribuer des vivres.<\/p>\n<p>Le ministre de l\u2019Int\u00e9rieur espagnol, Fernando Grande-Marlaska a d\u2019ailleurs appel\u00e9 \u00ab\u00a0<i>au calme et \u00e0 la cessation de toute forme de violence, car (&#8230;) la violence n&#8217;est pas la solution pour r\u00e9soudre un probl\u00e8me aussi complexe<\/i><i>\u00a0<\/i>\u00bb, a-t-il lanc\u00e9 vendredi.<\/p>\n<p>Jeudi, s\u2019est r\u00e9unie en pr\u00e9sence de Sira Rego, ministre communiste charg\u00e9e de la jeunesse et de l\u2019enfance, une conf\u00e9rence sectorielle de l\u2019enfance au cours de laquelle a \u00e9t\u00e9 valid\u00e9e une enveloppe de 25\u00a0millions d\u2019euros financ\u00e9e en commun par le gouvernement et les communaut\u00e9s autonomes \u00e0 l\u2019exception de celles dont l\u2019ex\u00e9cutif est compos\u00e9 de membres du parti d\u2019extr\u00eame droite VOX et qui ont refus\u00e9 de participer (Estr\u00e9madure, Castilla Leon, Aragon, Murcia). Une enveloppe sollicit\u00e9e par le minist\u00e8re de la Jeunesse d\u00e8s le 31\u00a0juillet, mais non valid\u00e9e \u00e0 l\u2019\u00e9poque, le gouvernement ne disposant pas d\u2019un d\u00e9compte du nombre de mineurs pr\u00e9sents \u00e0 Ceuta. On estime aujourd\u2019hui \u00e0 700 le nombre de jeunes filles mineures sur le territoire de Ceuta, 16\u00a0agressions sexuelles ont \u00e9t\u00e9 d\u00e9nombr\u00e9es.<\/p>\n<p>Par ailleurs, ce mardi, le conseil des ministres se r\u00e9unira pour approuver notamment un plan d\u2019urgence en d\u00e9bloquant 165\u00a0millions d\u2019euros, pour revitaliser l\u2019\u00e9conomie locale et renforcer et am\u00e9liorer les services publics, qui viendront s\u2019ajouter aux 180\u00a0millions qui seront d\u00e9bloqu\u00e9s \u00e0 moyen terme et promis par le vice-pr\u00e9sident du gouvernement Carlos Puerto lors de sa visite \u00e0 Ceuta.<\/p>\n<p>Le gouvernement met les bouch\u00e9es doubles, afin de r\u00e9gler en urgence les questions humanitaires, sociales, \u00e9conomiques et politiques. Ce conseil des ministres de demain sera largement consacr\u00e9 \u00e0 la situation de Ceuta, ville et communaut\u00e9 autonome de 80\u00a0000\u00a0habitants.<\/p>\n<\/p><\/div>\n<div class=\"paragraph\">\n<p>\u00ab\u00a0La violence n\u2019est pas une solution pour r\u00e9soudre un probl\u00e8me aussi complexe\u00a0\u00bb<\/p>\n<\/p><\/div>\n","protected":false},"excerpt":{"rendered":"Entre le 30 et le 31&nbsp;juillet, il y a juste un mois, 72&nbsp;000&nbsp;personnes passaient la fronti&egrave;re qui s&eacute;pare le Maroc et la ville autonome espagnole de Ceuta. Ils l&rsquo;ont fait &agrave; pied ou en nageant, s&rsquo;aidant de &#8230;","protected":false},"author":1,"featured_media":40926,"comment_status":"open","ping_status":"open","sticky":false,"template":"","format":"standard","meta":{"footnotes":""},"categories":[918,3926,3925,337],"tags":[1220,73],"news-destination":[3944],"news-source":[475],"is_homepage":[],"ta_other":[],"class_list":["post-40925","post","type-post","status-publish","format-standard","has-post-thumbnail","hentry","category-accueil","category-accueil-merge","category-accueil-third","category-international","tag-espagne","tag-international","news-destination-homepage","news-source-website"],"_links":{"self":[{"href":"https:\/\/euapp01.newsmemory.com\/lamarseillaise\/news\/wp-json\/wp\/v2\/posts\/40925","targetHints":{"allow":["GET"]}}],"collection":[{"href":"https:\/\/euapp01.newsmemory.com\/lamarseillaise\/news\/wp-json\/wp\/v2\/posts"}],"about":[{"href":"https:\/\/euapp01.newsmemory.com\/lamarseillaise\/news\/wp-json\/wp\/v2\/types\/post"}],"author":[{"embeddable":true,"href":"https:\/\/euapp01.newsmemory.com\/lamarseillaise\/news\/wp-json\/wp\/v2\/users\/1"}],"replies":[{"embeddable":true,"href":"https:\/\/euapp01.newsmemory.com\/lamarseillaise\/news\/wp-json\/wp\/v2\/comments?post=40925"}],"version-history":[{"count":1,"href":"https:\/\/euapp01.newsmemory.com\/lamarseillaise\/news\/wp-json\/wp\/v2\/posts\/40925\/revisions"}],"predecessor-version":[{"id":40927,"href":"https:\/\/euapp01.newsmemory.com\/lamarseillaise\/news\/wp-json\/wp\/v2\/posts\/40925\/revisions\/40927"}],"wp:featuredmedia":[{"embeddable":true,"href":"https:\/\/euapp01.newsmemory.com\/lamarseillaise\/news\/wp-json\/wp\/v2\/media\/40926"}],"wp:attachment":[{"href":"https:\/\/euapp01.newsmemory.com\/lamarseillaise\/news\/wp-json\/wp\/v2\/media?parent=40925"}],"wp:term":[{"taxonomy":"category","embeddable":true,"href":"https:\/\/euapp01.newsmemory.com\/lamarseillaise\/news\/wp-json\/wp\/v2\/categories?post=40925"},{"taxonomy":"post_tag","embeddable":true,"href":"https:\/\/euapp01.newsmemory.com\/lamarseillaise\/news\/wp-json\/wp\/v2\/tags?post=40925"},{"taxonomy":"news-destination","embeddable":true,"href":"https:\/\/euapp01.newsmemory.com\/lamarseillaise\/news\/wp-json\/wp\/v2\/news-destination?post=40925"},{"taxonomy":"news-source","embeddable":true,"href":"https:\/\/euapp01.newsmemory.com\/lamarseillaise\/news\/wp-json\/wp\/v2\/news-source?post=40925"},{"taxonomy":"is_homepage","embeddable":true,"href":"https:\/\/euapp01.newsmemory.com\/lamarseillaise\/news\/wp-json\/wp\/v2\/is_homepage?post=40925"},{"taxonomy":"ta_other","embeddable":true,"href":"https:\/\/euapp01.newsmemory.com\/lamarseillaise\/news\/wp-json\/wp\/v2\/ta_other?post=40925"}],"curies":[{"name":"wp","href":"https:\/\/api.w.org\/{rel}","templated":true}]}}