{"id":40916,"date":"2026-08-31T12:11:00","date_gmt":"2026-08-31T10:11:00","guid":{"rendered":"https:\/\/euapp01.newsmemory.com\/lamarseillaise\/news\/?p=40916"},"modified":"2026-08-31T12:29:26","modified_gmt":"2026-08-31T10:29:26","slug":"souscription-de-rentree-la-marseillaise-a-besoin-de-vous","status":"publish","type":"post","link":"https:\/\/euapp01.newsmemory.com\/lamarseillaise\/news\/2026\/08\/31\/souscription-de-rentree-la-marseillaise-a-besoin-de-vous\/","title":{"rendered":"[Souscription de rentr\u00e9e] \u00ab La Marseillaise \u00bb a besoin de vous"},"content":{"rendered":"<div class=\"paragraph\">\n<p>Six ans apr\u00e8s la reprise de notre journal que la crise Covid avait conduit \u00e0 la liquidation, \u00ab\u00a0La\u00a0Marseillaise\u00a0\u00bb s\u2019est surpass\u00e9e.<\/p>\n<p>Plus de contenus, plus de lecteurs, plus d\u2019\u00e9v\u00e9nements, 7\u00a0d\u00e9partements dans sa zone de diffusion, une appli mobile, un si\u00e8ge historique r\u00e9nov\u00e9&#8230;<\/p>\n<p>Vous \u00eates nombreuses et nombreux \u00e0 nous dire votre satisfaction et vos encouragements devant les progr\u00e8s accomplis.<\/p>\n<p>En cette rentr\u00e9e, \u00ab\u00a0La Marseillaise\u00a0\u00bb a plus que jamais besoin de vous pour atteindre ses objectifs et aborder de mani\u00e8re offensive 2027, ann\u00e9e essentielle pour l\u2019avenir de notre pays.<\/p>\n<p>D\u2019importantes tensions de tr\u00e9sorerie, notamment li\u00e9es \u00e0 nos activit\u00e9s \u00e9v\u00e9nementielles, n\u00e9cessitent un soutien imm\u00e9diat pour que nous puissions continuer \u00e0 aller de l\u2019avant<\/p>\n<p>\u00ab\u00a0La Marseillaise\u00a0\u00bb est \u00e0 vous, elle compte sur vous\u00a0!<\/p>\n<\/p><\/div>\n<div class=\"paragraph\">\n<p>Les dons \u00e0 La Marseillaise sont d\u00e9fiscalis\u00e9s \u00e0 hauteur de 66%, vous pouvez les r\u00e9aliser<a rel=\"nofollow noopener noreferrer\" href=\"https:\/\/presseetpluralisme.fr\/la-marseillaise\/\" target=\"_blank\"> en ligne<\/a> ou en adressant un ch\u00e8que libell\u00e9 \u00e0 l\u2019ordre de \u00ab Presse et pluralisme &#8211; La Marseillaise \u00bb \u00e0 La Marseillaise 15, cours d\u2019Estienne d\u2019Orves 13001 Marseille.<\/p>\n<\/p><\/div>\n<div class=\"paragraph\">\n<p>Pour faire un don en ligne, c\u2019est <a rel=\"nofollow noopener noreferrer\" href=\"https:\/\/presseetpluralisme.fr\/la-marseillaise\/\" target=\"_blank\">par ici <\/a><\/p>\n<\/p><\/div>\n","protected":false},"excerpt":{"rendered":"Six ans apr&egrave;s la reprise de notre journal que la crise Covid avait conduit &agrave; la liquidation, &laquo;&nbsp;La&nbsp;Marseillaise&nbsp;&raquo; s&rsquo;est surpass&eacute;e.Plus de contenus, plus de lecteurs, plus &#8230;","protected":false},"author":1,"featured_media":40917,"comment_status":"open","ping_status":"open","sticky":false,"template":"","format":"standard","meta":{"footnotes":""},"categories":[20],"tags":[],"news-destination":[],"news-source":[475],"is_homepage":[],"ta_other":[],"class_list":["post-40916","post","type-post","status-publish","format-standard","has-post-thumbnail","hentry","category-societe","news-source-website"],"_links":{"self":[{"href":"https:\/\/euapp01.newsmemory.com\/lamarseillaise\/news\/wp-json\/wp\/v2\/posts\/40916","targetHints":{"allow":["GET"]}}],"collection":[{"href":"https:\/\/euapp01.newsmemory.com\/lamarseillaise\/news\/wp-json\/wp\/v2\/posts"}],"about":[{"href":"https:\/\/euapp01.newsmemory.com\/lamarseillaise\/news\/wp-json\/wp\/v2\/types\/post"}],"author":[{"embeddable":true,"href":"https:\/\/euapp01.newsmemory.com\/lamarseillaise\/news\/wp-json\/wp\/v2\/users\/1"}],"replies":[{"embeddable":true,"href":"https:\/\/euapp01.newsmemory.com\/lamarseillaise\/news\/wp-json\/wp\/v2\/comments?post=40916"}],"version-history":[{"count":3,"href":"https:\/\/euapp01.newsmemory.com\/lamarseillaise\/news\/wp-json\/wp\/v2\/posts\/40916\/revisions"}],"predecessor-version":[{"id":40936,"href":"https:\/\/euapp01.newsmemory.com\/lamarseillaise\/news\/wp-json\/wp\/v2\/posts\/40916\/revisions\/40936"}],"wp:featuredmedia":[{"embeddable":true,"href":"https:\/\/euapp01.newsmemory.com\/lamarseillaise\/news\/wp-json\/wp\/v2\/media\/40917"}],"wp:attachment":[{"href":"https:\/\/euapp01.newsmemory.com\/lamarseillaise\/news\/wp-json\/wp\/v2\/media?parent=40916"}],"wp:term":[{"taxonomy":"category","embeddable":true,"href":"https:\/\/euapp01.newsmemory.com\/lamarseillaise\/news\/wp-json\/wp\/v2\/categories?post=40916"},{"taxonomy":"post_tag","embeddable":true,"href":"https:\/\/euapp01.newsmemory.com\/lamarseillaise\/news\/wp-json\/wp\/v2\/tags?post=40916"},{"taxonomy":"news-destination","embeddable":true,"href":"https:\/\/euapp01.newsmemory.com\/lamarseillaise\/news\/wp-json\/wp\/v2\/news-destination?post=40916"},{"taxonomy":"news-source","embeddable":true,"href":"https:\/\/euapp01.newsmemory.com\/lamarseillaise\/news\/wp-json\/wp\/v2\/news-source?post=40916"},{"taxonomy":"is_homepage","embeddable":true,"href":"https:\/\/euapp01.newsmemory.com\/lamarseillaise\/news\/wp-json\/wp\/v2\/is_homepage?post=40916"},{"taxonomy":"ta_other","embeddable":true,"href":"https:\/\/euapp01.newsmemory.com\/lamarseillaise\/news\/wp-json\/wp\/v2\/ta_other?post=40916"}],"curies":[{"name":"wp","href":"https:\/\/api.w.org\/{rel}","templated":true}]}}