{"id":40908,"date":"2026-08-31T08:37:00","date_gmt":"2026-08-31T06:37:00","guid":{"rendered":"https:\/\/euapp01.newsmemory.com\/lamarseillaise\/news\/?p=40908"},"modified":"2026-08-31T12:46:14","modified_gmt":"2026-08-31T10:46:14","slug":"vers-une-rentree-sociale-de-haute-volee","status":"publish","type":"post","link":"https:\/\/euapp01.newsmemory.com\/lamarseillaise\/news\/2026\/08\/31\/vers-une-rentree-sociale-de-haute-volee\/","title":{"rendered":"Vers une rentr\u00e9e sociale de haute vol\u00e9e"},"content":{"rendered":"<div class=\"paragraph\">\n<p>C\u2019est le mouvement f\u00e9ministe qui va d\u00e9buter les hostilit\u00e9s face au pouvoir en place avec le retour des rassemblements devant les tribunaux d\u00e8s le 7 septembre. S\u2019ensuivra une journ\u00e9e de gr\u00e8ve et de manifestation concernant plusieurs secteurs sensibles : les travailleurs de la sant\u00e9, des industries \u00e9lectriques et gazi\u00e8res, de l\u2019enseignement sup\u00e9rieur avec le soutien des \u00e9tudiants, le 15 septembre. Et le rythme<br \/>va monter crescendo jusqu\u2019\u00e0 la fin du mois avec<br \/>la date du 26\u00a0septembre dans le viseur. Avant une journ\u00e9e qui va faire office de point d\u2019orgue avec<br \/>un appel intersyndical dans la fonction publique<br \/>et une grande manifestation des sapeurs-pompiers \u00e0 Paris, le 29. Septembre s\u2019annonce chaud !<\/p>\n<\/p><\/div>\n<div class=\"intext\"> 7 septembre\n              <\/div>\n<div class=\"paragraph\">\n<p><b>Retour f\u00e9ministe devant les tribunaux<\/b><\/p>\n<p>L<i>a mobilisation pour avoir une loi-cadre contre les violences sexuelles et sexistes sur les femmes et les enfants a \u00e9t\u00e9 suspendue pour l\u2019\u00e9t\u00e9, le 7 juillet, on va donc reprendre d\u00e8s ce 7 septembre <\/i>\u00bb, explique Annick Karsenty, pr\u00e9sidente de Femmes solidaires Marseille.<\/p>\n<p>Un appel lanc\u00e9 par \u00ab <i>l\u2019ensemble des forces qui constituent la coalition<\/i> \u00bb. Coalition qui rassemble 150 organisations et associations f\u00e9ministes \u00e0 l\u2019origine de la mobilisation devant les tribunaux notamment lanc\u00e9e suite \u00e0 l\u2019affaire Lyhanna. \u00ab<i> On veut maintenir la pression et relancer la mobilisation au plus t\u00f4t ! C\u2019est \u00e0 partir de l\u00e0 que la loi peut \u00eatre discut\u00e9e au Parlement <\/i>\u00bb, d\u00e9veloppe la militante f\u00e9ministe. En clair, la coalition esp\u00e8re que la pression sur le terrain appuie ses revendications et permette ainsi qu\u2019elles soient reprises par le Parlement. \u00ab <i>On r\u00e9clame 3 milliards d\u2019euros par an, on propose 140 recommandations, la balle est dans le camp du gouvernement. Et vu les mobilisations qu\u2019il y a eues entre le f\u00e9minicide de Lyhanna et d\u00e9but juillet, le gouvernement a \u00e9t\u00e9 oblig\u00e9 de nous entendre <\/i>\u00bb, insiste Annick Karsenty. D\u2019o\u00f9 l\u2019int\u00e9r\u00eat de poursuivre la mise sous pression.<\/p>\n<\/p><\/div>\n<div class=\"paragraph\"> <\/div>\n<div class=\"intext\"> 15 septembre\n              <\/div>\n<div class=\"paragraph\">\n<p><b>Un mouvement \u00e9lectrique et une gr\u00e8ve massive dans le secteur de l\u2019\u00e9nergie<\/b><\/p>\n<p>O<i>n s\u2019attend \u00e0 des taux de gr\u00e9vistes jamais vus dans le secteur.<\/i> \u00bb Renaud Henry, secr\u00e9taire g\u00e9n\u00e9ral de la CGT \u00c9nergie Marseille, est plus que confiant sur l\u2019ampleur de la mobilisation \u00e0 venir chez les travailleurs du secteur de l\u2019\u00e9nergie.<\/p>\n<p>L\u2019intersyndicale (CGT, FO, CFE-CGC, CFDT&#8230;) des agents des industries \u00e9lectriques et gazi\u00e8res (IEG) appelle \u00e0 une journ\u00e9e de gr\u00e8ve ce 15 septembre et elle promet d\u2019\u00eatre suivie. \u00ab<i> On fait face \u00e0 une attaque g\u00e9n\u00e9ralis\u00e9e, avec en ligne de mire la fin du \u00abtarif agents\u00ab suite \u00e0 un rapport de la Cour des comptes<\/i> \u00bb, explique le syndicaliste marseillais.<\/p>\n<p>Concr\u00e8tement, le gouvernement veut rompre avec ce tarif pr\u00e9f\u00e9rentiel sur l\u2019\u00e9lectricit\u00e9 et le gaz pour les travailleurs du secteur et pr\u00e9voit tout un panel de mesures aust\u00e9ritaires pour les petites mains de l\u2019\u00e9nergie en France. \u00ab <i>On est dans la poursuite de la doctrine de ce gouvernement : appauvrir les travailleurs et enrichir le capital<\/i> \u00bb, r\u00e9sume Renaud Henry. Autant dire que cela ne passe pas. Et cela passe encore moins lorsqu\u2019on sait que cette m\u00eame profession \u00e9tait d\u00e9j\u00e0 mobilis\u00e9e pour des augmentations salariales, l\u2019an dernier \u00e0 la m\u00eame \u00e9poque.<\/p>\n<p>Leur mouvement avait lanc\u00e9 la riposte sociale de la CGT en 2025, les \u00e9lectriciens et gaziers sont donc bien partis pour redevenir la locomotive du monde du travail en 2026. \u00ab<i> C\u2019est insupportable pour les agents : l\u2019ann\u00e9e pass\u00e9e nous avons fait gr\u00e8ve car notre grille de salaires d\u00e9bute en dessous du Smic et aujourd\u2019hui on a la pr\u00e9sidente de la Cour des comptes, Am\u00e9lie de Montchalin, une ancienne ministre qui a particip\u00e9 aux 1 000 milliards de dettes qui vient donner des le\u00e7ons \u00e0 des travailleurs qui ont du mal \u00e0 finir le mois.<\/i> \u00bb<\/p>\n<p>De quoi surtout reposer dans le d\u00e9bat public la question du pouvoir d\u2019achat et des augmentations salariales qui ne suivent pas l\u2019inflation. \u00ab<i> Cela fait 15 ans qu\u2019on a des augmentations salariales entre 0,5% et 1,5%, voire 2% les grandes ann\u00e9es o\u00f9 l\u2019on faisait des gr\u00e8ves pour avoir un peu plus&#8230; Mais la Cour des comptes demande l\u2019arr\u00eat des augmentations pour le secteur <\/i>\u00bb, d\u00e9nonce Renaud Henry. Preuve que la col\u00e8re est r\u00e9elle, ce sont les quatre organisations repr\u00e9sentatives du secteur qui sont dans le coup. \u00ab <i>M\u00eame les cadres poussent \u00e0 la mobilisation<\/i> \u00bb, assure Renaud Henry. Avant de glisser : \u00ab <i>La question de la reconduction de la gr\u00e8ve se pose d\u00e9j\u00e0. <\/i>\u00bb Les agents comptent envoyer un message limpide au patronat et au gouvernement.<\/p>\n<\/p><\/div>\n<div class=\"intext\"> 15 septembre\n              <\/div>\n<div class=\"paragraph\">\n<p><b>\u00c9tudiants, enseignement sup\u00e9rieur et sant\u00e9 dans la bataille<\/b><\/p>\n<p>Si ce sont les agents de l\u2019\u00e9nergie qui montent au cr\u00e9neau en premier lieu ce 15 septembre, ils sont loin d\u2019\u00eatre les seuls travailleurs \u00e0 se mobiliser \u00e0 cette date. Plusieurs autres f\u00e9d\u00e9rations de la CGT appellent \u00e0 la gr\u00e8ve le m\u00eame jour, \u00e0 l\u2019instar de la F\u00e9d\u00e9ration nationale des industries chimiques (Fnic-CGT).<\/p>\n<p>Cette derni\u00e8re entend pousser pour des augmentations salariales \u00e0 la hauteur de l\u2019inflation et s\u2019opposer plus globalement au projet de budget aust\u00e9ritaire que pr\u00e9pare le gouvernement : \u00ab Sans riposte d\u2019envergure, nous serons condamn\u00e9s \u00e0 vivre ou \u00e0 revivre les heures les plus sombres de notre histoire sociale. \u00bb M\u00eame analyse pour la F\u00e9d\u00e9ration CGT de la sant\u00e9 et de l\u2019action sociale qui d\u00e9nonce les mesures \u00e0 venir avec un appel \u00e0 la gr\u00e8ve \u00e9galement, qui concerne toutes les structures du secteur de la sant\u00e9 et du m\u00e9dico-social : \u00ab De nouvelles d\u00e9gradations s\u2019annoncent pour les budgets de l\u2019\u00c9tat et de la S\u00e9curit\u00e9 sociale : restriction d\u2019acc\u00e8s aux soins, suppression de personnels, augmentation du reste \u00e0 charge pour les patients&#8230; \u00bb<\/p>\n<p>Ajoutons \u00e0 cela l\u2019intersyndicale de l\u2019enseignement sup\u00e9rieur (CGT, CFDT, Unsa, Solidaires&#8230;) qui pr\u00e9voit aussi une large mobilisation, l\u00e0 encore contre le budget \u00e0 venir. Les travailleurs de la recherche pourront aussi compter sur le soutien des \u00e9tudiants puisque plusieurs organisations de jeunesse appellent aussi \u00e0 la riposte. De quoi faire du 15 septembre un moment de convergence.<\/p>\n<\/p><\/div>\n<div class=\"intext\"> 26 septembre\n              <\/div>\n<div class=\"paragraph\">\n<p><b>Culture, climat et paix au programme<\/b><\/p>\n<p>La CGT Spectacle et plusieurs organisations progressistes du monde de la culture, appellent \u00e0 \u00ab<i>\u00a0<\/i><i>une semaine d\u2019actions \u00e0 partir du 21<\/i><i>\u00a0<\/i><i>septembre avec comme point fort le 26<\/i><i>\u00a0<\/i><i>septembre<\/i>\u00a0\u00bb avec le mot d\u2019ordre\u00a0: \u00ab\u00a0<i>Organisons une rentr\u00e9e sociale.<\/i><i>\u00a0<\/i>\u00bb<\/p>\n<p>Au programme\u00a0: toujours la d\u00e9fense des droits des intermittents notamment, avec en ligne de mire les n\u00e9gociations autour de l\u2019assurance ch\u00f4mage. Mais aussi l\u2019opposition aux baisses de dotations des collectivit\u00e9s locales qui impliquent une baisse des subventions pour les structures artistiques. Ce timing tombe \u00e0 pic puisque deux dates encadrent cette semaine d\u2019actions. Dont le 21\u00a0septembre qui marque la journ\u00e9e mondiale pour la paix. \u00ab<i>\u00a0<\/i><i>Il va y avoir une s\u00e9rie d\u2019initiatives dans plusieurs villes. On r\u00e9fl\u00e9chit \u00e0 un rassemblement \u00e0 Istres o\u00f9 se trouvent des armes nucl\u00e9aires<\/i>\u00a0\u00bb, explique Michel Dolot, pour le Mouvement de la paix des Bouches-du-Rh\u00f4ne. Son organisation a aussi dans le viseur son congr\u00e8s national \u00e0 Port-de-Bouc, en octobre.<\/p>\n<p>Et le 26\u00a0septembre s\u2019annonce aussi comme un temps fort avec l\u2019organisation de \u00ab<i>\u00a0<\/i><i>marches pour le climat, la paix et les solidarit\u00e9s<\/i><i>\u00a0<\/i>\u00bb dans plus de 50 villes en France.<\/p>\n<\/p><\/div>\n<div class=\"intext\"> 29 septembre\n              <\/div>\n<div class=\"paragraph\">\n<p><b>La fonction publique contre le budget<\/b><\/p>\n<p>La date du 29 septembre s\u2019annonce comme l\u2019autre temps fort de cette rentr\u00e9e sociale avec un appel \u00e0 la gr\u00e8ve de l\u2019intersyndicale de la fonction publique au complet (CGT, FSU, FO, Unsa, Solidaires, CFDT et syndicats autonomes). \u00ab<i> Les agents de la fonction publique que nous repr\u00e9sentons ont toutes les raisons de se mettre en gr\u00e8ve et de pouvoir exiger justement un autre budget puisque le lendemain le 30, S\u00e9bastien Lecornu fera ses annonces budg\u00e9taires <\/i>\u00bb, explique Virginie Akliouat, secr\u00e9taire de la FSU 13. Des manifestations vont avoir lieu dans plusieurs villes de la r\u00e9gion Sud avec toujours l\u2019objectif de faire plier le gouvernement. \u00ab <i>Cette mobilisation est l\u00e0 pour influer sur les arbitrages qui vont \u00eatre rendus et peser sur le d\u00e9bat qui va s\u2019ouvrir pour obtenir un nouveau budget <\/i>\u00bb, d\u00e9veloppe la syndicaliste.<\/p>\n<p>Outre la large unit\u00e9 syndicale sur le sujet, qui englobe d\u2019ailleurs les trois pans de la fonction publique, plusieurs organisations de la CGT entendent faire convergence avec les fonctionnaires, comme l\u2019Union syndicale des retrait\u00e9s CGT des Bouches-du-Rh\u00f4ne. Cette derni\u00e8re relaie la derni\u00e8re communication du Comit\u00e9 conf\u00e9d\u00e9ral national (CCN) de la CGT, l\u2019une des instances d\u00e9cisionnaires de la centrale syndicale : \u00ab <i>Rejoignons-les et faisons du 29 septembre une grande journ\u00e9e de gr\u00e8ves et de manifestations pour les services publics et l\u2019augmentation des salaires. <\/i>\u00bb<\/p>\n<p>Une mani\u00e8re d\u2019enfoncer le clou apr\u00e8s le 15 septembre et peut-\u00eatre de pr\u00e9parer de nouvelles dates de mobilisations interprofessionnelles en octobre ? En tout cas, tous les mouvements sociaux de septembre s\u2019accordent sur un fil rouge : l\u2019opposition au budget aust\u00e9ritaire en pr\u00e9paration.<\/p>\n<\/p><\/div>\n<div class=\"intext\"> 29 septembre\n              <\/div>\n<div class=\"paragraph\">\n<p><b>Les pompiers montent \u00e0 Paris<\/b><\/p>\n<p>Plus qu\u2019un symbole, l\u2019ensemble des syndicats de pompiers appelle \u00e0 une manifestation \u00e0 la capitale ce 29 septembre apr\u00e8s un \u00e9t\u00e9 plus que rude pour leur profession. \u00ab <i>Il va y avoir du monde \u00e0 Paris, des sapeurs-pompiers de toute la France et des personnels administratifs<\/i> \u00bb, assure Laurent Guilloteau, pour la CGT Sdis et pompier des Bouches-du-Rh\u00f4ne. Pour faire monter la pression en amont, l\u2019intersyndicale a justement d\u00e9pos\u00e9 un pr\u00e9avis de gr\u00e8ve d\u00e8s le 8 septembre jusqu\u2019au 20 octobre.<\/p>\n<\/p><\/div>\n<div class=\"intext\"> Et aussi\n              <\/div>\n<div class=\"paragraph\">\n<p>8 septembre. Gr\u00e8ve dans les librairies \u00e0 l\u2019appel de la CGT et SUD de la profession \u00e0 l\u2019occasion de n\u00e9gociations dans le secteur sur les salaires.<\/p>\n<p>10 septembre. Marylise L\u00e9on, la secr\u00e9taire g\u00e9n\u00e9rale de la CFDT va \u00eatre dans le Var, le 10 septembre. Une visite pour pr\u00e9parer les \u00e9lections professionnelles dans la fonction publique mais pas uniquement puisqu\u2019un passage \u00e0 l\u2019arsenal de Toulon est aussi au programme.<\/p>\n<p>7 au 11 septembre. La Conf\u00e9d\u00e9ration nationale des buralistes annonce des mobilisations du 7 au 11 septembre avec un rendez-vous \u00e0 Salon-de-Provence, le 9 septembre.<\/p>\n<p>15 septembre. Le secr\u00e9taire g\u00e9n\u00e9ral de Force ouvri\u00e8re, Fr\u00e9d\u00e9ric Souillot, sera \u00e0 Marseille, ce 15 septembre, pour un meeting de rentr\u00e9e de l\u2019Union d\u00e9partementale FO des Bouches-du-Rh\u00f4ne.<\/p>\n<p>20 septembre. Manifestations pr\u00e9vues dans plusieurs villes contre la loi dites du \u00ab permis de tuer \u00bb.<\/p>\n<p>28 septembre. De nombreuses associations f\u00e9ministes appellent \u00e0 la mobilisation dans le cadre de la journ\u00e9e mondiale pour le droit \u00e0 l\u2019avortement.<\/p>\n<\/p><\/div>\n","protected":false},"excerpt":{"rendered":"C&rsquo;est le mouvement f&eacute;ministe qui va d&eacute;buter les hostilit&eacute;s face au pouvoir en place avec le retour des rassemblements devant les tribunaux d&egrave;s le 7 septembre. S&rsquo;ensuivra une journ&eacute;e de gr&egrave;ve et &#8230;","protected":false},"author":1,"featured_media":40909,"comment_status":"open","ping_status":"open","sticky":false,"template":"","format":"standard","meta":{"footnotes":""},"categories":[918,3923,3926,331],"tags":[340,1703,10,2283,4612,3812,1531,1481,4951,560,196,134,344,677,1674,1483,877,484,1304],"news-destination":[3944],"news-source":[475],"is_homepage":[],"ta_other":[],"class_list":["post-40908","post","type-post","status-publish","format-standard","has-post-thumbnail","hentry","category-accueil","category-accueil-first","category-accueil-merge","category-social","tag-armes-nucleaires","tag-augmentation","tag-bouches-du-rhone","tag-cour-des-comptes","tag-enseignement-superieur","tag-femmes-solidaires","tag-fonction-publique","tag-force-ouvriere","tag-intermittents","tag-manifestation","tag-medico-social","tag-mobilisation","tag-mouvement-de-la-paix","tag-presidentielle","tag-sapeurs-pompiers","tag-secretaire-general","tag-securite-sociale","tag-services-publics","tag-violences-sexuelles","news-destination-homepage","news-source-website"],"_links":{"self":[{"href":"https:\/\/euapp01.newsmemory.com\/lamarseillaise\/news\/wp-json\/wp\/v2\/posts\/40908","targetHints":{"allow":["GET"]}}],"collection":[{"href":"https:\/\/euapp01.newsmemory.com\/lamarseillaise\/news\/wp-json\/wp\/v2\/posts"}],"about":[{"href":"https:\/\/euapp01.newsmemory.com\/lamarseillaise\/news\/wp-json\/wp\/v2\/types\/post"}],"author":[{"embeddable":true,"href":"https:\/\/euapp01.newsmemory.com\/lamarseillaise\/news\/wp-json\/wp\/v2\/users\/1"}],"replies":[{"embeddable":true,"href":"https:\/\/euapp01.newsmemory.com\/lamarseillaise\/news\/wp-json\/wp\/v2\/comments?post=40908"}],"version-history":[{"count":1,"href":"https:\/\/euapp01.newsmemory.com\/lamarseillaise\/news\/wp-json\/wp\/v2\/posts\/40908\/revisions"}],"predecessor-version":[{"id":40910,"href":"https:\/\/euapp01.newsmemory.com\/lamarseillaise\/news\/wp-json\/wp\/v2\/posts\/40908\/revisions\/40910"}],"wp:featuredmedia":[{"embeddable":true,"href":"https:\/\/euapp01.newsmemory.com\/lamarseillaise\/news\/wp-json\/wp\/v2\/media\/40909"}],"wp:attachment":[{"href":"https:\/\/euapp01.newsmemory.com\/lamarseillaise\/news\/wp-json\/wp\/v2\/media?parent=40908"}],"wp:term":[{"taxonomy":"category","embeddable":true,"href":"https:\/\/euapp01.newsmemory.com\/lamarseillaise\/news\/wp-json\/wp\/v2\/categories?post=40908"},{"taxonomy":"post_tag","embeddable":true,"href":"https:\/\/euapp01.newsmemory.com\/lamarseillaise\/news\/wp-json\/wp\/v2\/tags?post=40908"},{"taxonomy":"news-destination","embeddable":true,"href":"https:\/\/euapp01.newsmemory.com\/lamarseillaise\/news\/wp-json\/wp\/v2\/news-destination?post=40908"},{"taxonomy":"news-source","embeddable":true,"href":"https:\/\/euapp01.newsmemory.com\/lamarseillaise\/news\/wp-json\/wp\/v2\/news-source?post=40908"},{"taxonomy":"is_homepage","embeddable":true,"href":"https:\/\/euapp01.newsmemory.com\/lamarseillaise\/news\/wp-json\/wp\/v2\/is_homepage?post=40908"},{"taxonomy":"ta_other","embeddable":true,"href":"https:\/\/euapp01.newsmemory.com\/lamarseillaise\/news\/wp-json\/wp\/v2\/ta_other?post=40908"}],"curies":[{"name":"wp","href":"https:\/\/api.w.org\/{rel}","templated":true}]}}