{"id":40900,"date":"2026-08-31T14:40:00","date_gmt":"2026-08-31T12:40:00","guid":{"rendered":"https:\/\/euapp01.newsmemory.com\/lamarseillaise\/news\/?p=40900"},"modified":"2026-08-31T15:06:24","modified_gmt":"2026-08-31T13:06:24","slug":"quand-les-animaux-sauvages-paientle-prix-du-dereglement-climatique","status":"publish","type":"post","link":"https:\/\/euapp01.newsmemory.com\/lamarseillaise\/news\/2026\/08\/31\/quand-les-animaux-sauvages-paientle-prix-du-dereglement-climatique\/","title":{"rendered":"Quand les animaux sauvages paient le prix du d\u00e9r\u00e8glement climatique"},"content":{"rendered":"<div class=\"paragraph\">\n<p>Plus personnes ne peut ignorer les causes des canicules qui se multiplient et des s\u00e9cheresses qui s\u2019intensifient. Un d\u00e9r\u00e8glement climatique qui touche de plein fouet aussi nos for\u00eats avec des cons\u00e9quences sur la faune qu\u2019elles abritent. Pour m\u00e9moire depuis juillet, dans le seul d\u00e9partement du Var, les incendies ont ravag\u00e9 plus de 7\u00a0450\u00a0hectares. Mais malgr\u00e9 l\u2019intensit\u00e9 de ces derniers, \u00ab\u00a0<i>ce sont bien les canicules successives qui expliquent la majorit\u00e9 des signalements de d\u00e9tresse animale<\/i>\u00a0\u00bb, explique l\u2019association. La hausse des appels sur sa ligne SOS Faune Sauvage a en effet commenc\u00e9 d\u00e8s le mois de mai, donc bien avant que les flammes ravagent nos massifs.<\/p>\n<p>En tout cas, l\u2019effet cumul\u00e9 des chaleurs extr\u00eames et prolong\u00e9es et du pi\u00e8ge que peut constituer le feu pour ceux qui ne parviennent \u00e0 fuir \u00e0 temps a \u00e9t\u00e9 d\u00e9vastateur.<\/p>\n<p>Lorsqu\u2019un incendie approche, la plupart des mammif\u00e8res et des oiseaux adultes parviennent \u00e0 fuir, explique-t-elle. En revanche leurs petits, rest\u00e9s dans les terriers ou les nids, n\u2019ont pas cette chance\u00a0: trop jeunes pour se d\u00e9placer seuls, ils sont incapables d\u2019\u00e9chapper au sort qui les attend.<\/p>\n<\/p><\/div>\n<div class=\"intext\"> Perte de la biodiversit\u00e9\n              <\/div>\n<div class=\"paragraph\">\n<p>L\u00e9zards, serpents, tortues, insectes et petits mammif\u00e8res comme les h\u00e9rissons subissent le m\u00eame sort.<\/p>\n<p>\u00ab\u00a0<i>M\u00eame en intervenant rapidement sur site ou \u00e0 proximit\u00e9, lorsque nous y sommes autoris\u00e9s, les seuls survivants que nous trouvons sont g\u00e9n\u00e9ralement des mammif\u00e8res pris au pi\u00e8ge des cl\u00f4tures dans leur fuite<\/i><i>\u00a0<\/i>\u00bb, explique l\u2019association Totem. Comme ce chevreuil, rapatri\u00e9 et pris en charge par Instinct Animal, qui n\u2019a malheureusement pas surv\u00e9cu \u00e0 ses blessures malgr\u00e9 les soins.<\/p>\n<p>Et de rappeler \u00e9galement que les incendies ont \u00e9galement des cons\u00e9quences sur les oiseaux migrateurs dont notre d\u00e9partement constitue pour eux un important couloir de passage o\u00f9 ils se posent parfois pour se reposer et se nourrir. Ce qui va \u00eatre beaucoup plus difficile cette ann\u00e9e. De mani\u00e8re plus g\u00e9n\u00e9rale, la perte d\u2019habitat a un impact sur tous les animaux et il faut parfois des ann\u00e9es pour qu\u2019une esp\u00e8ce se r\u00e9tablisse sur un secteur sinistr\u00e9 par les flammes. Le manque d\u2019eau et de nourriture poussant les animaux \u00e0 s\u2019aventurer au-del\u00e0 de leur habitat habituel o\u00f9 ils se retrouvent davantage menac\u00e9s et victimes de collisions routi\u00e8res ou pr\u00e9dation par des animaux domestiques.<\/p>\n<p>Totem d\u00e9taille \u00e9galement les bons gestes \u00e0 adopter lorsqu\u2019on trouve un animal en d\u00e9tresse. Comme le placer dans un endroit calme \u00e0 temp\u00e9rature ambiante, ne lui donner ni nourriture ni eau et de contacter l\u2019association*.<\/p>\n<\/p><\/div>\n<div class=\"paragraph\">\n<p><i>*04.83.65.02.79.<\/i><\/p>\n<\/p><\/div>\n","protected":false},"excerpt":{"rendered":"Plus personnes ne peut ignorer les causes des canicules qui se multiplient et des s&eacute;cheresses qui s&rsquo;intensifient. Un d&eacute;r&egrave;glement climatique qui touche de plein fouet aussi nos for&ecirc;ts avec des cons&eacute;quences sur &#8230;","protected":false},"author":1,"featured_media":40901,"comment_status":"open","ping_status":"open","sticky":false,"template":"","format":"standard","meta":{"footnotes":""},"categories":[918,3926,3925,20],"tags":[],"news-destination":[3944],"news-source":[475],"is_homepage":[],"ta_other":[],"class_list":["post-40900","post","type-post","status-publish","format-standard","has-post-thumbnail","hentry","category-accueil","category-accueil-merge","category-accueil-third","category-societe","news-destination-homepage","news-source-website"],"_links":{"self":[{"href":"https:\/\/euapp01.newsmemory.com\/lamarseillaise\/news\/wp-json\/wp\/v2\/posts\/40900","targetHints":{"allow":["GET"]}}],"collection":[{"href":"https:\/\/euapp01.newsmemory.com\/lamarseillaise\/news\/wp-json\/wp\/v2\/posts"}],"about":[{"href":"https:\/\/euapp01.newsmemory.com\/lamarseillaise\/news\/wp-json\/wp\/v2\/types\/post"}],"author":[{"embeddable":true,"href":"https:\/\/euapp01.newsmemory.com\/lamarseillaise\/news\/wp-json\/wp\/v2\/users\/1"}],"replies":[{"embeddable":true,"href":"https:\/\/euapp01.newsmemory.com\/lamarseillaise\/news\/wp-json\/wp\/v2\/comments?post=40900"}],"version-history":[{"count":2,"href":"https:\/\/euapp01.newsmemory.com\/lamarseillaise\/news\/wp-json\/wp\/v2\/posts\/40900\/revisions"}],"predecessor-version":[{"id":40942,"href":"https:\/\/euapp01.newsmemory.com\/lamarseillaise\/news\/wp-json\/wp\/v2\/posts\/40900\/revisions\/40942"}],"wp:featuredmedia":[{"embeddable":true,"href":"https:\/\/euapp01.newsmemory.com\/lamarseillaise\/news\/wp-json\/wp\/v2\/media\/40901"}],"wp:attachment":[{"href":"https:\/\/euapp01.newsmemory.com\/lamarseillaise\/news\/wp-json\/wp\/v2\/media?parent=40900"}],"wp:term":[{"taxonomy":"category","embeddable":true,"href":"https:\/\/euapp01.newsmemory.com\/lamarseillaise\/news\/wp-json\/wp\/v2\/categories?post=40900"},{"taxonomy":"post_tag","embeddable":true,"href":"https:\/\/euapp01.newsmemory.com\/lamarseillaise\/news\/wp-json\/wp\/v2\/tags?post=40900"},{"taxonomy":"news-destination","embeddable":true,"href":"https:\/\/euapp01.newsmemory.com\/lamarseillaise\/news\/wp-json\/wp\/v2\/news-destination?post=40900"},{"taxonomy":"news-source","embeddable":true,"href":"https:\/\/euapp01.newsmemory.com\/lamarseillaise\/news\/wp-json\/wp\/v2\/news-source?post=40900"},{"taxonomy":"is_homepage","embeddable":true,"href":"https:\/\/euapp01.newsmemory.com\/lamarseillaise\/news\/wp-json\/wp\/v2\/is_homepage?post=40900"},{"taxonomy":"ta_other","embeddable":true,"href":"https:\/\/euapp01.newsmemory.com\/lamarseillaise\/news\/wp-json\/wp\/v2\/ta_other?post=40900"}],"curies":[{"name":"wp","href":"https:\/\/api.w.org\/{rel}","templated":true}]}}