{"id":40897,"date":"2026-08-31T07:48:00","date_gmt":"2026-08-31T05:48:00","guid":{"rendered":"https:\/\/euapp01.newsmemory.com\/lamarseillaise\/news\/?p=40897"},"modified":"2026-08-31T14:56:49","modified_gmt":"2026-08-31T12:56:49","slug":"rando-kayak-escalade-pour-un-festival-au-grand-air","status":"publish","type":"post","link":"https:\/\/euapp01.newsmemory.com\/lamarseillaise\/news\/2026\/08\/31\/rando-kayak-escalade-pour-un-festival-au-grand-air\/","title":{"rendered":"Rando, kayak, escalade&#8230; pour un festival au grand air"},"content":{"rendered":"<div class=\"paragraph\">\n<p>Randonn\u00e9e, VTT, trail&#8230; De nombreuses activit\u00e9s de pleine nature seront propos\u00e9es pendant le festival de l\u2019Outdoor et de la Rando, organis\u00e9 par Provence Alpes Agglom\u00e9ration du 17 au 20\u00a0septembre. Les sorties, au tarif unique de cinq euros, se d\u00e9ploieront sur 35 communes avec quatre villes de d\u00e9part. De nombreuses activit\u00e9s gratuites seront propos\u00e9es au Village de l\u2019Outdoor au plan d\u2019eau de Digne\u00a0: kayak, paddle, tyrolienne, mur d\u2019escalade, slackline&#8230; Un show VTT d\u2019ouverture, le jeudi soir au pump-track, et une grande soir\u00e9e-concert gratuite le samedi soir, l\u2019\u00e9v\u00e9nement mobilisera 200 b\u00e9n\u00e9voles et 60\u00a0partenaires.<\/p>\n<p>Avec ce festival, l\u2019agglom\u00e9ration invite le public \u00e0 d\u00e9couvrir la diversit\u00e9 des paysages bas-alpins, et met en avant l\u2019offre d\u2019activit\u00e9s en pleine nature qui y sont propos\u00e9es\u00a0: circuits VTT, parcours de trail, itin\u00e9raires p\u00e9destres&#8230; L\u2019objectif est aussi d\u2019encourager le tourisme intersaison et de d\u00e9mocratiser les activit\u00e9s de pleine nature en les rendant accessibles, avec \u00ab\u00a0<i>une programmation ouverte aux familles, aux scolaires, aux d\u00e9butants comme aux pratiquants confirm\u00e9s<\/i><i>\u00a0<\/i>\u00bb, explique Provence Alpes Agglom\u00e9ration.<\/p>\n<\/p><\/div>\n<div class=\"intext\"> Faire d\u00e9couvrir les sentiers du bassin dignois\n              <\/div>\n<div class=\"paragraph\">\n<p>L\u2019origine de ce festival remonte \u00e0 2004, avec la cr\u00e9ation de la F\u00eate de la Randonn\u00e9e par l\u2019ancienne communaut\u00e9 de communes des Trois Vall\u00e9es, qui regroupait auparavant Digne-les-Bains, Entrages, Marcoux, M\u00e9zel et La Robine-sur-Galabre. \u00ab\u00a0<i>L\u2019objectif \u00e9tait alors de proposer chaque ann\u00e9e, \u00e0 l\u2019automne, une journ\u00e9e de balades et de randonn\u00e9es encadr\u00e9es, pour faire d\u00e9couvrir les sentiers du bassin dignois<\/i>\u00a0\u00bb, relate Provence Alpes Agglom\u00e9ration, la communaut\u00e9 de communes qui rassemble d\u00e9sormais Digne, Ch\u00e2teau-Arnoux ou encore Peyruis, et qui organise le festival. \u00ab\u00a0<i>En 2017, avec sa reprise par Provence Alpes Agglom\u00e9ration, le rendez-vous s\u2019\u00e9largit aux 46<\/i><i>\u00a0<\/i><i>communes du territoire et \u00e0 un nombre croissant d\u2019activit\u00e9s de pleine nature<\/i>\u00a0\u00bb, se r\u00e9jouit l\u2019intercommunalit\u00e9.<\/p>\n<p>En 2025, le Festival avait rassembl\u00e9 plus de 7 000 participants sur quatre jours. La Journ\u00e9e des Minots, un temps fort enti\u00e8rement d\u00e9di\u00e9 aux scolaires, avait alors \u00e9t\u00e9 cr\u00e9\u00e9e. Cette ann\u00e9e, le Festiv des Minots prend une nouvelle dimension en s\u2019invitant \u00e9galement sur les bases nautiques de Volonne, de Sainte-Croix-du-Verdon et \u00e0 Seyne.<\/p>\n<\/p><\/div>\n","protected":false},"excerpt":{"rendered":"Randonn&eacute;e, VTT, trail&#8230; De nombreuses activit&eacute;s de pleine nature seront propos&eacute;es pendant le festival de l&rsquo;Outdoor et de la Rando, organis&eacute; par Provence Alpes Agglom&eacute;ration du 17 au 20&nbsp;septembre. Les &#8230;","protected":false},"author":1,"featured_media":40898,"comment_status":"open","ping_status":"open","sticky":false,"template":"","format":"standard","meta":{"footnotes":""},"categories":[918,3926,3925,20],"tags":[4768,4467,329,466,1393,51,394,807],"news-destination":[3944],"news-source":[475],"is_homepage":[],"ta_other":[],"class_list":["post-40897","post","type-post","status-publish","format-standard","has-post-thumbnail","hentry","category-accueil","category-accueil-merge","category-accueil-third","category-societe","tag-alpes","tag-alpes-de-haute-provence","tag-festival","tag-fete","tag-randonnee","tag-societe","tag-sport","tag-velo","news-destination-homepage","news-source-website"],"_links":{"self":[{"href":"https:\/\/euapp01.newsmemory.com\/lamarseillaise\/news\/wp-json\/wp\/v2\/posts\/40897","targetHints":{"allow":["GET"]}}],"collection":[{"href":"https:\/\/euapp01.newsmemory.com\/lamarseillaise\/news\/wp-json\/wp\/v2\/posts"}],"about":[{"href":"https:\/\/euapp01.newsmemory.com\/lamarseillaise\/news\/wp-json\/wp\/v2\/types\/post"}],"author":[{"embeddable":true,"href":"https:\/\/euapp01.newsmemory.com\/lamarseillaise\/news\/wp-json\/wp\/v2\/users\/1"}],"replies":[{"embeddable":true,"href":"https:\/\/euapp01.newsmemory.com\/lamarseillaise\/news\/wp-json\/wp\/v2\/comments?post=40897"}],"version-history":[{"count":1,"href":"https:\/\/euapp01.newsmemory.com\/lamarseillaise\/news\/wp-json\/wp\/v2\/posts\/40897\/revisions"}],"predecessor-version":[{"id":40899,"href":"https:\/\/euapp01.newsmemory.com\/lamarseillaise\/news\/wp-json\/wp\/v2\/posts\/40897\/revisions\/40899"}],"wp:featuredmedia":[{"embeddable":true,"href":"https:\/\/euapp01.newsmemory.com\/lamarseillaise\/news\/wp-json\/wp\/v2\/media\/40898"}],"wp:attachment":[{"href":"https:\/\/euapp01.newsmemory.com\/lamarseillaise\/news\/wp-json\/wp\/v2\/media?parent=40897"}],"wp:term":[{"taxonomy":"category","embeddable":true,"href":"https:\/\/euapp01.newsmemory.com\/lamarseillaise\/news\/wp-json\/wp\/v2\/categories?post=40897"},{"taxonomy":"post_tag","embeddable":true,"href":"https:\/\/euapp01.newsmemory.com\/lamarseillaise\/news\/wp-json\/wp\/v2\/tags?post=40897"},{"taxonomy":"news-destination","embeddable":true,"href":"https:\/\/euapp01.newsmemory.com\/lamarseillaise\/news\/wp-json\/wp\/v2\/news-destination?post=40897"},{"taxonomy":"news-source","embeddable":true,"href":"https:\/\/euapp01.newsmemory.com\/lamarseillaise\/news\/wp-json\/wp\/v2\/news-source?post=40897"},{"taxonomy":"is_homepage","embeddable":true,"href":"https:\/\/euapp01.newsmemory.com\/lamarseillaise\/news\/wp-json\/wp\/v2\/is_homepage?post=40897"},{"taxonomy":"ta_other","embeddable":true,"href":"https:\/\/euapp01.newsmemory.com\/lamarseillaise\/news\/wp-json\/wp\/v2\/ta_other?post=40897"}],"curies":[{"name":"wp","href":"https:\/\/api.w.org\/{rel}","templated":true}]}}