{"id":40894,"date":"2026-08-31T07:50:00","date_gmt":"2026-08-31T05:50:00","guid":{"rendered":"https:\/\/euapp01.newsmemory.com\/lamarseillaise\/news\/?p=40894"},"modified":"2026-08-31T14:56:49","modified_gmt":"2026-08-31T12:56:49","slug":"nouveau-chantier-de-securisation-sur-la-rd902","status":"publish","type":"post","link":"https:\/\/euapp01.newsmemory.com\/lamarseillaise\/news\/2026\/08\/31\/nouveau-chantier-de-securisation-sur-la-rd902\/","title":{"rendered":"Nouveau chantier de s\u00e9curisation sur la RD902"},"content":{"rendered":"<div class=\"paragraph\">\n<p>Les travaux dureront cette fois dix semaines, du 7\u00a0septembre au 13\u00a0novembre, sous r\u00e9serve des conditions m\u00e9t\u00e9orologiques. Ils auront pour but de s\u00e9curiser la route face aux effondrements r\u00e9guliers de blocs de roche venant des falaises rocheuses et se d\u00e9rouleront au niveau du secteur dit \u00ab\u00a0des Cr\u00e8ches\u00a0\u00bb. Lanc\u00e9s depuis l\u2019automne 2022, ce secteur fait l\u2019objet d\u2019un plan pluriannuel de travaux men\u00e9 par le D\u00e9partement des Hautes-Alpes.<\/p>\n<\/p><\/div>\n<div class=\"intext\"> Deux voitures renvers\u00e9es par un bloc de pierre\n              <\/div>\n<div class=\"paragraph\">\n<p>\u00ab\u00a0<i>C\u2019est un axe tr\u00e8s important pour le D\u00e9partement et pour ce territoire<\/i>, affirme Marcel Cannat, vice-pr\u00e9sident du D\u00e9partement charg\u00e9 des routes. <i>Un axe qui se situe en montagne et qui est d\u00e9licat \u00e0 travailler. Une \u00e9tude d\u2019itin\u00e9raire, men\u00e9e il y a quelques ann\u00e9es, a caract\u00e9ris\u00e9 le risque sur l\u2019ensemble de cette route et d\u00e9termin\u00e9 que le secteur des cr\u00e8ches \u00e9tait celui qui pr\u00e9sentait le plus haut niveau de risque et donc d\u2019urgence de traitement.<\/i><i>\u00a0<\/i><i>\u00bb<\/i><\/p>\n<p>Une n\u00e9cessit\u00e9 brutalement revenue dans l\u2019actualit\u00e9 \u00e0 la suite d\u2019un accident survenu le 21\u00a0ao\u00fbt. Deux blocs de pierre massifs se sont alors d\u00e9tach\u00e9s sur la RD902, percutant deux v\u00e9hicules, dont l\u2019un a m\u00eame \u00e9t\u00e9 projet\u00e9 dans la rivi\u00e8re, blessant gri\u00e8vement les deux occupants. Un accident qui <i>\u00ab<\/i><i>\u00a0<\/i><i>ne fait que confirmer la n\u00e9cessit\u00e9 d\u2019intervenir et le bien-fond\u00e9 de ces travaux, qui ont certes un impact sur notre organisation quotidienne, mais qui visent une s\u00e9curit\u00e9 accrue sur cet axe<\/i><i>\u00a0<\/i><i>\u00bb<\/i>, a rappel\u00e9 Marcel Cannat. La circulation sera altern\u00e9e sur le secteur concern\u00e9 pendant la dur\u00e9e des travaux, selon le D\u00e9partement, seules quelques microcoupures de la circulation sont \u00e0 envisager pour certaines op\u00e9rations sp\u00e9cifiques.<\/p>\n<\/p><\/div>\n","protected":false},"excerpt":{"rendered":"Les travaux dureront cette fois dix semaines, du 7&nbsp;septembre au 13&nbsp;novembre, sous r&eacute;serve des conditions m&eacute;t&eacute;orologiques. Ils auront pour but de s&eacute;curiser la route face aux effondrements r&eacute;guliers de &#8230;","protected":false},"author":1,"featured_media":40895,"comment_status":"open","ping_status":"open","sticky":false,"template":"","format":"standard","meta":{"footnotes":""},"categories":[918,3926,3925,20],"tags":[],"news-destination":[3944],"news-source":[475],"is_homepage":[],"ta_other":[],"class_list":["post-40894","post","type-post","status-publish","format-standard","has-post-thumbnail","hentry","category-accueil","category-accueil-merge","category-accueil-third","category-societe","news-destination-homepage","news-source-website"],"_links":{"self":[{"href":"https:\/\/euapp01.newsmemory.com\/lamarseillaise\/news\/wp-json\/wp\/v2\/posts\/40894","targetHints":{"allow":["GET"]}}],"collection":[{"href":"https:\/\/euapp01.newsmemory.com\/lamarseillaise\/news\/wp-json\/wp\/v2\/posts"}],"about":[{"href":"https:\/\/euapp01.newsmemory.com\/lamarseillaise\/news\/wp-json\/wp\/v2\/types\/post"}],"author":[{"embeddable":true,"href":"https:\/\/euapp01.newsmemory.com\/lamarseillaise\/news\/wp-json\/wp\/v2\/users\/1"}],"replies":[{"embeddable":true,"href":"https:\/\/euapp01.newsmemory.com\/lamarseillaise\/news\/wp-json\/wp\/v2\/comments?post=40894"}],"version-history":[{"count":1,"href":"https:\/\/euapp01.newsmemory.com\/lamarseillaise\/news\/wp-json\/wp\/v2\/posts\/40894\/revisions"}],"predecessor-version":[{"id":40896,"href":"https:\/\/euapp01.newsmemory.com\/lamarseillaise\/news\/wp-json\/wp\/v2\/posts\/40894\/revisions\/40896"}],"wp:featuredmedia":[{"embeddable":true,"href":"https:\/\/euapp01.newsmemory.com\/lamarseillaise\/news\/wp-json\/wp\/v2\/media\/40895"}],"wp:attachment":[{"href":"https:\/\/euapp01.newsmemory.com\/lamarseillaise\/news\/wp-json\/wp\/v2\/media?parent=40894"}],"wp:term":[{"taxonomy":"category","embeddable":true,"href":"https:\/\/euapp01.newsmemory.com\/lamarseillaise\/news\/wp-json\/wp\/v2\/categories?post=40894"},{"taxonomy":"post_tag","embeddable":true,"href":"https:\/\/euapp01.newsmemory.com\/lamarseillaise\/news\/wp-json\/wp\/v2\/tags?post=40894"},{"taxonomy":"news-destination","embeddable":true,"href":"https:\/\/euapp01.newsmemory.com\/lamarseillaise\/news\/wp-json\/wp\/v2\/news-destination?post=40894"},{"taxonomy":"news-source","embeddable":true,"href":"https:\/\/euapp01.newsmemory.com\/lamarseillaise\/news\/wp-json\/wp\/v2\/news-source?post=40894"},{"taxonomy":"is_homepage","embeddable":true,"href":"https:\/\/euapp01.newsmemory.com\/lamarseillaise\/news\/wp-json\/wp\/v2\/is_homepage?post=40894"},{"taxonomy":"ta_other","embeddable":true,"href":"https:\/\/euapp01.newsmemory.com\/lamarseillaise\/news\/wp-json\/wp\/v2\/ta_other?post=40894"}],"curies":[{"name":"wp","href":"https:\/\/api.w.org\/{rel}","templated":true}]}}