{"id":40891,"date":"2026-08-31T12:05:00","date_gmt":"2026-08-31T10:05:00","guid":{"rendered":"https:\/\/euapp01.newsmemory.com\/lamarseillaise\/news\/?p=40891"},"modified":"2026-08-31T15:06:24","modified_gmt":"2026-08-31T13:06:24","slug":"un-panorama-du-design-textileau-fil-de-80-creations","status":"publish","type":"post","link":"https:\/\/euapp01.newsmemory.com\/lamarseillaise\/news\/2026\/08\/31\/un-panorama-du-design-textileau-fil-de-80-creations\/","title":{"rendered":"[Expo] Un panorama du design textile au fil de 80 cr\u00e9ations \u00e0 Toulon"},"content":{"rendered":"<div class=\"paragraph\">\n<p>Au-del\u00e0 de la fonction d\u00e9corative, \u00ab\u00a0<i>le textile s\u2019impose aujourd\u2019hui comme une v\u00e9ritable mati\u00e8re de cr\u00e9ation dans le design<\/i>\u00a0\u00bb, indique en pr\u00e9ambule les protagonistes de cette exposition estivale. \u00c0 l\u2019H\u00f4tel des arts de Toulon, l\u2019exposition \u00ab\u00a0Suivez le fil\u00a0! Design &#038; textile\u00a0\u00bb, visible jusqu\u2019\u00e0 la fin octobre, pr\u00e9sente les \u0153uvres d\u2019une quarantaine de cr\u00e9ateurs dont une grande majorit\u00e9 de cr\u00e9atrices. L\u2019exposition met en lumi\u00e8re \u00ab\u00a0<i>les bouleversements esth\u00e9tiques et techniques qui ont marqu\u00e9 le domaine depuis 1920. Elle se poursuit jusqu\u2019aux innovations \u00e9cologiques et techniques actuelles<\/i>\u00a0\u00bb, situe l\u2019H\u00f4tel des arts.<\/p>\n<p>La manifestation est d\u2019ailleurs d\u2019envergure nationale car les \u0153uvres expos\u00e9es sont issues de diff\u00e9rentes collections r\u00e9put\u00e9es, dans le cadre d\u2019un partenariat entre grandes institutions telles que le centre Pompidou, les Manufactures nationales- S\u00e8vres &#038; Mobilier national, le Centre national des arts plastiques et le mus\u00e9e des Arts d\u00e9coratifs, et bien s\u00fbr la M\u00e9tropole Toulon Provence M\u00e9diterran\u00e9e.<\/p>\n<\/p><\/div>\n<div class=\"intext\"> Parcours de cr\u00e9ativit\u00e9\n              <\/div>\n<div class=\"paragraph\">\n<p>Le parcours d\u00e9bute avec les figures pionni\u00e8res du design textile, comme Sonia Delaunay et \u00c9lise Djo-Bourgeois, qui utilisent la mati\u00e8re au service du mobilier et de l\u2019architecture. Dans les ann\u00e9es 1960, l\u2019apparition des fibres synth\u00e9tiques ouvre de nouvelles possibilit\u00e9s. Celles-ci seront exploit\u00e9es par Pierre Paulin et Olivier Mourgue avec des tissus souples et extensibles, qu\u2019ils utiliseront pour produire des v\u00eatements techniques et esth\u00e9tiques.<\/p>\n<p>L\u2019exposition pr\u00e9sente \u00e9galement les innovations de Sheila Hicks, Simone Prouv\u00e9, Gaetano Pesce ou encore Marcel Wanders. Parmi leurs grandes \u0153uvres se trouve la \u00ab\u00a0Knotted Chair\u00a0\u00bb de Marcel Wanders, cr\u00e9\u00e9e en 1996, qui \u00ab\u00a0<i>utilise une technique de nouage pour en faire une v\u00e9ritable chaise fonctionnelle<\/i>\u00a0\u00bb, d\u00e9crit l\u2019institution. Plus loin, une salle se d\u00e9die \u00ab\u00a0<i>\u00e0 la maille m\u00e9tallique qui devient un mat\u00e9riau architectural et sculptural<\/i>\u00a0\u00bb avec les travaux de Dominique Perrault et Ga\u00eblle Lauriot-Pr\u00e9vost, Vincent Poujardieu ou Muller Van Severen.<\/p>\n<p>Le parcours se termine avec les innovations contemporaines. Hella Jongerius m\u00eale savoir-faire manuel et fabrication num\u00e9rique. Ronan et Erwan Bouroullec explorent les propri\u00e9t\u00e9s acoustiques du textile. \u00ab\u00a0<i>Les recherches actuelles s\u2019int\u00e9ressent aussi aux fibres naturelles, recycl\u00e9es ou r\u00e9g\u00e9n\u00e9r\u00e9es, dans un but de durabilit\u00e9 et d\u2019une utilisation plus responsable de la mati\u00e8re<\/i>\u00a0\u00bb, conclut l\u2019H\u00f4tel des arts. Selon une approche tr\u00e8s contemporaine de d\u00e9veloppement durable. Des ateliers pour toute la famille jalonnent cette exposition (lire ci-dessous).<\/p>\n<\/p><\/div>\n<div class=\"paragraph\">\n<p><i>La visite est \u00e0 prix libre, du mardi au dimanche de 11h \u00e0 18h,<\/i><\/p>\n<p><i>accessible PMR<\/i><\/p>\n<\/p><\/div>\n<div class=\"paragraph\">\n<p><b>Le canevas des ateliers<\/b><\/p>\n<p>Dans le cadre de l\u2019exposition \u00ab Suivez le fil ! \u00bb des ateliers sont propos\u00e9s aux familles. Ceux-ci rencontrent un franc succ\u00e8s, voici cependant quelques-uns encore disponibles :<\/p>\n<p>samedi 12 septembre, 10h \u00e0 12h : \u00ab Petit tisserand en herbe \u00bb pour les enfants de 3 \u00e0 4 ans.<\/p>\n<p>Mercredi 16 septembre, 9h30 \u00e0 10h30 : \u00ab Regarde, touche, \u00e9coute \u00bb pour les enfants de 2 \u00e0 3 ans.<\/p>\n<p>Samedi 19 septembre, 10h \u00e0 12h : \u00ab Tissus nomades \u00bb \u00e0 partir de 5 ans.<\/p>\n<p>Samedi 17 octobre, 10h \u00e0 12h : \u00ab Balade, couleurs et volume \u00bb \u00e0 partir de 8 ans.<\/p>\n<p>Samedi 24 octobre, 10h \u00e0 12h : \u00ab Le fil et la forme \u00bb \u00e0 partir de 5 ans.<\/p>\n<p>Les informations relatives aux inscriptions sont disponibles dans la rubrique \u00ab agenda \u00bb sur le site de l\u2019H\u00f4tel des arts de Toulon.<\/p>\n<\/p><\/div>\n","protected":false},"excerpt":{"rendered":"Au-del&agrave; de la fonction d&eacute;corative, &laquo;&nbsp;le textile s&rsquo;impose aujourd&rsquo;hui comme une v&eacute;ritable mati&egrave;re de cr&eacute;ation dans le design&nbsp;&raquo;, indique en pr&eacute;ambule les protagonistes de &#8230;","protected":false},"author":1,"featured_media":40943,"comment_status":"open","ping_status":"open","sticky":false,"template":"","format":"standard","meta":{"footnotes":""},"categories":[918,3926,3925,32],"tags":[],"news-destination":[3944],"news-source":[475],"is_homepage":[],"ta_other":[],"class_list":["post-40891","post","type-post","status-publish","format-standard","has-post-thumbnail","hentry","category-accueil","category-accueil-merge","category-accueil-third","category-culture","news-destination-homepage","news-source-website"],"_links":{"self":[{"href":"https:\/\/euapp01.newsmemory.com\/lamarseillaise\/news\/wp-json\/wp\/v2\/posts\/40891","targetHints":{"allow":["GET"]}}],"collection":[{"href":"https:\/\/euapp01.newsmemory.com\/lamarseillaise\/news\/wp-json\/wp\/v2\/posts"}],"about":[{"href":"https:\/\/euapp01.newsmemory.com\/lamarseillaise\/news\/wp-json\/wp\/v2\/types\/post"}],"author":[{"embeddable":true,"href":"https:\/\/euapp01.newsmemory.com\/lamarseillaise\/news\/wp-json\/wp\/v2\/users\/1"}],"replies":[{"embeddable":true,"href":"https:\/\/euapp01.newsmemory.com\/lamarseillaise\/news\/wp-json\/wp\/v2\/comments?post=40891"}],"version-history":[{"count":3,"href":"https:\/\/euapp01.newsmemory.com\/lamarseillaise\/news\/wp-json\/wp\/v2\/posts\/40891\/revisions"}],"predecessor-version":[{"id":40941,"href":"https:\/\/euapp01.newsmemory.com\/lamarseillaise\/news\/wp-json\/wp\/v2\/posts\/40891\/revisions\/40941"}],"wp:featuredmedia":[{"embeddable":true,"href":"https:\/\/euapp01.newsmemory.com\/lamarseillaise\/news\/wp-json\/wp\/v2\/media\/40943"}],"wp:attachment":[{"href":"https:\/\/euapp01.newsmemory.com\/lamarseillaise\/news\/wp-json\/wp\/v2\/media?parent=40891"}],"wp:term":[{"taxonomy":"category","embeddable":true,"href":"https:\/\/euapp01.newsmemory.com\/lamarseillaise\/news\/wp-json\/wp\/v2\/categories?post=40891"},{"taxonomy":"post_tag","embeddable":true,"href":"https:\/\/euapp01.newsmemory.com\/lamarseillaise\/news\/wp-json\/wp\/v2\/tags?post=40891"},{"taxonomy":"news-destination","embeddable":true,"href":"https:\/\/euapp01.newsmemory.com\/lamarseillaise\/news\/wp-json\/wp\/v2\/news-destination?post=40891"},{"taxonomy":"news-source","embeddable":true,"href":"https:\/\/euapp01.newsmemory.com\/lamarseillaise\/news\/wp-json\/wp\/v2\/news-source?post=40891"},{"taxonomy":"is_homepage","embeddable":true,"href":"https:\/\/euapp01.newsmemory.com\/lamarseillaise\/news\/wp-json\/wp\/v2\/is_homepage?post=40891"},{"taxonomy":"ta_other","embeddable":true,"href":"https:\/\/euapp01.newsmemory.com\/lamarseillaise\/news\/wp-json\/wp\/v2\/ta_other?post=40891"}],"curies":[{"name":"wp","href":"https:\/\/api.w.org\/{rel}","templated":true}]}}