{"id":40888,"date":"2026-08-31T07:53:00","date_gmt":"2026-08-31T05:53:00","guid":{"rendered":"https:\/\/euapp01.newsmemory.com\/lamarseillaise\/news\/?p=40888"},"modified":"2026-08-31T14:56:49","modified_gmt":"2026-08-31T12:56:49","slug":"le-provencal-lequipe-de-france-conserve-son-titre","status":"publish","type":"post","link":"https:\/\/euapp01.newsmemory.com\/lamarseillaise\/news\/2026\/08\/31\/le-provencal-lequipe-de-france-conserve-son-titre\/","title":{"rendered":"Le Proven\u00e7al : l\u2019\u00e9quipe de France conserve son titre"},"content":{"rendered":"<div class=\"paragraph\">\n<p>C\u2019est une victoire significative de trois grands champions et un clin d\u2019\u0153il au regrett\u00e9 Patrick Pedragosa qui avait triomph\u00e9 en 2024 mais qui nous a subitement quitt\u00e9s il y a quelques semaines. Thierry Terreno l\u2019a remplac\u00e9 avec le talent et l\u2019exp\u00e9rience qu\u2019on lui conna\u00eet. Cette triplette partait un peu dans l\u2019inconnu jeudi avec deux joueurs en manque de comp\u00e9tition\u00a0: Benmostefa et Rouvin. Mais le talent a parl\u00e9 et les deux hommes ont \u00e9lev\u00e9 leur niveau de jeu au fil des tours.<\/p>\n<p>Sans d\u00e9nigrer les autres joueurs, l\u2019apog\u00e9e de cette \u00e9dition est arriv\u00e9e en huiti\u00e8mes de finale face au trio Christophe Martello, Julien Martinez et Anthony Kerfah. Un duel presque fratricide, accroch\u00e9, intense, au cours duquel les tenants ont d\u00fb puiser dans leurs ressources pour d\u00e9crocher leur qualification (13 \u00e0 12), avec une m\u00e8ne d\u2019anthologie, quatre frappes pour ne pas succomber.<\/p>\n<p>Mais une fois ce gros obstacle franchi, Rouvin, Benmostefa et Terreno ont progressivement pris le contr\u00f4le de la comp\u00e9tition. On pensait le finaliste 2024 Philippe Stievenart associ\u00e9 \u00e0 Claude Salle et Alain Vald\u00e9s capable de les contrarier en demi-finale mais leur prestation a \u00e9t\u00e9 en de\u00e7\u00e0 de leur talent.<\/p>\n<\/p><\/div>\n<div class=\"intext\"> \u00ab\u00a0Un hymne \u00e0 la vie\u00a0\u00bb\n              <\/div>\n<div class=\"paragraph\">\n<p>\u00c0 noter \u00e9galement, une nouvelle d\u00e9faite dans l\u2019autre demi-finale pour Herv\u00e9 Fontani, , \u00e9limin\u00e9 en demi-finale comme lors de la derni\u00e8re \u00e9dition avec ses deux jeunes partenaires Enzo Paolucci et Juan Lopez, le champion de France doublette qui d\u00e9fendra son titre la semaine prochaine \u00e0 Brian\u00e7on. Le grand varois aurait voulu inscrire une nouvelle fois son nom au palmar\u00e8s pour honorer la m\u00e9moire de son neveu disparu il y a quelques mois.<\/p>\n<p>Leurs bourreaux sont l\u2019\u00e9quipe surprise de ce 108<sup>e<\/sup>\u00a0Proven\u00e7al. Une \u00e9quipe solide, solidaire avec comme chef de file Jean Pierre Rambla, le miracul\u00e9. D\u00e9j\u00e0 demi-finaliste en 2013, battu par Kerfah, il est revenu cr\u00e9er un exploit authentique. Faire une finale du Proven\u00e7al apr\u00e8s un AVC subi il y a un mois \u00e0 peine. C\u2019est un miracle, un hymne \u00e0 la vie.<\/p>\n<p>Il a livr\u00e9 une prestation haut de gamme au tir, bien aid\u00e9 par un Fr\u00e9d\u00e9ric Poutet que l\u2019on d\u00e9couvre mais tr\u00e8s solide et Pasquin Cristofari plus connu dans le milieu.<\/p>\n<p>Cette triplette a tout bouscul\u00e9 sur son passage pour venir \u00e9chouer face aux ma\u00eetres de la discipline. Leur d\u00e9part prometteur dans cette finale (4 \u00e0 3) laissait pr\u00e9sager un combat \u00e9quilibr\u00e9. Mais le plus difficile face au Team France est de tenir la distance. Un terrible coup d\u2019acc\u00e9l\u00e9rateur permettait \u00e0 Rouvin et les siens d\u2019engranger cinq points alors que le score \u00e9tait de 5 \u00e0 4 en leur faveur.10 \u00e0 4. Le handicap \u00e9tait trop lourd. Deux m\u00e8nes apr\u00e8s, la cause a \u00e9t\u00e9 entendue.<\/p>\n<p>Au terme d\u2019un parcours assez lin\u00e9aire, les tricolores restent les ma\u00eetres de l\u2019\u00e9preuve.<\/p>\n<\/p><\/div>\n","protected":false},"excerpt":{"rendered":"C&rsquo;est une victoire significative de trois grands champions et un clin d&rsquo;&oelig;il au regrett&eacute; Patrick Pedragosa qui avait triomph&eacute; en 2024 mais qui nous a subitement quitt&eacute;s il y a quelques semaines. Thierry Terreno &#8230;","protected":false},"author":1,"featured_media":40889,"comment_status":"open","ping_status":"open","sticky":false,"template":"","format":"standard","meta":{"footnotes":""},"categories":[918,3926,3925,7],"tags":[],"news-destination":[3944],"news-source":[475],"is_homepage":[],"ta_other":[],"class_list":["post-40888","post","type-post","status-publish","format-standard","has-post-thumbnail","hentry","category-accueil","category-accueil-merge","category-accueil-third","category-sports","news-destination-homepage","news-source-website"],"_links":{"self":[{"href":"https:\/\/euapp01.newsmemory.com\/lamarseillaise\/news\/wp-json\/wp\/v2\/posts\/40888","targetHints":{"allow":["GET"]}}],"collection":[{"href":"https:\/\/euapp01.newsmemory.com\/lamarseillaise\/news\/wp-json\/wp\/v2\/posts"}],"about":[{"href":"https:\/\/euapp01.newsmemory.com\/lamarseillaise\/news\/wp-json\/wp\/v2\/types\/post"}],"author":[{"embeddable":true,"href":"https:\/\/euapp01.newsmemory.com\/lamarseillaise\/news\/wp-json\/wp\/v2\/users\/1"}],"replies":[{"embeddable":true,"href":"https:\/\/euapp01.newsmemory.com\/lamarseillaise\/news\/wp-json\/wp\/v2\/comments?post=40888"}],"version-history":[{"count":1,"href":"https:\/\/euapp01.newsmemory.com\/lamarseillaise\/news\/wp-json\/wp\/v2\/posts\/40888\/revisions"}],"predecessor-version":[{"id":40890,"href":"https:\/\/euapp01.newsmemory.com\/lamarseillaise\/news\/wp-json\/wp\/v2\/posts\/40888\/revisions\/40890"}],"wp:featuredmedia":[{"embeddable":true,"href":"https:\/\/euapp01.newsmemory.com\/lamarseillaise\/news\/wp-json\/wp\/v2\/media\/40889"}],"wp:attachment":[{"href":"https:\/\/euapp01.newsmemory.com\/lamarseillaise\/news\/wp-json\/wp\/v2\/media?parent=40888"}],"wp:term":[{"taxonomy":"category","embeddable":true,"href":"https:\/\/euapp01.newsmemory.com\/lamarseillaise\/news\/wp-json\/wp\/v2\/categories?post=40888"},{"taxonomy":"post_tag","embeddable":true,"href":"https:\/\/euapp01.newsmemory.com\/lamarseillaise\/news\/wp-json\/wp\/v2\/tags?post=40888"},{"taxonomy":"news-destination","embeddable":true,"href":"https:\/\/euapp01.newsmemory.com\/lamarseillaise\/news\/wp-json\/wp\/v2\/news-destination?post=40888"},{"taxonomy":"news-source","embeddable":true,"href":"https:\/\/euapp01.newsmemory.com\/lamarseillaise\/news\/wp-json\/wp\/v2\/news-source?post=40888"},{"taxonomy":"is_homepage","embeddable":true,"href":"https:\/\/euapp01.newsmemory.com\/lamarseillaise\/news\/wp-json\/wp\/v2\/is_homepage?post=40888"},{"taxonomy":"ta_other","embeddable":true,"href":"https:\/\/euapp01.newsmemory.com\/lamarseillaise\/news\/wp-json\/wp\/v2\/ta_other?post=40888"}],"curies":[{"name":"wp","href":"https:\/\/api.w.org\/{rel}","templated":true}]}}