{"id":40882,"date":"2026-08-31T07:53:02","date_gmt":"2026-08-31T05:53:02","guid":{"rendered":"https:\/\/euapp01.newsmemory.com\/lamarseillaise\/news\/?p=40882"},"modified":"2026-08-31T14:56:49","modified_gmt":"2026-08-31T12:56:49","slug":"un-tandem-100-marseillais-se-prepare-pour-le-mondial","status":"publish","type":"post","link":"https:\/\/euapp01.newsmemory.com\/lamarseillaise\/news\/2026\/08\/31\/un-tandem-100-marseillais-se-prepare-pour-le-mondial\/","title":{"rendered":"Un tandem 100% marseillais se pr\u00e9pare pour le Mondial"},"content":{"rendered":"<div class=\"paragraph\">\n<p>Pour le duo, la date du 23\u00a0septembre est soulign\u00e9e sur leur calendrier.<\/p>\n<p>Trois jours apr\u00e8s le Clasico OM-PSG, Christopher Pratt et sa jeune co-skipper Ma\u00eflys Radulic-Ferrat seront au d\u00e9part du Mondial de course au large. Une \u00e9preuve qui se disputera jusqu\u2019au 3\u00a0octobre, et dont Marseille, leur port d\u2019attache, sera le point de d\u00e9part et d\u2019arriv\u00e9e.<\/p>\n<p>Il s\u2019agit l\u00e0 d\u2019une grande premi\u00e8re pour la course au large dans le bassin m\u00e9diterran\u00e9en, \u00e0 l\u2019occasion de laquelle le duo esp\u00e8re porter haut les couleurs de la cit\u00e9 phoc\u00e9enne \u00e0 bord de <i>Sunfast 30 OD<\/i>. Ils seront vingt \u00e9quipages \u00e0 briguer la victoire.<\/p>\n<\/p><\/div>\n<div class=\"intext\"> Un timing id\u00e9al\n              <\/div>\n<div class=\"paragraph\">\n<p>C\u2019est au d\u00e9but du printemps, lors de la Massilia Inshore Cup 2026, que le duo Christopher Pratt, 45\u00a0ans, et Ma\u00eflys Radulic-Ferrat, 22\u00a0ans, s\u2019est form\u00e9. \u00ab\u00a0<i>Ayant d\u00e9j\u00e0 en t\u00eate que le championnat du Monde de course au large se d\u00e9roulerait \u00e0 Marseille, je me suis mis \u00e0 chercher une jeune \u00e9quipi\u00e8re \u00e0 qui je p<\/i><i>ourrai transmettre le virus de la course au large. C\u2019est l\u00e0 que l\u2019on m\u2019a parl\u00e9 de Ma\u00eflys en me disant qu\u2019elle \u00e9tait super dou\u00e9e. Je l\u2019ai appel\u00e9e directement. Ce qui est marrant, c\u2019est que lorsque je faisais du 470, je naviguais aux c\u00f4t\u00e9s de sa m\u00e8re<\/i>\u00a0<i>!<\/i><i>\u00a0<\/i>\u00bb, se souvient Christopher Pratt.<\/p>\n<p>De son c\u00f4t\u00e9, l\u2019\u00e9tudiante en Staps \u00e0 Brest, qui a plut\u00f4t l\u2019habitude du 49er FX et de l\u2019olympisme, est surprise du coup de fil. Elle explique\u00a0: \u00ab\u00a0<i>Ce n\u2019\u00e9tait pas du tout pr\u00e9vu, j\u2019\u00e9tais en cours, et j\u2019ai directement saut\u00e9 sur l\u2019occasion. Je n\u2019avais jamais fait de gros bateaux, mon projet olympique \u00e9tait un peu en stand-by et la course au large \u00e9tait quand m\u00eame dans un coin de ma t\u00eate. Le timing \u00e9tait id\u00e9al.<\/i><i>\u00a0<\/i><i>\u00bb<\/i><\/p>\n<p>La Massilia Inshore Cup se d\u00e9roule comme dans un r\u00eave\u00a0: 4\u00a0manches, 4\u00a0victoires et le duo d\u00e9cide d\u2019envoyer un dossier \u00e0 la F\u00e9d\u00e9ration fran\u00e7aise de voile pour repr\u00e9senter la France lors des championnats du Monde. Une r\u00e9ponse favorable tombe d\u00e9but juillet et le projet est lanc\u00e9.<\/p>\n<p>L\u2019objectif principal reste le championnat du Monde. Mais d\u2019ici la fin septembre, le duo pourra se jauger d\u00e8s cette semaine sur les <i>Sunfast 30 OD <\/i>du Mondial, d\u2019abord lors d\u2019un entra\u00eenement de 48\u00a0heures, puis lors du troph\u00e9e Semac.<\/p>\n<p>Les 48\u00a0heures de navigation leur permettront de retrouver des automatismes et le troph\u00e9e, lui, leur permettra de se confronter \u00e0 des adversaires, chose qu\u2019ils n\u2019ont pas faite depuis la Massilia Inshore Cup. \u00ab\u00a0<i>Chaque heure, chaque minute pass\u00e9es sur le bateau, c\u2019est toujours du temps de gagn\u00e9<\/i>\u00a0\u00bb, souligne Christopher Pratt.<\/p>\n<\/p><\/div>\n","protected":false},"excerpt":{"rendered":"Pour le duo, la date du 23&nbsp;septembre est soulign&eacute;e sur leur calendrier.Trois jours apr&egrave;s le Clasico OM-PSG, Christopher Pratt et sa jeune co-skipper Ma&iuml;lys Radulic-Ferrat seront au d&eacute;part du Mondial de course au large. &#8230;","protected":false},"author":1,"featured_media":40883,"comment_status":"open","ping_status":"open","sticky":false,"template":"","format":"standard","meta":{"footnotes":""},"categories":[918,3926,3925,7],"tags":[10,16,128,1198],"news-destination":[3944],"news-source":[475],"is_homepage":[],"ta_other":[],"class_list":["post-40882","post","type-post","status-publish","format-standard","has-post-thumbnail","hentry","category-accueil","category-accueil-merge","category-accueil-third","category-sports","tag-bouches-du-rhone","tag-marseille","tag-mediterranee","tag-voile","news-destination-homepage","news-source-website"],"_links":{"self":[{"href":"https:\/\/euapp01.newsmemory.com\/lamarseillaise\/news\/wp-json\/wp\/v2\/posts\/40882","targetHints":{"allow":["GET"]}}],"collection":[{"href":"https:\/\/euapp01.newsmemory.com\/lamarseillaise\/news\/wp-json\/wp\/v2\/posts"}],"about":[{"href":"https:\/\/euapp01.newsmemory.com\/lamarseillaise\/news\/wp-json\/wp\/v2\/types\/post"}],"author":[{"embeddable":true,"href":"https:\/\/euapp01.newsmemory.com\/lamarseillaise\/news\/wp-json\/wp\/v2\/users\/1"}],"replies":[{"embeddable":true,"href":"https:\/\/euapp01.newsmemory.com\/lamarseillaise\/news\/wp-json\/wp\/v2\/comments?post=40882"}],"version-history":[{"count":1,"href":"https:\/\/euapp01.newsmemory.com\/lamarseillaise\/news\/wp-json\/wp\/v2\/posts\/40882\/revisions"}],"predecessor-version":[{"id":40884,"href":"https:\/\/euapp01.newsmemory.com\/lamarseillaise\/news\/wp-json\/wp\/v2\/posts\/40882\/revisions\/40884"}],"wp:featuredmedia":[{"embeddable":true,"href":"https:\/\/euapp01.newsmemory.com\/lamarseillaise\/news\/wp-json\/wp\/v2\/media\/40883"}],"wp:attachment":[{"href":"https:\/\/euapp01.newsmemory.com\/lamarseillaise\/news\/wp-json\/wp\/v2\/media?parent=40882"}],"wp:term":[{"taxonomy":"category","embeddable":true,"href":"https:\/\/euapp01.newsmemory.com\/lamarseillaise\/news\/wp-json\/wp\/v2\/categories?post=40882"},{"taxonomy":"post_tag","embeddable":true,"href":"https:\/\/euapp01.newsmemory.com\/lamarseillaise\/news\/wp-json\/wp\/v2\/tags?post=40882"},{"taxonomy":"news-destination","embeddable":true,"href":"https:\/\/euapp01.newsmemory.com\/lamarseillaise\/news\/wp-json\/wp\/v2\/news-destination?post=40882"},{"taxonomy":"news-source","embeddable":true,"href":"https:\/\/euapp01.newsmemory.com\/lamarseillaise\/news\/wp-json\/wp\/v2\/news-source?post=40882"},{"taxonomy":"is_homepage","embeddable":true,"href":"https:\/\/euapp01.newsmemory.com\/lamarseillaise\/news\/wp-json\/wp\/v2\/is_homepage?post=40882"},{"taxonomy":"ta_other","embeddable":true,"href":"https:\/\/euapp01.newsmemory.com\/lamarseillaise\/news\/wp-json\/wp\/v2\/ta_other?post=40882"}],"curies":[{"name":"wp","href":"https:\/\/api.w.org\/{rel}","templated":true}]}}