{"id":40879,"date":"2026-08-31T08:03:00","date_gmt":"2026-08-31T06:03:00","guid":{"rendered":"https:\/\/euapp01.newsmemory.com\/lamarseillaise\/news\/?p=40879"},"modified":"2026-08-31T12:46:14","modified_gmt":"2026-08-31T10:46:14","slug":"reseau-dalerte-financier-tout-comprendre-sur-ce-dispositif","status":"publish","type":"post","link":"https:\/\/euapp01.newsmemory.com\/lamarseillaise\/news\/2026\/08\/31\/reseau-dalerte-financier-tout-comprendre-sur-ce-dispositif\/","title":{"rendered":"R\u00e9seau d\u2019alerte financier \u00e0 Avignon : tout comprendre sur ce dispositif"},"content":{"rendered":"<div class=\"paragraph\">\n<p>C\u2019\u00e9tait le sujet inflammable depuis le <a rel=\"noopener noreferrer\" href=\"https:\/\/www.lamarseillaise.fr\/politique\/avignon-galzi-accuse-l-ex-majorite-d-avoir-manipule-les-comptes-OE20428732\" target=\"_blank\">d\u00e9but de l\u2019\u00e9t\u00e9 \u00e0 Avignon\u00a0: la situation financi\u00e8re laiss\u00e9e par la pr\u00e9c\u00e9dente municipalit\u00e9 Helle (PS), qualifi\u00e9e de \u00ab<i>\u00a0<\/i><i>champ de ruines<\/i><i>\u00a0<\/i>\u00bb<\/a> par son successeur Olivier Galzi (DVD). Audit, conseil <a rel=\"noopener noreferrer\" href=\"https:\/\/www.lamarseillaise.fr\/politique\/la-situation-chaotique-des-finances-met-presque-ko-la-ville-d-avignon-OC20440583\" target=\"_blank\">municipal tendu avec rejet du compte administratif,<\/a> puis, mi-juillet, placement <a rel=\"noopener noreferrer\" href=\"https:\/\/www.lamarseillaise.fr\/politique\/finances-municipales-avignon-bientot-inscrite-dans-un-reseau-d-alerte-AB20475665\" target=\"_blank\">de la Ville dans \u00ab\u00a0<i>le r\u00e9seau d\u2019alerte au titre de l\u2019ann\u00e9e 202<\/i><\/a><i>5<\/i>\u00a0\u00bb. \u00ab<i>\u00a0<\/i><i>Cette lettre confirme point par point ce que nous avons dit<\/i>\u00a0\u00bb, se satisfaisait tristement le maire.<\/p>\n<p>Mais dans les faits, qu\u2019est-ce que ce r\u00e9seau et quelles en sont les cons\u00e9quences\u00a0? Il s\u2019agit d\u2019un dispositif national pilot\u00e9 dans chaque d\u00e9partement par les services de la pr\u00e9fecture et la direction d\u00e9partementale des Finances publiques (DDFIP). Contact\u00e9e, cette derni\u00e8re nous a livr\u00e9 des \u00e9l\u00e9ments de fonctionnement, au-del\u00e0 de toute appr\u00e9ciation politique. \u00ab\u00a0<i>Ce qui est au moins partag\u00e9, c\u2019est qu\u2019il y a eu sur l\u2019ann\u00e9e 2025 une d\u00e9gradation des comptes de la Ville d\u2019Avignon<\/i>\u00a0\u00bb, dit-on pudiquement \u00e0 la DDFIP, admettant qu\u2019\u00eatre \u00ab\u00a0<i>dans ce r\u00e9seau d\u2019alerte est un signal qui peut avoir des cons\u00e9quences \u00e9conomiques<\/i>\u00a0\u00bb.<\/p>\n<\/p><\/div>\n<div class=\"intext\"> La gen\u00e8se de ce r\u00e9seau\n              <\/div>\n<div class=\"paragraph\">\n<p>La DDFIP tient les comptes de toutes les collectivit\u00e9s locales. Chaque ann\u00e9e, elle \u00e9tablit \u00ab\u00a0<i>sur la base d\u2019un certain nombre de ratios financiers issus des comptes des collectivit\u00e9s locales<\/i><i>\u00a0<\/i>\u00bb un classement. Une note sur 100 qui tient compte de la capacit\u00e9 d\u2019autofinancement, de la rigidit\u00e9 des charges (d\u00e9penses obligatoires par rapport \u00e0 toutes les autres d\u00e9penses globales de la collectivit\u00e9), de l\u2019endettement mais aussi du potentiel fiscal (les taxes et redevances sur lesquelles la Ville a un levier). Un classement purement interne partag\u00e9 avec la pr\u00e9fecture avec des \u00ab\u00a0<i>indicateurs qui permettent de mettre en exergue un \u00e9tat financier correct ou un \u00e9tat financier d\u00e9grad\u00e9<\/i><i>\u00a0<\/i>\u00bb. Sans d\u00e9tailler la note, il faut \u00eatre bien en dessous de la moyenne pour que la collectivit\u00e9 soit contact\u00e9e, bien que dans une ville comme Avignon, des \u00e9changes ultra-r\u00e9guliers ont lieu entre les services financiers et la DDFIP sur toutes sortes de probl\u00e9matiques comptables.<\/p>\n<\/p><\/div>\n<div class=\"intext\"> L\u2019entr\u00e9e dans le r\u00e9seau\n              <\/div>\n<div class=\"paragraph\">\n<p>\u00ab\u00a0<i>Quand le score descend, au-dessous d\u2019un certain niveau, l\u00e0, on se dit &#8220;il faut qu\u2019on contacte la collectivit\u00e9 et qu\u2019on s\u2019explique avec elle&#8221;<\/i>\u00a0\u00bb, sch\u00e9matise la DDFIP. S\u2019ensuit un dialogue o\u00f9 les services de l\u2019\u00c9tat exposent les ratios qui se retrouvent \u00e0 des moyennes sup\u00e9rieures \u00e0 des communes de m\u00eame strate. Contrairement \u00e0 une mise sous tutelle o\u00f9 la Chambre r\u00e9gionale des comptes prend la main, l\u00e0 les \u00e9changes se font sur le partage du diagnostic et les conseils pour redresser la barre\u00a0: \u00ab\u00a0<i>La lettre envoy\u00e9e au maire d\u2019Avignon est &#8220;une appr\u00e9ciation&#8221; de la situation suite \u00e0 nos discussions et les mesures qui nous semblaient n\u00e9cessaires de prendre, plut\u00f4t vues sous l\u2019angle comptable.<\/i><i>\u00a0<\/i>\u00bb Mais en aucun cas, la mise en place du r\u00e9seau d\u2019alerte entra\u00eene une main mise de l\u2019\u00c9tat sur les comptes et des mesures coercitives. \u00ab<i>\u00a0<\/i><i>C\u2019est clairement \u00e0 l\u2019ex\u00e9cutif local d\u2019avoir son programme et de d\u00e9cider ce qu\u2019il a envie de faire, de prendre ses responsabilit\u00e9s sur l\u2019\u00e9laboration de son budget, les d\u00e9penses, ses d\u00e9cisions strat\u00e9giques, ses investissements<\/i>\u00a0\u00bb, fait valoir la DDFIP.<\/p>\n<\/p><\/div>\n<div class=\"intext\"> Une alerte<br \/>\n               <br \/>qui n\u2019a rien d\u2019in\u00e9dit\n              <\/div>\n<div class=\"paragraph\">\n<p>D\u00e9but juillet, la Ville parlait d\u2019une d\u00e9cision \u00ab<i>\u00a0<\/i><i>inqui\u00e9tante car tr\u00e8s rare<\/i>\u00a0\u00bb. Or, \u00eatre plac\u00e9 dans ce r\u00e9seau d\u2019alerte, si \u00e9videmment n\u2019est pas gage de bonne nouvelle, n\u2019a rien d\u2019exceptionnel. Avignon l\u2019a d\u00e9j\u00e0 \u00e9t\u00e9 il y a plusieurs ann\u00e9es. La DDFIP assure qu\u2019actuellement \u00ab<i>\u00a0<\/i><i>d\u2019autres communes ou collectivit\u00e9s de Vaucluse<\/i>\u00a0\u00bb sont aussi en alerte. \u00ab\u00a0<i>On informe le maire en disant que l\u2019on consid\u00e8re que la commune est en alerte et lui d\u00e9cide d\u2019en parler ou pas<\/i>\u00a0\u00bb, expose la direction des Finances publiques.<\/p>\n<\/p><\/div>\n<div class=\"intext\"> La sortie du r\u00e9seau\n              <\/div>\n<div class=\"paragraph\">\n<p>C\u2019est un peu comme un concours annuel, mais invers\u00e9 o\u00f9 l\u2019on ne souhaite pas \u00eatre admis. \u00ab\u00a0<i>Chaque ann\u00e9e, il y a des collectivit\u00e9s qui entrent dans le r\u00e9seau d\u2019alerte, d\u2019autres qui en sortent<\/i>\u00a0\u00bb, d\u00e9crit la DDFIP. En fonction ainsi des ratios pr\u00e9c\u00e9demment cit\u00e9s, la situation est revue annuellement lorsque les comptes sont \u00e9tablis. S\u2019il n\u2019y a pas dur\u00e9e maximale autoris\u00e9e pour rester dans ce r\u00e9seau, le but est d\u2019en sortir rapidement. Y rester peut avoir \u00ab\u00a0<i>des cons\u00e9quences tr\u00e8s directes au bout d\u2019un moment avec des tensions de tr\u00e9sorerie s\u00e9rieuses pour honorer des factures ou payer les salaires<\/i><i>\u00a0<\/i>\u00bb. La majorit\u00e9 municipale \u00e9labore \u00ab\u00a0<i>un plan de redressement<\/i>\u00a0\u00bb qui sera \u00e9voqu\u00e9 lors du prochain conseil municipal le 28\u00a0septembre. Le budget suppl\u00e9mentaire sera vot\u00e9, 6\u00a0millions sont \u00e0 trouver pour parvenir \u00e0 l\u2019\u00e9quilibre selon Olivier Galzi. Mais pour l\u2019heure, pas d\u2019autre r\u00e9union n\u2019est programm\u00e9e entre le maire et les Finances publiques.<\/p>\n<\/p><\/div>\n","protected":false},"excerpt":{"rendered":"C&rsquo;&eacute;tait le sujet inflammable depuis le d&eacute;but de l&rsquo;&eacute;t&eacute; &agrave; Avignon&nbsp;: la situation financi&egrave;re laiss&eacute;e par la pr&eacute;c&eacute;dente municipalit&eacute; Helle (PS), qualifi&eacute;e de &#8230;","protected":false},"author":1,"featured_media":40880,"comment_status":"open","ping_status":"open","sticky":false,"template":"","format":"standard","meta":{"footnotes":""},"categories":[3926,3924,330],"tags":[495,174,430,1046,4914,171],"news-destination":[3944],"news-source":[475],"is_homepage":[],"ta_other":[],"class_list":["post-40879","post","type-post","status-publish","format-standard","has-post-thumbnail","hentry","category-accueil-merge","category-accueil-second","category-politique","tag-495","tag-avignon","tag-budget","tag-finances-publiques","tag-olivier-galzi","tag-vaucluse","news-destination-homepage","news-source-website"],"_links":{"self":[{"href":"https:\/\/euapp01.newsmemory.com\/lamarseillaise\/news\/wp-json\/wp\/v2\/posts\/40879","targetHints":{"allow":["GET"]}}],"collection":[{"href":"https:\/\/euapp01.newsmemory.com\/lamarseillaise\/news\/wp-json\/wp\/v2\/posts"}],"about":[{"href":"https:\/\/euapp01.newsmemory.com\/lamarseillaise\/news\/wp-json\/wp\/v2\/types\/post"}],"author":[{"embeddable":true,"href":"https:\/\/euapp01.newsmemory.com\/lamarseillaise\/news\/wp-json\/wp\/v2\/users\/1"}],"replies":[{"embeddable":true,"href":"https:\/\/euapp01.newsmemory.com\/lamarseillaise\/news\/wp-json\/wp\/v2\/comments?post=40879"}],"version-history":[{"count":2,"href":"https:\/\/euapp01.newsmemory.com\/lamarseillaise\/news\/wp-json\/wp\/v2\/posts\/40879\/revisions"}],"predecessor-version":[{"id":40906,"href":"https:\/\/euapp01.newsmemory.com\/lamarseillaise\/news\/wp-json\/wp\/v2\/posts\/40879\/revisions\/40906"}],"wp:featuredmedia":[{"embeddable":true,"href":"https:\/\/euapp01.newsmemory.com\/lamarseillaise\/news\/wp-json\/wp\/v2\/media\/40880"}],"wp:attachment":[{"href":"https:\/\/euapp01.newsmemory.com\/lamarseillaise\/news\/wp-json\/wp\/v2\/media?parent=40879"}],"wp:term":[{"taxonomy":"category","embeddable":true,"href":"https:\/\/euapp01.newsmemory.com\/lamarseillaise\/news\/wp-json\/wp\/v2\/categories?post=40879"},{"taxonomy":"post_tag","embeddable":true,"href":"https:\/\/euapp01.newsmemory.com\/lamarseillaise\/news\/wp-json\/wp\/v2\/tags?post=40879"},{"taxonomy":"news-destination","embeddable":true,"href":"https:\/\/euapp01.newsmemory.com\/lamarseillaise\/news\/wp-json\/wp\/v2\/news-destination?post=40879"},{"taxonomy":"news-source","embeddable":true,"href":"https:\/\/euapp01.newsmemory.com\/lamarseillaise\/news\/wp-json\/wp\/v2\/news-source?post=40879"},{"taxonomy":"is_homepage","embeddable":true,"href":"https:\/\/euapp01.newsmemory.com\/lamarseillaise\/news\/wp-json\/wp\/v2\/is_homepage?post=40879"},{"taxonomy":"ta_other","embeddable":true,"href":"https:\/\/euapp01.newsmemory.com\/lamarseillaise\/news\/wp-json\/wp\/v2\/ta_other?post=40879"}],"curies":[{"name":"wp","href":"https:\/\/api.w.org\/{rel}","templated":true}]}}