{"id":40876,"date":"2026-08-31T07:41:00","date_gmt":"2026-08-31T05:41:00","guid":{"rendered":"https:\/\/euapp01.newsmemory.com\/lamarseillaise\/news\/?p=40876"},"modified":"2026-08-31T10:09:40","modified_gmt":"2026-08-31T08:09:40","slug":"une-bouffee-despoir","status":"publish","type":"post","link":"https:\/\/euapp01.newsmemory.com\/lamarseillaise\/news\/2026\/08\/31\/une-bouffee-despoir\/","title":{"rendered":"Une bouff\u00e9e d\u2019espoir"},"content":{"rendered":"<div class=\"paragraph\">\n<p>Il y a la dette, le d\u00e9ficit public&#8230; tout le monde doit passer \u00e0 la caisse, c\u2019est comme \u00e7a, nous expliquait doctement la semaine derni\u00e8re, David Amiel, le ministre des Comptes publics, rappelant le cap donn\u00e9 par S\u00e9bastien Lecornu et Emmanuel Macron qui se r\u00e9sume<br \/>en trois mots\u00a0: \u00ab\u00a0<i>Aust\u00e9rit\u00e9, aust\u00e9rit\u00e9<br \/>et aust\u00e9rit\u00e9.<\/i>\u00a0\u00bb Mais attention, nous disait aussi le ministre, les tr\u00e8s riches ont d\u00e9j\u00e0 donn\u00e9 les deux derni\u00e8res ann\u00e9es&#8230; il ne faudrait surtout pas les accabler de gros mots comme \u00ab\u00a0<i>imp\u00f4ts<\/i>\u00a0\u00bb, \u00ab\u00a0<i>taxes<\/i><i>\u00a0<\/i>\u00bb, \u00ab\u00a0<i>pr\u00e9l\u00e8vements<\/i><i>\u00a0<\/i>\u00bb, \u00ab\u00a0<i>contribution<\/i>\u00a0\u00bb ou \u00ab\u00a0<i>charges<\/i><i>\u00a0<\/i>\u00bb. Leur repr\u00e9sentant syndical, le pr\u00e9sident du Medef, Patrick Martin, d\u00e9nonce avec force le \u00ab\u00a0<i>carcan<\/i>\u00a0\u00bb fran\u00e7ais et appelle en bon capitaliste \u00e0 \u00ab\u00a0<i>lib\u00e9rer<\/i><i>\u00a0<\/i>\u00bb l\u2019\u00e9conomie selon un axiome bien connu\u00a0: moins d\u2019imp\u00f4ts, moins de charges, plus de marges, plus de dividendes.<\/p>\n<p>Moins de salaires, plus de profits<\/p>\n<p>Cette course aux profits maximum et court-termiste, poursuivie des d\u00e9cennies durant, tape le mur, de plein fouet. Lorsque des salari\u00e9s sont oblig\u00e9s d\u2019aller aux Restos du c\u0153ur ou au Secours populaire pour manger, lorsque des centaines<br \/>de milliers de familles n\u2019arrivent plus \u00e0 se loger correctement, lorsque<br \/>les travailleurs qui<br \/>ont pour ambition de vivre dignement et honn\u00eatement de leur labeur, n\u2019arrivent plus \u00e0 faire un plein d\u2019essence pour se rendre au bureau ou \u00e0 l\u2019usine, quand les budgets des services publics et des collectivit\u00e9s sont r\u00e9duits \u00e0 la portion congrue. D\u00e9tricotant, fil apr\u00e8s fil, notre mod\u00e8le social fran\u00e7ais. Cette ann\u00e9e d\u2019\u00e9lection doit nourrir l\u2019espoir d\u2019un changement radical de politique en lien direct avec ce mouvement social en \u00e9bullition. Comme<br \/>une bouff\u00e9e d\u2019espoir.<\/p>\n<\/p><\/div>\n","protected":false},"excerpt":{"rendered":"Il y a la dette, le d&eacute;ficit public&#8230; tout le monde doit passer &agrave; la caisse, c&rsquo;est comme &ccedil;a, nous expliquait doctement la semaine derni&egrave;re, David Amiel, le ministre des Comptes publics, rappelant le cap donn&eacute; &#8230;","protected":false},"author":1,"featured_media":40877,"comment_status":"open","ping_status":"open","sticky":false,"template":"","format":"standard","meta":{"footnotes":""},"categories":[332],"tags":[874,959,208,2284,575,572,2540,852,1184,1025,912,484,910],"news-destination":[],"news-source":[475],"is_homepage":[],"ta_other":[],"class_list":["post-40876","post","type-post","status-publish","format-standard","has-post-thumbnail","hentry","category-edito","tag-austerite","tag-changement","tag-collectivites","tag-comptes-publics","tag-emmanuel-macron","tag-france","tag-lecornu","tag-mouvement-social","tag-restos-du-coeur","tag-salaires","tag-secours-populaire","tag-services-publics","tag-travailleurs","news-source-website"],"_links":{"self":[{"href":"https:\/\/euapp01.newsmemory.com\/lamarseillaise\/news\/wp-json\/wp\/v2\/posts\/40876","targetHints":{"allow":["GET"]}}],"collection":[{"href":"https:\/\/euapp01.newsmemory.com\/lamarseillaise\/news\/wp-json\/wp\/v2\/posts"}],"about":[{"href":"https:\/\/euapp01.newsmemory.com\/lamarseillaise\/news\/wp-json\/wp\/v2\/types\/post"}],"author":[{"embeddable":true,"href":"https:\/\/euapp01.newsmemory.com\/lamarseillaise\/news\/wp-json\/wp\/v2\/users\/1"}],"replies":[{"embeddable":true,"href":"https:\/\/euapp01.newsmemory.com\/lamarseillaise\/news\/wp-json\/wp\/v2\/comments?post=40876"}],"version-history":[{"count":1,"href":"https:\/\/euapp01.newsmemory.com\/lamarseillaise\/news\/wp-json\/wp\/v2\/posts\/40876\/revisions"}],"predecessor-version":[{"id":40878,"href":"https:\/\/euapp01.newsmemory.com\/lamarseillaise\/news\/wp-json\/wp\/v2\/posts\/40876\/revisions\/40878"}],"wp:featuredmedia":[{"embeddable":true,"href":"https:\/\/euapp01.newsmemory.com\/lamarseillaise\/news\/wp-json\/wp\/v2\/media\/40877"}],"wp:attachment":[{"href":"https:\/\/euapp01.newsmemory.com\/lamarseillaise\/news\/wp-json\/wp\/v2\/media?parent=40876"}],"wp:term":[{"taxonomy":"category","embeddable":true,"href":"https:\/\/euapp01.newsmemory.com\/lamarseillaise\/news\/wp-json\/wp\/v2\/categories?post=40876"},{"taxonomy":"post_tag","embeddable":true,"href":"https:\/\/euapp01.newsmemory.com\/lamarseillaise\/news\/wp-json\/wp\/v2\/tags?post=40876"},{"taxonomy":"news-destination","embeddable":true,"href":"https:\/\/euapp01.newsmemory.com\/lamarseillaise\/news\/wp-json\/wp\/v2\/news-destination?post=40876"},{"taxonomy":"news-source","embeddable":true,"href":"https:\/\/euapp01.newsmemory.com\/lamarseillaise\/news\/wp-json\/wp\/v2\/news-source?post=40876"},{"taxonomy":"is_homepage","embeddable":true,"href":"https:\/\/euapp01.newsmemory.com\/lamarseillaise\/news\/wp-json\/wp\/v2\/is_homepage?post=40876"},{"taxonomy":"ta_other","embeddable":true,"href":"https:\/\/euapp01.newsmemory.com\/lamarseillaise\/news\/wp-json\/wp\/v2\/ta_other?post=40876"}],"curies":[{"name":"wp","href":"https:\/\/api.w.org\/{rel}","templated":true}]}}