{"id":40869,"date":"2026-08-31T07:28:00","date_gmt":"2026-08-31T05:28:00","guid":{"rendered":"https:\/\/euapp01.newsmemory.com\/lamarseillaise\/news\/?p=40869"},"modified":"2026-08-31T10:35:44","modified_gmt":"2026-08-31T08:35:44","slug":"delogu-denonce-une-campagne-de-denigrement","status":"publish","type":"post","link":"https:\/\/euapp01.newsmemory.com\/lamarseillaise\/news\/2026\/08\/31\/delogu-denonce-une-campagne-de-denigrement\/","title":{"rendered":"Delogu d\u00e9nonce une \u00ab&nbsp;campagne de d\u00e9nigrement&nbsp;\u00bb"},"content":{"rendered":"<div class=\"paragraph\">\n<p>Huit heures de garde \u00e0 vue plus tard, le d\u00e9put\u00e9 insoumis S\u00e9bastien Delogu a tenu \u00e0 donner sa version des faits. Avant tout, celui-ci d\u00e9nonce \u00ab\u00a0<i>une campagne m\u00e9diatique de d\u00e9nigrement aliment\u00e9e par des fuites polici\u00e8res mensong\u00e8res<\/i><i>\u00a0<\/i>\u00bb, \u00e9crit-il dans un communiqu\u00e9 de presse.<\/p>\n<p>La garde \u00e0 vue fait suite \u00e0 une altercation survenue dans le hall de sa r\u00e9sidence, lundi, alors que des policiers en civil du service interd\u00e9partemental de s\u00e9curisation des transports en commun intervenaient dans le cadre d\u2019un vol d\u2019une montre de luxe. Le d\u00e9put\u00e9 a tenu \u00e0 donner sa version des faits\u00a0: \u00ab\u00a0<i>Je rentrais chez moi lorsqu\u2019un homme (&#8230;) parfaitement inconnu a tent\u00e9 de p\u00e9n\u00e9trer vigoureusement dans mon immeuble (&#8230;).<\/i><i>\u00a0<\/i>\u00bb Le d\u00e9put\u00e9 a demand\u00e9 \u00e0 la personne qui elle \u00e9tait \u00e0 plusieurs reprises, puis fini par s\u2019entendre dire \u00ab\u00a0<i>Je suis de la police<\/i><i>\u00a0<\/i>\u00bb, puis de \u00ab\u00a0<i>d\u00e9gager<\/i>\u00a0\u00bb. S\u00e9bastien Delogu explique son insistance par les menaces re\u00e7ues \u00e0 son encontre. Devant le refus de laisser entrer l\u2019agent, la tension est mont\u00e9e de plusieurs crans, jusqu\u2019aux insultes, toujours selon lui, qui aurait \u00e9t\u00e9 pouss\u00e9 violemment. Les trois agents pr\u00e9sents ont port\u00e9 plainte pour outrage, le d\u00e9put\u00e9 pour \u00ab\u00a0<i>outrage violences volontaires<\/i><i>\u00a0<\/i>\u00bb. Celui-ci est convoqu\u00e9 le 13\u00a0novembre devant le tribunal correctionnel de Marseille.<\/p>\n<\/p><\/div>\n","protected":false},"excerpt":{"rendered":"Huit heures de garde &agrave; vue plus tard, le d&eacute;put&eacute; insoumis S&eacute;bastien Delogu a tenu &agrave; donner sa version des faits. Avant tout, celui-ci d&eacute;nonce &laquo;&nbsp;une campagne m&eacute;diatique de d&eacute;nigrement &#8230;","protected":false},"author":1,"featured_media":40870,"comment_status":"open","ping_status":"open","sticky":false,"template":"","format":"standard","meta":{"footnotes":""},"categories":[918,3926,3925,330],"tags":[1990,2637,16,1699,2033,204,272],"news-destination":[3944],"news-source":[475],"is_homepage":[],"ta_other":[],"class_list":["post-40869","post","type-post","status-publish","format-standard","has-post-thumbnail","hentry","category-accueil","category-accueil-merge","category-accueil-third","category-politique","tag-garde-a-vue","tag-insultes","tag-marseille","tag-policiers","tag-sebastien-delogu","tag-tribunal-correctionnel","tag-violences","news-destination-homepage","news-source-website"],"_links":{"self":[{"href":"https:\/\/euapp01.newsmemory.com\/lamarseillaise\/news\/wp-json\/wp\/v2\/posts\/40869","targetHints":{"allow":["GET"]}}],"collection":[{"href":"https:\/\/euapp01.newsmemory.com\/lamarseillaise\/news\/wp-json\/wp\/v2\/posts"}],"about":[{"href":"https:\/\/euapp01.newsmemory.com\/lamarseillaise\/news\/wp-json\/wp\/v2\/types\/post"}],"author":[{"embeddable":true,"href":"https:\/\/euapp01.newsmemory.com\/lamarseillaise\/news\/wp-json\/wp\/v2\/users\/1"}],"replies":[{"embeddable":true,"href":"https:\/\/euapp01.newsmemory.com\/lamarseillaise\/news\/wp-json\/wp\/v2\/comments?post=40869"}],"version-history":[{"count":1,"href":"https:\/\/euapp01.newsmemory.com\/lamarseillaise\/news\/wp-json\/wp\/v2\/posts\/40869\/revisions"}],"predecessor-version":[{"id":40871,"href":"https:\/\/euapp01.newsmemory.com\/lamarseillaise\/news\/wp-json\/wp\/v2\/posts\/40869\/revisions\/40871"}],"wp:featuredmedia":[{"embeddable":true,"href":"https:\/\/euapp01.newsmemory.com\/lamarseillaise\/news\/wp-json\/wp\/v2\/media\/40870"}],"wp:attachment":[{"href":"https:\/\/euapp01.newsmemory.com\/lamarseillaise\/news\/wp-json\/wp\/v2\/media?parent=40869"}],"wp:term":[{"taxonomy":"category","embeddable":true,"href":"https:\/\/euapp01.newsmemory.com\/lamarseillaise\/news\/wp-json\/wp\/v2\/categories?post=40869"},{"taxonomy":"post_tag","embeddable":true,"href":"https:\/\/euapp01.newsmemory.com\/lamarseillaise\/news\/wp-json\/wp\/v2\/tags?post=40869"},{"taxonomy":"news-destination","embeddable":true,"href":"https:\/\/euapp01.newsmemory.com\/lamarseillaise\/news\/wp-json\/wp\/v2\/news-destination?post=40869"},{"taxonomy":"news-source","embeddable":true,"href":"https:\/\/euapp01.newsmemory.com\/lamarseillaise\/news\/wp-json\/wp\/v2\/news-source?post=40869"},{"taxonomy":"is_homepage","embeddable":true,"href":"https:\/\/euapp01.newsmemory.com\/lamarseillaise\/news\/wp-json\/wp\/v2\/is_homepage?post=40869"},{"taxonomy":"ta_other","embeddable":true,"href":"https:\/\/euapp01.newsmemory.com\/lamarseillaise\/news\/wp-json\/wp\/v2\/ta_other?post=40869"}],"curies":[{"name":"wp","href":"https:\/\/api.w.org\/{rel}","templated":true}]}}