{"id":40866,"date":"2026-08-31T07:29:00","date_gmt":"2026-08-31T05:29:00","guid":{"rendered":"https:\/\/euapp01.newsmemory.com\/lamarseillaise\/news\/?p=40866"},"modified":"2026-08-31T10:35:44","modified_gmt":"2026-08-31T08:35:44","slug":"la-rentree-se-prepare-pour-les-eleves-et-les-elus","status":"publish","type":"post","link":"https:\/\/euapp01.newsmemory.com\/lamarseillaise\/news\/2026\/08\/31\/la-rentree-se-prepare-pour-les-eleves-et-les-elus\/","title":{"rendered":"La rentr\u00e9e se pr\u00e9pare pour les \u00e9l\u00e8ves et les \u00e9lus"},"content":{"rendered":"<div class=\"paragraph\">\n<p>Il devrait avoir pr\u00e8s de 4\u00a0600\u00a0\u00e9l\u00e8ves en moins cette ann\u00e9e, d\u2019apr\u00e8s les pr\u00e9visions acad\u00e9miques, \u00e0 faire leur rentr\u00e9e \u00e0 partir de mardi dans l\u2019acad\u00e9mie Aix-Marseille. Dans l\u2019acad\u00e9mie de Nice, ce sont 3\u00a0000\u00a0\u00e9l\u00e8ves en moins dans le premier degr\u00e9, annon\u00e7ait la rectrice. Des chiffres ent\u00e9rinant la baisse d\u00e9mographique annonc\u00e9e.<\/p>\n<p>Mais cette diminution du nombre d\u2019\u00e9l\u00e8ves ne s\u2019accompagne pas de celle des effectifs par classe. Les syndicats de l\u2019\u00c9ducation nationale d\u00e9noncent des fermetures de classes en \u00ab\u00a0<i>cascade<\/i>\u00a0\u00bb. Dans les Bouches-du-Rh\u00f4ne, ce sont par exemple 40\u00a0classes qui ont \u00e9t\u00e9 supprim\u00e9es dans le secondaire. Une nouvelle carte scolaire qui avait d\u00e9j\u00e0 suscit\u00e9 des mobilisations en mars et avril.<\/p>\n<p>Pour la FSU 13, cette baisse d\u00e9mographique aurait d\u00fb \u00eatre l\u2019occasion de rattraper le retard de la France dans l\u2019encadrement des minots. \u00ab\u00a0<i>Pour retrouver le taux d\u2019encadrement de 2017 au second degr\u00e9 dans le d\u00e9partement (Bouches-du-Rh\u00f4ne), il faudrait ouvrir 56<\/i><i>\u00a0<\/i><i>postes au coll\u00e8ge et au lyc\u00e9e<\/i><i>\u00a0<\/i>\u00bb, d\u00e9non\u00e7ait Nicolas Bernard-Hayrault, secr\u00e9taire d\u00e9partemental du Syndicat national des enseignants du second degr\u00e9, lors d\u2019une conf\u00e9rence de presse vendredi. Des revendications qui n\u2019emp\u00eacheront pas les professeurs du premier et second degr\u00e9s d\u2019accueillir au mieux leurs \u00e9l\u00e8ves, malgr\u00e9 des moyens qu\u2019ils estiment tr\u00e8s insuffisants (lire aussi pages 2 et 3).<\/p>\n<\/p><\/div>\n<div class=\"intext\"> Tourn\u00e9e des \u00e9lus\n              <\/div>\n<div class=\"paragraph\">\n<p>Les \u00e9coliers et les enseignants ne seront pas les seuls \u00e0 retrouver le chemin de l\u2019\u00e9cole. Les \u00e9lus municipaux, d\u00e9partementaux et r\u00e9gionaux passeront eux aussi sous les pr\u00e9aux et dans les salles de classe des \u00e9tablissements scolaires du territoire pour lancer cette nouvelle ann\u00e9e scolaire.<\/p>\n<p>Ce lundi, c\u2019est le recteur Benoit Delaunay, qui fera sa rentr\u00e9e, avec la traditionnelle conf\u00e9rence de presse. Il rassemblera au sein du rectorat \u00e0 Aix-en-Provence les journalistes afin de pr\u00e9senter les nouveaut\u00e9s et les enjeux de cette nouvelle ann\u00e9e scolaire 2026-2027.<\/p>\n<p>Beno\u00eet Payan, maire (DVG) de Marseille, sera lui pr\u00e9sent \u00e0 8h \u00e0 l\u2019\u00e9cole Clair Soleil 1 \u00e0 Marseille (14<sup>e<\/sup>). L\u2019occasion pour l\u2019\u00e9dile de distribuer des kits de fournitures scolaires aux \u00e9l\u00e8ves afin d\u2019all\u00e9ger la facture du mois de septembre des parents.<\/p>\n<\/p><\/div>\n<div class=\"intext\"> Distribution de tablettes\n              <\/div>\n<div class=\"paragraph\">\n<p>Du c\u00f4t\u00e9 de la R\u00e9gion, le pr\u00e9sident (Ren.) Renaud Muselier, dont la collectivit\u00e9 a en charge l\u2019ensemble des lyc\u00e9es de la R\u00e9gion Sud, sera \u00e0 Aix-en-Provence pour accueillir les lyc\u00e9ens de Paul-Cezanne et du lyc\u00e9e polyvalent Vauvenargues en compagnie de Sophie Joissains, maire (UDI) d\u2019Aix-en-Provence. Il y distribuera de nouvelles tablettes num\u00e9riques aux \u00e9l\u00e8ves.<\/p>\n<p>De son c\u00f4t\u00e9, Martine Vassal, la pr\u00e9sidente (DVD) du conseil d\u00e9partemental, en charge des coll\u00e8ges sera \u00e0 Andr\u00e9-Ch\u00e9nier (12<sup>e<\/sup>) ce mardi matin. Elle a fait une premi\u00e8re pr\u00e9sentation vendredi des dispositifs mis en place en cette rentr\u00e9e pour l\u2019ensemble des coll\u00e9giens avec \u00e0 la cl\u00e9, kits de fournitures scolaires, ordinateurs portables ou encore carte Cjeune, \u00ab\u00a0<i>pr\u00e8s de 800<\/i><i>\u00a0<\/i><i>euros d\u2019\u00e9conomies pour les familles d\u2019un \u00e9l\u00e8ve entrant en 6<\/i><i><sup>e<\/sup><\/i>\u00a0\u00bb.<\/p>\n<\/p><\/div>\n","protected":false},"excerpt":{"rendered":"Il devrait avoir pr&egrave;s de 4&nbsp;600&nbsp;&eacute;l&egrave;ves en moins cette ann&eacute;e, d&rsquo;apr&egrave;s les pr&eacute;visions acad&eacute;miques, &agrave; faire leur rentr&eacute;e &agrave; partir de mardi dans l&rsquo;acad&eacute;mie &#8230;","protected":false},"author":1,"featured_media":40867,"comment_status":"open","ping_status":"open","sticky":false,"template":"","format":"standard","meta":{"footnotes":""},"categories":[918,3926,3925,20],"tags":[10,675,4297,222,712],"news-destination":[3944],"news-source":[475],"is_homepage":[],"ta_other":[],"class_list":["post-40866","post","type-post","status-publish","format-standard","has-post-thumbnail","hentry","category-accueil","category-accueil-merge","category-accueil-third","category-societe","tag-bouches-du-rhone","tag-etablissements-scolaires","tag-nouvelle-annee","tag-region-sud-paca","tag-rentree-scolaire","news-destination-homepage","news-source-website"],"_links":{"self":[{"href":"https:\/\/euapp01.newsmemory.com\/lamarseillaise\/news\/wp-json\/wp\/v2\/posts\/40866","targetHints":{"allow":["GET"]}}],"collection":[{"href":"https:\/\/euapp01.newsmemory.com\/lamarseillaise\/news\/wp-json\/wp\/v2\/posts"}],"about":[{"href":"https:\/\/euapp01.newsmemory.com\/lamarseillaise\/news\/wp-json\/wp\/v2\/types\/post"}],"author":[{"embeddable":true,"href":"https:\/\/euapp01.newsmemory.com\/lamarseillaise\/news\/wp-json\/wp\/v2\/users\/1"}],"replies":[{"embeddable":true,"href":"https:\/\/euapp01.newsmemory.com\/lamarseillaise\/news\/wp-json\/wp\/v2\/comments?post=40866"}],"version-history":[{"count":1,"href":"https:\/\/euapp01.newsmemory.com\/lamarseillaise\/news\/wp-json\/wp\/v2\/posts\/40866\/revisions"}],"predecessor-version":[{"id":40868,"href":"https:\/\/euapp01.newsmemory.com\/lamarseillaise\/news\/wp-json\/wp\/v2\/posts\/40866\/revisions\/40868"}],"wp:featuredmedia":[{"embeddable":true,"href":"https:\/\/euapp01.newsmemory.com\/lamarseillaise\/news\/wp-json\/wp\/v2\/media\/40867"}],"wp:attachment":[{"href":"https:\/\/euapp01.newsmemory.com\/lamarseillaise\/news\/wp-json\/wp\/v2\/media?parent=40866"}],"wp:term":[{"taxonomy":"category","embeddable":true,"href":"https:\/\/euapp01.newsmemory.com\/lamarseillaise\/news\/wp-json\/wp\/v2\/categories?post=40866"},{"taxonomy":"post_tag","embeddable":true,"href":"https:\/\/euapp01.newsmemory.com\/lamarseillaise\/news\/wp-json\/wp\/v2\/tags?post=40866"},{"taxonomy":"news-destination","embeddable":true,"href":"https:\/\/euapp01.newsmemory.com\/lamarseillaise\/news\/wp-json\/wp\/v2\/news-destination?post=40866"},{"taxonomy":"news-source","embeddable":true,"href":"https:\/\/euapp01.newsmemory.com\/lamarseillaise\/news\/wp-json\/wp\/v2\/news-source?post=40866"},{"taxonomy":"is_homepage","embeddable":true,"href":"https:\/\/euapp01.newsmemory.com\/lamarseillaise\/news\/wp-json\/wp\/v2\/is_homepage?post=40866"},{"taxonomy":"ta_other","embeddable":true,"href":"https:\/\/euapp01.newsmemory.com\/lamarseillaise\/news\/wp-json\/wp\/v2\/ta_other?post=40866"}],"curies":[{"name":"wp","href":"https:\/\/api.w.org\/{rel}","templated":true}]}}