{"id":40863,"date":"2026-08-31T08:58:00","date_gmt":"2026-08-31T06:58:00","guid":{"rendered":"https:\/\/euapp01.newsmemory.com\/lamarseillaise\/news\/?p=40863"},"modified":"2026-08-31T10:35:44","modified_gmt":"2026-08-31T08:35:44","slug":"pas-de-rentree-a-lecole-sinoncelli-trop-a-letroit","status":"publish","type":"post","link":"https:\/\/euapp01.newsmemory.com\/lamarseillaise\/news\/2026\/08\/31\/pas-de-rentree-a-lecole-sinoncelli-trop-a-letroit\/","title":{"rendered":"\u00c0 Marseille, pas de rentr\u00e9e \u00e0 l\u2019\u00e9cole Sinoncelli trop \u00e0 l\u2019\u00e9troit"},"content":{"rendered":"<div class=\"paragraph\">\n<p>Ce mardi, pas de rentr\u00e9e scolaire pour les \u00e9l\u00e8ves de l\u2019\u00e9cole \u00e9l\u00e9mentaire publique Sinoncelli, \u00e0 Marseille (14<sup>e<\/sup>). Les instituteurs et institutrices de l\u2019\u00e9tablissement ont d\u00e9cid\u00e9 de faire gr\u00e8ve afin de d\u00e9noncer le manque de places et les classes surcharg\u00e9es.<\/p>\n<p>\u00ab <i>On demande de prendre en consid\u00e9ration le fait que nous sommes en REP + <\/i>[r\u00e9seau d\u2019\u00e9ducation prioritaire]<i> et donc les \u00e9l\u00e8ves que l\u2019on accueille ont des nombreuses difficult\u00e9s<\/i>, explique G\u00e9raldine Pauc, enseignante dans l\u2019\u00e9cole. <i>Et donc, avoir 27<\/i><i>\u00a0<\/i><i>\u00e9l\u00e8ves en CE2, ce n\u2019est pas possible<\/i>.\u00a0\u00bb<\/p>\n<p>Les enseignants exigent ainsi depuis l\u2019ann\u00e9e derni\u00e8re l\u2019ouverture d\u2019un pr\u00e9fabriqu\u00e9 afin de permettre d\u2019avoir des classes suppl\u00e9mentaires. \u00ab\u00a0<i>Car on a les instituteurs, mais pas l\u2019espace.<\/i><i>\u00a0<\/i>\u00bb Certaines classes de CP ont pourtant \u00e9t\u00e9 divis\u00e9es en deux, afin de r\u00e9duire le nombre d\u2019\u00e9l\u00e8ves, mais se retrouvent dans la m\u00eame classe, n\u2019am\u00e9liorant donc pas la prise en charge des \u00e9l\u00e8ves. \u00ab\u00a0<i>On nous a dit que l\u2019on pouvait mettre un rideau entre les deux<\/i>\u00a0\u00bb, rit jaune G\u00e9raldine Pauc. Le personnel enseignant r\u00e9clame donc l\u2019installation d\u2019un pr\u00e9fabriqu\u00e9 pour avoir des classes suppl\u00e9mentaires ainsi qu\u2019un plafonnement du nombre d\u2019enfants pouvant s\u2019inscrire. \u00ab\u00a0<i>Surtout qu\u2019une nouvelle \u00e9cole a ouvert juste \u00e0 c\u00f4t\u00e9, mais on ne nous d\u00e9charge pas d\u2019\u00e9l\u00e8ves<\/i><i>\u00a0<\/i><i>\u00bb<\/i>, se d\u00e9sole la ma\u00eetresse. Contact\u00e9e, la mairie de Marseille affirme \u00ab\u00a0<i>avoir pris en compte ce besoin d\u2019avoir plus d\u2019espaces d\u2019accueil, s\u2019\u00eatre saisie du sujet et s\u2019atteler \u00e0 mettre en place des solutions<\/i><i>\u00a0<\/i>\u00bb.<\/p>\n<\/p><\/div>\n","protected":false},"excerpt":{"rendered":"Ce mardi, pas de rentr&eacute;e scolaire pour les &eacute;l&egrave;ves de l&rsquo;&eacute;cole &eacute;l&eacute;mentaire publique Sinoncelli, &agrave; Marseille (14e). Les instituteurs et institutrices de l&rsquo;&eacute;tablissement ont &#8230;","protected":false},"author":1,"featured_media":40864,"comment_status":"open","ping_status":"open","sticky":false,"template":"","format":"standard","meta":{"footnotes":""},"categories":[918,3926,3925,20],"tags":[977,803,412,805,5921,16,712],"news-destination":[3944],"news-source":[475],"is_homepage":[],"ta_other":[],"class_list":["post-40863","post","type-post","status-publish","format-standard","has-post-thumbnail","hentry","category-accueil","category-accueil-merge","category-accueil-third","category-societe","tag-classes","tag-ecole","tag-eleves","tag-enseignants","tag-manque-de-places","tag-marseille","tag-rentree-scolaire","news-destination-homepage","news-source-website"],"_links":{"self":[{"href":"https:\/\/euapp01.newsmemory.com\/lamarseillaise\/news\/wp-json\/wp\/v2\/posts\/40863","targetHints":{"allow":["GET"]}}],"collection":[{"href":"https:\/\/euapp01.newsmemory.com\/lamarseillaise\/news\/wp-json\/wp\/v2\/posts"}],"about":[{"href":"https:\/\/euapp01.newsmemory.com\/lamarseillaise\/news\/wp-json\/wp\/v2\/types\/post"}],"author":[{"embeddable":true,"href":"https:\/\/euapp01.newsmemory.com\/lamarseillaise\/news\/wp-json\/wp\/v2\/users\/1"}],"replies":[{"embeddable":true,"href":"https:\/\/euapp01.newsmemory.com\/lamarseillaise\/news\/wp-json\/wp\/v2\/comments?post=40863"}],"version-history":[{"count":2,"href":"https:\/\/euapp01.newsmemory.com\/lamarseillaise\/news\/wp-json\/wp\/v2\/posts\/40863\/revisions"}],"predecessor-version":[{"id":40911,"href":"https:\/\/euapp01.newsmemory.com\/lamarseillaise\/news\/wp-json\/wp\/v2\/posts\/40863\/revisions\/40911"}],"wp:featuredmedia":[{"embeddable":true,"href":"https:\/\/euapp01.newsmemory.com\/lamarseillaise\/news\/wp-json\/wp\/v2\/media\/40864"}],"wp:attachment":[{"href":"https:\/\/euapp01.newsmemory.com\/lamarseillaise\/news\/wp-json\/wp\/v2\/media?parent=40863"}],"wp:term":[{"taxonomy":"category","embeddable":true,"href":"https:\/\/euapp01.newsmemory.com\/lamarseillaise\/news\/wp-json\/wp\/v2\/categories?post=40863"},{"taxonomy":"post_tag","embeddable":true,"href":"https:\/\/euapp01.newsmemory.com\/lamarseillaise\/news\/wp-json\/wp\/v2\/tags?post=40863"},{"taxonomy":"news-destination","embeddable":true,"href":"https:\/\/euapp01.newsmemory.com\/lamarseillaise\/news\/wp-json\/wp\/v2\/news-destination?post=40863"},{"taxonomy":"news-source","embeddable":true,"href":"https:\/\/euapp01.newsmemory.com\/lamarseillaise\/news\/wp-json\/wp\/v2\/news-source?post=40863"},{"taxonomy":"is_homepage","embeddable":true,"href":"https:\/\/euapp01.newsmemory.com\/lamarseillaise\/news\/wp-json\/wp\/v2\/is_homepage?post=40863"},{"taxonomy":"ta_other","embeddable":true,"href":"https:\/\/euapp01.newsmemory.com\/lamarseillaise\/news\/wp-json\/wp\/v2\/ta_other?post=40863"}],"curies":[{"name":"wp","href":"https:\/\/api.w.org\/{rel}","templated":true}]}}