{"id":40860,"date":"2026-08-31T07:33:00","date_gmt":"2026-08-31T05:33:00","guid":{"rendered":"https:\/\/euapp01.newsmemory.com\/lamarseillaise\/news\/?p=40860"},"modified":"2026-08-31T10:35:44","modified_gmt":"2026-08-31T08:35:44","slug":"entretien-notre-volonteest-detre-inclusif-pour-tous-les-types-de-handicap","status":"publish","type":"post","link":"https:\/\/euapp01.newsmemory.com\/lamarseillaise\/news\/2026\/08\/31\/entretien-notre-volonteest-detre-inclusif-pour-tous-les-types-de-handicap\/","title":{"rendered":"[Entretien] \u00ab&nbsp;Notre volont\u00e9est d\u2019\u00eatre inclusif pour tous les types de handicap&nbsp;\u00bb"},"content":{"rendered":"<div class=\"paragraph\">\n<p><b>La Marseillaise<\/b><b>\u00a0<\/b><b>:<\/b><b> En 2026, vous avez obtenu le label Tourisme et Handicap. Qu\u2019a-t-il permis dans la prise en charge des personnes en situation de handicap <br \/>\u00e0 la mer<\/b><b>\u00a0<\/b><b>?<\/b><\/p>\n<p>Sophie Gu\u00e9rard\u00a0: Ils nous ont guid\u00e9s dans les \u00e9quipements \u00e0 mettre en place et de mon c\u00f4t\u00e9, j\u2019ai rencontr\u00e9 les usagers et les associations afin de conna\u00eetre leurs besoins. Aujourd\u2019hui, notre volont\u00e9 c\u2019est d\u2019\u00eatre inclusifs pour tout type de handicap, donc on a diff\u00e9rentes prises en charge. Si vous \u00eates en perte de mobilit\u00e9, c\u2019est essentiellement de l\u2019aide humaine, puis le tapis rigide pos\u00e9 sur la plage permet d\u2019aller jusqu\u2019\u00e0 l\u2019eau sans s\u2019enfoncer dans le sable. Pour les utilisateurs de fauteuil roulant, il y a l\u2019hippocampe quand le handicap est l\u00e9ger. Il permet de s\u2019immerger, puis la personne peut se lever gr\u00e2ce \u00e0 la l\u00e9g\u00e8ret\u00e9 qu\u2019apporte l\u2019eau. Si le handicap moteur est plus lourd, c\u2019est le tiralo qui va \u00eatre utilis\u00e9. Il flotte et permet donc de se baigner. Pour les personnes d\u00e9ficientes visuelles, on a un dispositif qui \u00e9met des sons afin de savoir quand on s\u2019\u00e9loigne de la plage. C\u2019est un dispositif mobile qu\u2019on installe sur demande.<\/p>\n<p><b>\u00ab<\/b><b>\u00a0<\/b><b>\u00c0 nous la mer<\/b><b>\u00a0<\/b><b>\u00bb a \u00e9t\u00e9 lanc\u00e9 en 2022 \u00e0 la Pointe Rouge. Quel bilan en tirez-vous aujourd\u2019hui<\/b><b>\u00a0<\/b><b>? Envisagez-vous d\u2019\u00e9tendre le dispositif en dehors de la saison estivale<\/b><b>\u00a0<\/b><b>? <\/b><\/p>\n<p>S.G.\u00a0: L\u2019ann\u00e9e derni\u00e8re, on a tent\u00e9 septembre et on a eu tr\u00e8s peu de fr\u00e9quentation. C\u2019est un dispositif tr\u00e8s co\u00fbteux donc cette ann\u00e9e, on a pr\u00e9f\u00e9r\u00e9 se concentrer sur les moments o\u00f9 on a vraiment du public. Le budget \u00ab\u00a0\u00c0 nous la mer\u00a0\u00bb est de 360\u00a0000\u00a0euros pour cette saison. On a concentr\u00e9 les efforts sur juin, juillet et ao\u00fbt, avec une augmentation de fr\u00e9quentation tr\u00e8s importante par rapport \u00e0 l\u2019ann\u00e9e derni\u00e8re. En juin, on a fait 76% d\u2019augmentation avec 172 utilisateurs sur les trois plages, particuliers et \u00e9tablissements confondus. En juillet, on a eu une augmentation de 300% avec 623\u00a0personnes qui ont b\u00e9n\u00e9fici\u00e9 du dispositif. On n\u2019a que des retours positifs, les gens sont contents de pouvoir se baigner et aussi de pouvoir venir en groupe. Les saisonniers qui les accueillent sont form\u00e9s au levage, au transfert, \u00e0 la prise en charge des diff\u00e9rents types de handicap. La plupart sont des \u00e9tudiants, une grande partie en \u00e9cole de kin\u00e9. Ils font \u00e7a sur plusieurs ann\u00e9es, donc ils sont vraiment investis sur le sujet. Les agents peuvent rester dans l\u2019eau et donner leur main pendant 40\u00a0minutes si besoin. J\u2019\u00e9tais pr\u00e9sente lors d\u2019une visite d\u2019un IME \u00e0 Corbi\u00e8re en juillet. Ils \u00e9taient douze adolescents en situation de handicap. Ils ont \u00e9t\u00e9 accompagn\u00e9s au cas par cas dans l\u2019eau. C\u2019est rassurant pour eux d\u2019\u00eatre accompagn\u00e9s humainement, sinon, ils ne se baignent pas. Cet \u00e9t\u00e9, on s\u2019est aussi rendu compte, que ceux qui viennent pour la premi\u00e8re fois se r\u00e9galent et reviennent. Par exemple, une dame de 93\u00a0ans qui est venue en juillet avec sa petite-fille, en partant, elle a dit\u00a0: \u00ab\u00a0<i>Je vais venir tous les jours.<\/i><i>\u00a0<\/i>\u00bb<\/p>\n<p><b>Aujourd\u2019hui, seulement trois plages sont \u00e9quip\u00e9es pour tout <br \/>le littoral marseillais, d\u2019autres ouvertures sont-elles pr\u00e9vues<\/b><b>\u00a0<\/b><b>?<\/b><\/p>\n<p>S.G.\u00a0: On tente de mettre \u00e0 disposition gratuitement toutes les aides dont les personnes en situation de handicap ont besoin pour pouvoir se baigner comme tout le monde. Pour l\u2019instant, on est sur ces trois plages-l\u00e0 parce qu\u2019il y a \u00e9norm\u00e9ment de contraintes pour installer le dispositif et qu\u2019on a pu le faire que sur ces plages. Il faut qu\u2019il y ait un parking PMR, que ce soit facile d\u2019aller jusqu\u2019au dispositif, que ce soit des plages surveill\u00e9es&#8230; Pour l\u2019instant, on se concentre sur ces trois-l\u00e0 et on va renforcer leur capacit\u00e9 d\u2019accueil au vu de la fr\u00e9quentation importante de cet \u00e9t\u00e9.<\/p>\n<p><b>Une fois \u00e0 la plage, l\u2019acc\u00e8s est pens\u00e9 pour les personnes en situation de handicap, mais ce n\u2019est pas toujours le cas pour les transports en commun qui y m\u00e8nent. Est-ce un sujet sur lequel vous travaillez<\/b><b>\u00a0<\/b><b>?<\/b><\/p>\n<p>S.G.\u00a0: On sait que c\u2019est \u00e9minemment compliqu\u00e9 quand on est une personne en situation de handicap moteur d\u2019utiliser les transports en commun aujourd\u2019hui. C\u2019est un des axes d\u2019am\u00e9lioration prioritaire. On a d\u00e9j\u00e0 fait une r\u00e9union sur ce sujet avec Samia Ghali, la pr\u00e9sidente de la RTM, pour mettre Mobil M\u00e9tropole en corr\u00e9lation avec le dispositif \u00ab\u00a0\u00c0 nous la mer\u00a0\u00bb pour l\u2019\u00e9t\u00e9 prochain.<\/p>\n<p>Entretien r\u00e9alis\u00e9 <br \/>par Andr\u00e9a Goyard de Castro<\/p>\n<\/p><\/div>\n","protected":false},"excerpt":{"rendered":"La Marseillaise&nbsp;: En 2026, vous avez obtenu le label Tourisme et Handicap. Qu&rsquo;a-t-il permis dans la prise en charge des personnes en situation de handicap &agrave; la mer&nbsp;?","protected":false},"author":1,"featured_media":40861,"comment_status":"open","ping_status":"open","sticky":false,"template":"","format":"standard","meta":{"footnotes":""},"categories":[918,3926,3925,20],"tags":[67,1754,336,1140,1066,979,109,16,85,1385,1745,3694,4952,2471,1698,347,818],"news-destination":[3944],"news-source":[475],"is_homepage":[],"ta_other":[],"class_list":["post-40860","post","type-post","status-publish","format-standard","has-post-thumbnail","hentry","category-accueil","category-accueil-merge","category-accueil-third","category-societe","tag-baignade","tag-equipements","tag-ete","tag-groupe","tag-handicap","tag-label","tag-littoral","tag-marseille","tag-mer","tag-mobilite","tag-parking","tag-plage","tag-pmr","tag-prise-en-charge","tag-saison-estivale","tag-tourisme","tag-transports-en-commun","news-destination-homepage","news-source-website"],"_links":{"self":[{"href":"https:\/\/euapp01.newsmemory.com\/lamarseillaise\/news\/wp-json\/wp\/v2\/posts\/40860","targetHints":{"allow":["GET"]}}],"collection":[{"href":"https:\/\/euapp01.newsmemory.com\/lamarseillaise\/news\/wp-json\/wp\/v2\/posts"}],"about":[{"href":"https:\/\/euapp01.newsmemory.com\/lamarseillaise\/news\/wp-json\/wp\/v2\/types\/post"}],"author":[{"embeddable":true,"href":"https:\/\/euapp01.newsmemory.com\/lamarseillaise\/news\/wp-json\/wp\/v2\/users\/1"}],"replies":[{"embeddable":true,"href":"https:\/\/euapp01.newsmemory.com\/lamarseillaise\/news\/wp-json\/wp\/v2\/comments?post=40860"}],"version-history":[{"count":1,"href":"https:\/\/euapp01.newsmemory.com\/lamarseillaise\/news\/wp-json\/wp\/v2\/posts\/40860\/revisions"}],"predecessor-version":[{"id":40862,"href":"https:\/\/euapp01.newsmemory.com\/lamarseillaise\/news\/wp-json\/wp\/v2\/posts\/40860\/revisions\/40862"}],"wp:featuredmedia":[{"embeddable":true,"href":"https:\/\/euapp01.newsmemory.com\/lamarseillaise\/news\/wp-json\/wp\/v2\/media\/40861"}],"wp:attachment":[{"href":"https:\/\/euapp01.newsmemory.com\/lamarseillaise\/news\/wp-json\/wp\/v2\/media?parent=40860"}],"wp:term":[{"taxonomy":"category","embeddable":true,"href":"https:\/\/euapp01.newsmemory.com\/lamarseillaise\/news\/wp-json\/wp\/v2\/categories?post=40860"},{"taxonomy":"post_tag","embeddable":true,"href":"https:\/\/euapp01.newsmemory.com\/lamarseillaise\/news\/wp-json\/wp\/v2\/tags?post=40860"},{"taxonomy":"news-destination","embeddable":true,"href":"https:\/\/euapp01.newsmemory.com\/lamarseillaise\/news\/wp-json\/wp\/v2\/news-destination?post=40860"},{"taxonomy":"news-source","embeddable":true,"href":"https:\/\/euapp01.newsmemory.com\/lamarseillaise\/news\/wp-json\/wp\/v2\/news-source?post=40860"},{"taxonomy":"is_homepage","embeddable":true,"href":"https:\/\/euapp01.newsmemory.com\/lamarseillaise\/news\/wp-json\/wp\/v2\/is_homepage?post=40860"},{"taxonomy":"ta_other","embeddable":true,"href":"https:\/\/euapp01.newsmemory.com\/lamarseillaise\/news\/wp-json\/wp\/v2\/ta_other?post=40860"}],"curies":[{"name":"wp","href":"https:\/\/api.w.org\/{rel}","templated":true}]}}