{"id":40856,"date":"2026-08-31T07:20:00","date_gmt":"2026-08-31T05:20:00","guid":{"rendered":"https:\/\/euapp01.newsmemory.com\/lamarseillaise\/news\/?p=40856"},"modified":"2026-08-31T12:46:14","modified_gmt":"2026-08-31T10:46:14","slug":"marseille-se-souvient-de-sa-liberation-82-ans-apres","status":"publish","type":"post","link":"https:\/\/euapp01.newsmemory.com\/lamarseillaise\/news\/2026\/08\/31\/marseille-se-souvient-de-sa-liberation-82-ans-apres\/","title":{"rendered":"Marseille se souvient de sa Lib\u00e9ration, 82 ans apr\u00e8s"},"content":{"rendered":"<div class=\"paragraph\">\n<p>Vives \u00e9motions et souvenirs poignants, ce dimanche matin au pied de l\u2019embl\u00e9matique char Jeanne d\u2019Arc, sur la place du Colonel Edon \u00e0 Marseille, pour la comm\u00e9moration du 82<sup>e<\/sup>\u00a0anniversaire de la Lib\u00e9ration de la ville.<\/p>\n<p>Anciens combattants de l\u2019arm\u00e9e fran\u00e7aise, jeunes porteurs de drapeaux, cadets des marins-pompiers, \u00e9lus municipaux, s\u00e9nateurs, d\u00e9put\u00e9s ou encore repr\u00e9sentants de l\u2019\u00c9tat ont tous rendu hommage \u00ab\u00a0<i>aux courageux lib\u00e9rateurs de Marseille<\/i><i>\u00a0<\/i>\u00bb. <i>Le Chant des partisans<\/i> comme <i>la<\/i><i>\u00a0<\/i><i>Marseillaise<\/i> ont accompagn\u00e9 les d\u00e9p\u00f4ts de gerbes devant le v\u00e9hicule blind\u00e9 qui symbolise les sacrifices des diff\u00e9rents r\u00e9giments de tirailleurs alg\u00e9riens, des tabors marocains et des forces de la R\u00e9sistance pour la Lib\u00e9ration du joug nazi.<\/p>\n<p>Avant une lecture de l\u2019historique des combats pour lib\u00e9rer la ville par Elyah \u00c9tienne, \u00e9l\u00e8ve de l\u2019\u00e9cole des porte-drapeaux de Marseille. Une mani\u00e8re de se replonger dans la journ\u00e9e du 28\u00a0ao\u00fbt 1944. \u00ab\u00a0<i>C\u2019est important d\u2019\u00eatre l\u00e0 pour rappeler ce qu\u2019a co\u00fbt\u00e9 la Lib\u00e9ration de la ville et du pays<\/i><i>\u00a0<\/i>\u00bb, insiste Anthony Gon\u00e7alves, adjoint communiste au maire de Marseille en charge de la sant\u00e9.<\/p>\n<\/p><\/div>\n<div class=\"intext\"> \u00ab\u00a0Une r\u00e9sonance particuli\u00e8re\u00a0\u00bb\n              <\/div>\n<div class=\"paragraph\">\n<p>Il d\u00e9nonce surtout la pr\u00e9sence de plusieurs \u00e9lus du Rassemblement national \u00e0 la c\u00e9r\u00e9monie\u00a0: \u00ab\u00a0<i>On ne doit pas s\u2019habituer \u00e0 la pr\u00e9sence d\u2019\u00e9lus d\u2019un parti qui a \u00e9t\u00e9 fond\u00e9 par les h\u00e9ritiers de ceux qui ont \u00e9t\u00e9 battus ce jour-l\u00e0. Ils ne sont pas et ne seront jamais les bienvenus dans ces c\u00e9r\u00e9monies.<\/i>\u00a0\u00bb<\/p>\n<p>Avant de conclure sur le caract\u00e8re inhabituel de cette comm\u00e9moration au regard de l\u2019\u00e9lection pr\u00e9sidentielle \u00e0 venir\u00a0: \u00ab\u00a0<i>Plus que jamais, cette c\u00e9r\u00e9monie a une r\u00e9sonance particuli\u00e8re. On ne peut pas s\u2019emp\u00eacher de penser \u00e0 la prochaine \u00e9ch\u00e9ance \u00e9lectorale \u00bb<\/i>, avec une extr\u00eame droite en embuscade, et encore un combat de haute lutte \u00e0 mener.<\/p>\n<\/p><\/div>\n","protected":false},"excerpt":{"rendered":"Vives &eacute;motions et souvenirs poignants, ce dimanche matin au pied de l&rsquo;embl&eacute;matique char Jeanne d&rsquo;Arc, sur la place du Colonel Edon &agrave; Marseille, pour la comm&eacute;moration du 82e&nbsp;anniversaire de la &#8230;","protected":false},"author":1,"featured_media":40857,"comment_status":"open","ping_status":"open","sticky":false,"template":"","format":"standard","meta":{"footnotes":""},"categories":[3926,3924,330,20],"tags":[2508,10,2346,389,1647,752,2799,16,677,1729,2915,99],"news-destination":[3944],"news-source":[475],"is_homepage":[],"ta_other":[],"class_list":["post-40856","post","type-post","status-publish","format-standard","has-post-thumbnail","hentry","category-accueil-merge","category-accueil-second","category-politique","category-societe","tag-anthony-goncalves","tag-bouches-du-rhone","tag-ceremonie","tag-hommage","tag-liberation","tag-maire","tag-marins-pompiers","tag-marseille","tag-presidentielle","tag-resistance","tag-souvenirs","tag-ville-de-marseille","news-destination-homepage","news-source-website"],"_links":{"self":[{"href":"https:\/\/euapp01.newsmemory.com\/lamarseillaise\/news\/wp-json\/wp\/v2\/posts\/40856","targetHints":{"allow":["GET"]}}],"collection":[{"href":"https:\/\/euapp01.newsmemory.com\/lamarseillaise\/news\/wp-json\/wp\/v2\/posts"}],"about":[{"href":"https:\/\/euapp01.newsmemory.com\/lamarseillaise\/news\/wp-json\/wp\/v2\/types\/post"}],"author":[{"embeddable":true,"href":"https:\/\/euapp01.newsmemory.com\/lamarseillaise\/news\/wp-json\/wp\/v2\/users\/1"}],"replies":[{"embeddable":true,"href":"https:\/\/euapp01.newsmemory.com\/lamarseillaise\/news\/wp-json\/wp\/v2\/comments?post=40856"}],"version-history":[{"count":1,"href":"https:\/\/euapp01.newsmemory.com\/lamarseillaise\/news\/wp-json\/wp\/v2\/posts\/40856\/revisions"}],"predecessor-version":[{"id":40858,"href":"https:\/\/euapp01.newsmemory.com\/lamarseillaise\/news\/wp-json\/wp\/v2\/posts\/40856\/revisions\/40858"}],"wp:featuredmedia":[{"embeddable":true,"href":"https:\/\/euapp01.newsmemory.com\/lamarseillaise\/news\/wp-json\/wp\/v2\/media\/40857"}],"wp:attachment":[{"href":"https:\/\/euapp01.newsmemory.com\/lamarseillaise\/news\/wp-json\/wp\/v2\/media?parent=40856"}],"wp:term":[{"taxonomy":"category","embeddable":true,"href":"https:\/\/euapp01.newsmemory.com\/lamarseillaise\/news\/wp-json\/wp\/v2\/categories?post=40856"},{"taxonomy":"post_tag","embeddable":true,"href":"https:\/\/euapp01.newsmemory.com\/lamarseillaise\/news\/wp-json\/wp\/v2\/tags?post=40856"},{"taxonomy":"news-destination","embeddable":true,"href":"https:\/\/euapp01.newsmemory.com\/lamarseillaise\/news\/wp-json\/wp\/v2\/news-destination?post=40856"},{"taxonomy":"news-source","embeddable":true,"href":"https:\/\/euapp01.newsmemory.com\/lamarseillaise\/news\/wp-json\/wp\/v2\/news-source?post=40856"},{"taxonomy":"is_homepage","embeddable":true,"href":"https:\/\/euapp01.newsmemory.com\/lamarseillaise\/news\/wp-json\/wp\/v2\/is_homepage?post=40856"},{"taxonomy":"ta_other","embeddable":true,"href":"https:\/\/euapp01.newsmemory.com\/lamarseillaise\/news\/wp-json\/wp\/v2\/ta_other?post=40856"}],"curies":[{"name":"wp","href":"https:\/\/api.w.org\/{rel}","templated":true}]}}