{"id":40853,"date":"2026-08-31T09:08:00","date_gmt":"2026-08-31T07:08:00","guid":{"rendered":"https:\/\/euapp01.newsmemory.com\/lamarseillaise\/news\/?p=40853"},"modified":"2026-08-31T10:35:44","modified_gmt":"2026-08-31T08:35:44","slug":"lusine-de-fibre-excellence-toujours-protegee-par-ses-salaries","status":"publish","type":"post","link":"https:\/\/euapp01.newsmemory.com\/lamarseillaise\/news\/2026\/08\/31\/lusine-de-fibre-excellence-toujours-protegee-par-ses-salaries\/","title":{"rendered":"\u00c0 Tarascon, l\u2019usine de Fibre Excellence toujours prot\u00e9g\u00e9e par ses salari\u00e9s"},"content":{"rendered":"<div class=\"paragraph\">\n<p>L<i>a garantie de s\u00e9curit\u00e9 du site d\u00e9pend des salari\u00e9s<\/i><i>\u00a0<\/i><i>!<\/i><i>\u00a0<\/i>\u00bb Ce dimanche, Jean-Michel Bulinge, d\u00e9l\u00e9gu\u00e9 syndical CGT du site, r\u00e9affirme la volont\u00e9 des travailleurs de Fibre Excellence de poursuivre la mise sous protection du site le temps n\u00e9cessaire \u00e0 sa s\u00e9curisation compl\u00e8te.<\/p>\n<p>Pour rappel, apr\u00e8s sa liquidation judiciaire c\u2019est un mandataire judiciaire qui a pris la main sur la gestion de l\u2019usine de p\u00e2te \u00e0 papier, et le site devait officiellement fermer, vendredi 28\u00a0ao\u00fbt, avec la fin du contrat de travail des salari\u00e9s. Mais nombreux sont les travailleurs qui s\u2019inqui\u00e9taient de la mani\u00e8re dont la transition allait se faire et pointaient des risques industriels (<a href=\"https:\/\/www.lamarseillaise.fr\/social\/fibre-excellence-la-fermeture-sous-tension-d-un-site-seveso-IG20628066\">lire nos articles du 29\/08<\/a> <a href=\"https:\/\/www.lamarseillaise.fr\/social\/exclusif-les-salaries-de-fibre-excellence-en-appellent-a-la-police-de-l-environnement-AG20622345\">et du 27\/08<\/a>) pour le site class\u00e9 Seveso. \u00ab\u00a0<i>On veut tout faire pour \u00e9viter un d\u00e9versement accidentel de produits chimiques dans le Rh\u00f4ne, un incendie ou autre&#8230; Il faut donc que les mesures n\u00e9cessaires pour maintenir l\u2019int\u00e9grit\u00e9 du site soient prises avec les concern\u00e9s<\/i><i>\u00a0<\/i>\u00bb, rappelle Jean-Michel Bulinge.<\/p>\n<p>D\u2019o\u00f9 des tensions avec le mandataire judiciaire la semaine pass\u00e9e, jusqu\u2019\u00e0 un gros coup de chaud le jour de la fermeture o\u00f9 la Direction r\u00e9gionale de l\u2019environnement, de l\u2019am\u00e9nagement et du logement (Dreal) est venue constater la situation. \u00ab\u00a0<i>On conna\u00eet le site comme personne. Il y a de l\u2019acide, de la soude, des produits alcalins, des bact\u00e9ries, de l\u2019acide phosphorique pour le traitement des eaux dans les bassins d\u2019a\u00e9ration&#8230; On leur demande le temps de s\u00e9curiser avec notre expertise<\/i>\u00a0\u00bb, expliquait, ce vendredi, Yohan, op\u00e9rateur aux 24\u00a0ans d\u2019usine.<\/p>\n<\/p><\/div>\n<div class=\"intext\"> \u00ab\u00a0L\u2019arr\u00eat\u00e9 pr\u00e9fectoral<br \/>\n               <br \/>nous donne raison\u00a0\u00bb\n              <\/div>\n<div class=\"paragraph\">\n<p>Et visiblement, les travailleurs n\u2019\u00e9taient pas dans le faux puisque la pr\u00e9fecture des Bouches-du-Rh\u00f4ne s\u2019est fendue d\u2019un arr\u00eat\u00e9 in\u00e9dit dans la foul\u00e9e de la visite des services de l\u2019\u00c9tat. Cet arr\u00eat\u00e9 prescrit \u00ab\u00a0<i>des mesures d\u2019urgence<\/i>\u00a0\u00bb \u00e0 l\u2019adresse du mandataire-liquidateur. Ce dernier, que <i>La<\/i><i>\u00a0<\/i><i>Marseillaise<\/i> a pu consulter<i>,<\/i> constate que \u00ab<i>\u00a0<\/i><i>la mise en s\u00e9curit\u00e9 du site n\u2019a pas \u00e9t\u00e9 initi\u00e9e<\/i>\u00a0\u00bb par ledit mandataire et \u00ab<i>\u00a0<\/i><i>qu\u2019il convient de maintenir au-del\u00e0 du 28 ao\u00fbt 2026 une pr\u00e9sence humaine adapt\u00e9e sur site<\/i>\u00a0\u00bb.<\/p>\n<p>Plus que \u00e7a, la pr\u00e9fecture va dans le sens de la CGT et tacle l\u2019action du mandataire\u00a0: \u00ab\u00a0<i>Le liquidateur est mis en demeure d\u2019assurer la surveillance du site et le maintien des dispositifs de s\u00e9curit\u00e9 <\/i>[&#8230;]<i> sur la base d\u2019une organisation comprenant [&#8230;] l\u2019\u00e9quipe propos\u00e9e par la CGT.<\/i>\u00a0\u00bb En clair, les salari\u00e9s ont pu rester tout le week-end sur l\u2019usine, comme le pr\u00e9conisait l\u2019organisation syndicale. \u00ab\u00a0<i>Cet arr\u00eat\u00e9 est une victoire. Il nous donne raison, on voit bien que l\u2019action du mandataire ne tient pas la route<\/i><i>\u00a0<\/i>\u00bb, r\u00e9agit Jean-Michel Bulinge. \u00ab\u00a0<i>Fermer sans plus de s\u00e9curit\u00e9 c\u2019est de l\u2019inconscience&#8230; L\u2019arr\u00eat, \u00e7a ne se fait pas en un claquement de doigts. On n\u2019arr\u00eate pas une usine \u00e0 papier comme une boulangerie<\/i><i>\u00a0<\/i><i>\u00bb<\/i>, abonde Ja\u00efr Flor-Pachi, d\u00e9l\u00e9gu\u00e9 FO et m\u00e9canicien atelier qui est entr\u00e9 \u00e0 Fibre Excellence en 2003 en int\u00e9rim puis salari\u00e9 en 2012.<\/p>\n<\/p><\/div>\n<div class=\"intext\"> \u00ab\u00a0Jusqu\u2019au bout<br \/>\n               <br \/>des op\u00e9rations\u00a0\u00bb\n              <\/div>\n<div class=\"paragraph\">\n<p>D\u2019o\u00f9 un week-end apais\u00e9 avant une nouvelle semaine qui s\u2019annonce charg\u00e9e pour les travailleurs papetiers. \u00ab<i>\u00a0<\/i><i>On a une r\u00e9union ce lundi avec le secr\u00e9taire g\u00e9n\u00e9ral de la pr\u00e9fecture et les repr\u00e9sentants des diff\u00e9rents services de l\u2019\u00c9tat concern\u00e9 par le dossier<\/i><i>\u00a0<\/i>\u00bb, d\u00e9veloppe le syndicaliste. Une rencontre o\u00f9 les enjeux sont grands pour l\u2019avenir du site\u00a0: \u00ab<i>\u00a0<\/i><i>Nous allons demander le maintien des salari\u00e9s sur site, a minima pour les postes n\u00e9cessaires pour qu\u2019il y ait une garantie environnementale et s\u00e9curitaire.<\/i>\u00a0\u00bb Cette revendication concerne une quarantaine de salari\u00e9s. Reste \u00e0 savoir combien de temps cette situation de mise en s\u00e9curit\u00e9 va durer et si la pr\u00e9fecture acc\u00e8de aux demandes des travailleurs. \u00ab\u00a0<i>Dans tous les cas, il faut le maintien des travailleurs jusqu\u2019au bout des op\u00e9rations<\/i><i>\u00a0<\/i>\u00bb, conclut Jean-Michel Bulinge.<\/p>\n<\/p><\/div>\n","protected":false},"excerpt":{"rendered":"La garantie de s&eacute;curit&eacute; du site d&eacute;pend des salari&eacute;s&nbsp;!&nbsp;&raquo; Ce dimanche, Jean-Michel Bulinge, d&eacute;l&eacute;gu&eacute; syndical CGT du site, r&eacute;affirme la volont&eacute; des travailleurs de Fibre &#8230;","protected":false},"author":1,"featured_media":40854,"comment_status":"open","ping_status":"open","sticky":false,"template":"","format":"standard","meta":{"footnotes":""},"categories":[918,3926,3925,331],"tags":[10,113,6328,105,4279,488,1574,16,4281,1107,1911,111,756,88],"news-destination":[3944],"news-source":[475],"is_homepage":[],"ta_other":[],"class_list":["post-40853","post","type-post","status-publish","format-standard","has-post-thumbnail","hentry","category-accueil","category-accueil-merge","category-accueil-third","category-social","tag-bouches-du-rhone","tag-cgt","tag-dreal","tag-fermeture","tag-fibre-excellence","tag-industriels","tag-liquidation-judiciaire","tag-marseille","tag-pate-a-papier","tag-revendication","tag-risques","tag-securite","tag-seveso","tag-surveillance","news-destination-homepage","news-source-website"],"_links":{"self":[{"href":"https:\/\/euapp01.newsmemory.com\/lamarseillaise\/news\/wp-json\/wp\/v2\/posts\/40853","targetHints":{"allow":["GET"]}}],"collection":[{"href":"https:\/\/euapp01.newsmemory.com\/lamarseillaise\/news\/wp-json\/wp\/v2\/posts"}],"about":[{"href":"https:\/\/euapp01.newsmemory.com\/lamarseillaise\/news\/wp-json\/wp\/v2\/types\/post"}],"author":[{"embeddable":true,"href":"https:\/\/euapp01.newsmemory.com\/lamarseillaise\/news\/wp-json\/wp\/v2\/users\/1"}],"replies":[{"embeddable":true,"href":"https:\/\/euapp01.newsmemory.com\/lamarseillaise\/news\/wp-json\/wp\/v2\/comments?post=40853"}],"version-history":[{"count":2,"href":"https:\/\/euapp01.newsmemory.com\/lamarseillaise\/news\/wp-json\/wp\/v2\/posts\/40853\/revisions"}],"predecessor-version":[{"id":40914,"href":"https:\/\/euapp01.newsmemory.com\/lamarseillaise\/news\/wp-json\/wp\/v2\/posts\/40853\/revisions\/40914"}],"wp:featuredmedia":[{"embeddable":true,"href":"https:\/\/euapp01.newsmemory.com\/lamarseillaise\/news\/wp-json\/wp\/v2\/media\/40854"}],"wp:attachment":[{"href":"https:\/\/euapp01.newsmemory.com\/lamarseillaise\/news\/wp-json\/wp\/v2\/media?parent=40853"}],"wp:term":[{"taxonomy":"category","embeddable":true,"href":"https:\/\/euapp01.newsmemory.com\/lamarseillaise\/news\/wp-json\/wp\/v2\/categories?post=40853"},{"taxonomy":"post_tag","embeddable":true,"href":"https:\/\/euapp01.newsmemory.com\/lamarseillaise\/news\/wp-json\/wp\/v2\/tags?post=40853"},{"taxonomy":"news-destination","embeddable":true,"href":"https:\/\/euapp01.newsmemory.com\/lamarseillaise\/news\/wp-json\/wp\/v2\/news-destination?post=40853"},{"taxonomy":"news-source","embeddable":true,"href":"https:\/\/euapp01.newsmemory.com\/lamarseillaise\/news\/wp-json\/wp\/v2\/news-source?post=40853"},{"taxonomy":"is_homepage","embeddable":true,"href":"https:\/\/euapp01.newsmemory.com\/lamarseillaise\/news\/wp-json\/wp\/v2\/is_homepage?post=40853"},{"taxonomy":"ta_other","embeddable":true,"href":"https:\/\/euapp01.newsmemory.com\/lamarseillaise\/news\/wp-json\/wp\/v2\/ta_other?post=40853"}],"curies":[{"name":"wp","href":"https:\/\/api.w.org\/{rel}","templated":true}]}}