{"id":40850,"date":"2026-08-31T07:21:00","date_gmt":"2026-08-31T05:21:00","guid":{"rendered":"https:\/\/euapp01.newsmemory.com\/lamarseillaise\/news\/?p=40850"},"modified":"2026-08-31T10:09:48","modified_gmt":"2026-08-31T08:09:48","slug":"des-bikers-manifestent-pour-le-peuple-palestinien","status":"publish","type":"post","link":"https:\/\/euapp01.newsmemory.com\/lamarseillaise\/news\/2026\/08\/31\/des-bikers-manifestent-pour-le-peuple-palestinien\/","title":{"rendered":"Des bikers manifestent pour le peuple palestinien"},"content":{"rendered":"<div class=\"paragraph\">\n<p>La traditionnelle manifestation en soutien \u00e0 Gaza, qui se d\u00e9roule habituellement tous les samedis au d\u00e9part de la porte d\u2019Aix \u00e0 Marseille, a pris une tournure in\u00e9dite ce week-end.<\/p>\n<p>Car si le cort\u00e8ge s\u2019est \u00e9lanc\u00e9 dans les rues de la cit\u00e9 phoc\u00e9enne comme \u00e0 l\u2019accoutum\u00e9e, au son de \u00ab\u00a0<i>Gaza, Marseille est avec toi<\/i>\u00a0\u00bb, il a cette fois pris la direction du Mucem. Lieu o\u00f9 il a retrouv\u00e9 une v\u00e9ritable nu\u00e9e de motards arborant des drapeaux palestiniens. Ces derniers \u00e9taient plus d\u2019une centaine et r\u00e9unis sous la banni\u00e8re des Samura\u00ef Riders, un collectif de motards habitu\u00e9s aux actions de solidarit\u00e9 regroupant des aficionados de moto venus des quatre coins de la France mais aussi de Belgique.<\/p>\n<\/p><\/div>\n<div class=\"intext\"> Cha\u00eene humaine et impressionnant d\u00e9fil\u00e9\n              <\/div>\n<div class=\"paragraph\">\n<p>Sous la houlette du collectif \u00e0 l\u2019origine de cette manifestation in\u00e9dite, Union pour la Palestine Marseille (UPM), la jonction des deux cort\u00e8ges a permis de faire une cha\u00eene humaine reproduisant l\u2019inscription \u00ab\u00a0Free Palestine\u00a0\u00bb. Les manifestants ont \u00e9galement observ\u00e9 une minute de silence en hommage \u00ab\u00a0<i>aux enfants tu\u00e9s \u00e0 Gaza et en Cisjordanie<\/i>\u00a0\u00bb. \u00ab<i>\u00a0<\/i><i>On compte la mort d\u2019un enfant par jour l\u00e0-bas. Pendant que nous pr\u00e9parons la rentr\u00e9e scolaire de nos enfants, ils pr\u00e9parent des enterrements et le deuil de l\u2019autre c\u00f4t\u00e9 de la M\u00e9diterran\u00e9e<\/i><i>\u00a0<\/i>\u00bb, d\u00e9nonce Fadela, coordinatrice d\u2019UPM.<\/p>\n<p>Apr\u00e8s quelques prises de parole, la nu\u00e9e de motards a finalement pris la route en direction du Vieux-Port avant de prendre la Corniche et de finir \u00e0 la Pointe Rouge. Et autant dire que leurs moteurs ont rugi tout le long trajet, qui s\u2019est fait \u00e0 grands coups de klaxons. De quoi redonner de la visibilit\u00e9, et avec la mani\u00e8re, \u00e0 la cause palestinienne.<\/p>\n<\/p><\/div>\n","protected":false},"excerpt":{"rendered":"La traditionnelle manifestation en soutien &agrave; Gaza, qui se d&eacute;roule habituellement tous les samedis au d&eacute;part de la porte d&rsquo;Aix &agrave; Marseille, a pris une tournure in&eacute;dite ce week-end.Car si le cort&egrave;ge &#8230;","protected":false},"author":1,"featured_media":40851,"comment_status":"open","ping_status":"open","sticky":false,"template":"","format":"standard","meta":{"footnotes":""},"categories":[918,3926,3925,20],"tags":[6338,72,560,16,561,1179,75,76,260,935],"news-destination":[3944],"news-source":[475],"is_homepage":[],"ta_other":[],"class_list":["post-40850","post","type-post","status-publish","format-standard","has-post-thumbnail","hentry","category-accueil","category-accueil-merge","category-accueil-third","category-societe","tag-bikers","tag-gaza","tag-manifestation","tag-marseille","tag-mobilisations","tag-moto","tag-palestine","tag-palestiniens","tag-solidarite","tag-vieux-port","news-destination-homepage","news-source-website"],"_links":{"self":[{"href":"https:\/\/euapp01.newsmemory.com\/lamarseillaise\/news\/wp-json\/wp\/v2\/posts\/40850","targetHints":{"allow":["GET"]}}],"collection":[{"href":"https:\/\/euapp01.newsmemory.com\/lamarseillaise\/news\/wp-json\/wp\/v2\/posts"}],"about":[{"href":"https:\/\/euapp01.newsmemory.com\/lamarseillaise\/news\/wp-json\/wp\/v2\/types\/post"}],"author":[{"embeddable":true,"href":"https:\/\/euapp01.newsmemory.com\/lamarseillaise\/news\/wp-json\/wp\/v2\/users\/1"}],"replies":[{"embeddable":true,"href":"https:\/\/euapp01.newsmemory.com\/lamarseillaise\/news\/wp-json\/wp\/v2\/comments?post=40850"}],"version-history":[{"count":1,"href":"https:\/\/euapp01.newsmemory.com\/lamarseillaise\/news\/wp-json\/wp\/v2\/posts\/40850\/revisions"}],"predecessor-version":[{"id":40852,"href":"https:\/\/euapp01.newsmemory.com\/lamarseillaise\/news\/wp-json\/wp\/v2\/posts\/40850\/revisions\/40852"}],"wp:featuredmedia":[{"embeddable":true,"href":"https:\/\/euapp01.newsmemory.com\/lamarseillaise\/news\/wp-json\/wp\/v2\/media\/40851"}],"wp:attachment":[{"href":"https:\/\/euapp01.newsmemory.com\/lamarseillaise\/news\/wp-json\/wp\/v2\/media?parent=40850"}],"wp:term":[{"taxonomy":"category","embeddable":true,"href":"https:\/\/euapp01.newsmemory.com\/lamarseillaise\/news\/wp-json\/wp\/v2\/categories?post=40850"},{"taxonomy":"post_tag","embeddable":true,"href":"https:\/\/euapp01.newsmemory.com\/lamarseillaise\/news\/wp-json\/wp\/v2\/tags?post=40850"},{"taxonomy":"news-destination","embeddable":true,"href":"https:\/\/euapp01.newsmemory.com\/lamarseillaise\/news\/wp-json\/wp\/v2\/news-destination?post=40850"},{"taxonomy":"news-source","embeddable":true,"href":"https:\/\/euapp01.newsmemory.com\/lamarseillaise\/news\/wp-json\/wp\/v2\/news-source?post=40850"},{"taxonomy":"is_homepage","embeddable":true,"href":"https:\/\/euapp01.newsmemory.com\/lamarseillaise\/news\/wp-json\/wp\/v2\/is_homepage?post=40850"},{"taxonomy":"ta_other","embeddable":true,"href":"https:\/\/euapp01.newsmemory.com\/lamarseillaise\/news\/wp-json\/wp\/v2\/ta_other?post=40850"}],"curies":[{"name":"wp","href":"https:\/\/api.w.org\/{rel}","templated":true}]}}