{"id":40844,"date":"2026-08-30T20:33:00","date_gmt":"2026-08-30T18:33:00","guid":{"rendered":"https:\/\/euapp01.newsmemory.com\/lamarseillaise\/news\/?p=40844"},"modified":"2026-08-31T08:38:18","modified_gmt":"2026-08-31T06:38:18","slug":"hommage-a-jean-claude-cheinet-et-ses-combats","status":"publish","type":"post","link":"https:\/\/euapp01.newsmemory.com\/lamarseillaise\/news\/2026\/08\/30\/hommage-a-jean-claude-cheinet-et-ses-combats\/","title":{"rendered":"Hommage \u00e0 Jean-Claude Cheinet et ses combats"},"content":{"rendered":"<div class=\"paragraph\">\n<p>\u00ab <i>C<\/i><i>\u2019est avec une profonde tristesse que nous apprenons la disparition de notre camarade<\/i><i>\u00a0<\/i>\u00bb, d\u00e9clare la f\u00e9d\u00e9ration du Parti communiste fran\u00e7ais des Bouches-du-Rh\u00f4ne, ce dimanche. \u00ab\u00a0<i>Communiste engag\u00e9 de longue date, g\u00e9ographe, ancien adjoint au maire de Martigues d\u00e8s 1989, Jean-Claude aura consacr\u00e9 une grande partie de sa vie au service de l\u2019int\u00e9r\u00eat g\u00e9n\u00e9ral, de son territoire et des combats qu\u2019il portait avec conviction<\/i>\u00a0\u00bb, rappelle-t-elle.<\/p>\n<\/p><\/div>\n<div class=\"intext\"> L\u2019\u00e9cologie avant l\u2019heure\n              <\/div>\n<div class=\"paragraph\">\n<p>\u00ab\u00a0<i>Ce militant infatigable des questions environnementales, membre de la commission nationale \u00c9cologie du PCF, aura beaucoup \u0153uvr\u00e9 pour faire avancer une \u00e9cologie populaire, indissociable \u00e0 ses yeux des enjeux sociaux et industriels<\/i><i>\u00a0<\/i>\u00bb, notamment dans le pays de Martigues o\u00f9 se retrouvent tant d\u2019enjeux, entre industries, habitants et travailleurs du pourtour de l\u2019\u00e9tang de Berre. Il fut \u00e9galement l\u2019un des fondateurs du MNLE.<\/p>\n<p>\u00ab\u00a0<i>Jean-Claude \u00e9tait de ceux qui ont contribu\u00e9, bien avant que l\u2019urgence \u00e9cologique ne s\u2019impose dans le d\u00e9bat public, \u00e0 faire vivre ces combats au sein de notre parti<\/i><i>\u00a0<\/i>\u00bb, souligne la f\u00e9d\u00e9ration qui \u00ab\u00a0<i>perd un camarade pr\u00e9cieux et profond\u00e9ment engag\u00e9<\/i>\u00a0\u00bb. Et d\u2019adresser ses pens\u00e9es les plus fraternelles \u00e0 sa famille, ses proches et ses camarades, \u00ab\u00a0<i>qui ont partag\u00e9 ses combats<\/i>\u00a0\u00bb. <i>La Marseillaise<\/i> tient \u00e0 adresser aux proches de ce grand ami du journal ses condol\u00e9ances attrist\u00e9es.<\/p>\n<\/p><\/div>\n","protected":false},"excerpt":{"rendered":"&laquo; C&rsquo;est avec une profonde tristesse que nous apprenons la disparition de notre camarade&nbsp;&raquo;, d&eacute;clare la f&eacute;d&eacute;ration du Parti communiste fran&ccedil;ais des Bouches-du-Rh&ocirc;ne, ce dimanche. &#8230;","protected":false},"author":1,"featured_media":40845,"comment_status":"open","ping_status":"open","sticky":false,"template":"","format":"standard","meta":{"footnotes":""},"categories":[918,3926,3925,20],"tags":[10,2742,1434,1456,389,63,1079,1263,250],"news-destination":[3944],"news-source":[475],"is_homepage":[],"ta_other":[],"class_list":["post-40844","post","type-post","status-publish","format-standard","has-post-thumbnail","hentry","category-accueil","category-accueil-merge","category-accueil-third","category-societe","tag-bouches-du-rhone","tag-disparition","tag-ecologie","tag-etang-de-berre","tag-hommage","tag-martigues","tag-militantisme","tag-militants","tag-pcf","news-destination-homepage","news-source-website"],"_links":{"self":[{"href":"https:\/\/euapp01.newsmemory.com\/lamarseillaise\/news\/wp-json\/wp\/v2\/posts\/40844","targetHints":{"allow":["GET"]}}],"collection":[{"href":"https:\/\/euapp01.newsmemory.com\/lamarseillaise\/news\/wp-json\/wp\/v2\/posts"}],"about":[{"href":"https:\/\/euapp01.newsmemory.com\/lamarseillaise\/news\/wp-json\/wp\/v2\/types\/post"}],"author":[{"embeddable":true,"href":"https:\/\/euapp01.newsmemory.com\/lamarseillaise\/news\/wp-json\/wp\/v2\/users\/1"}],"replies":[{"embeddable":true,"href":"https:\/\/euapp01.newsmemory.com\/lamarseillaise\/news\/wp-json\/wp\/v2\/comments?post=40844"}],"version-history":[{"count":1,"href":"https:\/\/euapp01.newsmemory.com\/lamarseillaise\/news\/wp-json\/wp\/v2\/posts\/40844\/revisions"}],"predecessor-version":[{"id":40846,"href":"https:\/\/euapp01.newsmemory.com\/lamarseillaise\/news\/wp-json\/wp\/v2\/posts\/40844\/revisions\/40846"}],"wp:featuredmedia":[{"embeddable":true,"href":"https:\/\/euapp01.newsmemory.com\/lamarseillaise\/news\/wp-json\/wp\/v2\/media\/40845"}],"wp:attachment":[{"href":"https:\/\/euapp01.newsmemory.com\/lamarseillaise\/news\/wp-json\/wp\/v2\/media?parent=40844"}],"wp:term":[{"taxonomy":"category","embeddable":true,"href":"https:\/\/euapp01.newsmemory.com\/lamarseillaise\/news\/wp-json\/wp\/v2\/categories?post=40844"},{"taxonomy":"post_tag","embeddable":true,"href":"https:\/\/euapp01.newsmemory.com\/lamarseillaise\/news\/wp-json\/wp\/v2\/tags?post=40844"},{"taxonomy":"news-destination","embeddable":true,"href":"https:\/\/euapp01.newsmemory.com\/lamarseillaise\/news\/wp-json\/wp\/v2\/news-destination?post=40844"},{"taxonomy":"news-source","embeddable":true,"href":"https:\/\/euapp01.newsmemory.com\/lamarseillaise\/news\/wp-json\/wp\/v2\/news-source?post=40844"},{"taxonomy":"is_homepage","embeddable":true,"href":"https:\/\/euapp01.newsmemory.com\/lamarseillaise\/news\/wp-json\/wp\/v2\/is_homepage?post=40844"},{"taxonomy":"ta_other","embeddable":true,"href":"https:\/\/euapp01.newsmemory.com\/lamarseillaise\/news\/wp-json\/wp\/v2\/ta_other?post=40844"}],"curies":[{"name":"wp","href":"https:\/\/api.w.org\/{rel}","templated":true}]}}